{"id":18363,"date":"2022-06-24T10:37:34","date_gmt":"2022-06-24T13:37:34","guid":{"rendered":"https:\/\/radiorevelacionfm.cl\/?p=18363"},"modified":"2022-06-24T10:37:34","modified_gmt":"2022-06-24T13:37:34","slug":"coordinan-acciones-entre-organismos-de-emergencia-para-dar-una-mejor-respuesta-a-la-comunidad","status":"publish","type":"post","link":"https:\/\/radiorevelacionfm.cl\/?p=18363","title":{"rendered":"Coordinan acciones entre organismos de emergencia para dar una mejor respuesta a la comunidad"},"content":{"rendered":"<div class=\"flex_column av_one_full  flex_column_div av-zero-column-padding first  avia-builder-el-0  el_before_av_one_full  avia-builder-el-first  \" style='border-radius:0px; '><div  class='avia-image-container  av-styling-    avia-builder-el-1  avia-builder-el-no-sibling  avia-align-center '  itemprop=\"image\" itemscope=\"itemscope\" itemtype=\"https:\/\/schema.org\/ImageObject\"  ><div class='avia-image-container-inner'><div class='avia-image-overlay-wrap'><img decoding=\"async\" class='wp-image-18364 avia-img-lazy-loading-not-18364 avia_image' src=\"https:\/\/radiorevelacionfm.cl\/wp-content\/uploads\/2022\/06\/SAMU-Image-2022-06-23-1-1.jpeg\" alt='' title='SAMU Image 2022-06-23 (1) (1)' height=\"600\" width=\"800\"  itemprop=\"thumbnailUrl\" srcset=\"https:\/\/radiorevelacionfm.cl\/wp-content\/uploads\/2022\/06\/SAMU-Image-2022-06-23-1-1.jpeg 800w, https:\/\/radiorevelacionfm.cl\/wp-content\/uploads\/2022\/06\/SAMU-Image-2022-06-23-1-1-300x225.jpeg 300w, https:\/\/radiorevelacionfm.cl\/wp-content\/uploads\/2022\/06\/SAMU-Image-2022-06-23-1-1-768x576.jpeg 768w, https:\/\/radiorevelacionfm.cl\/wp-content\/uploads\/2022\/06\/SAMU-Image-2022-06-23-1-1-705x529.jpeg 705w, https:\/\/radiorevelacionfm.cl\/wp-content\/uploads\/2022\/06\/SAMU-Image-2022-06-23-1-1-600x450.jpeg 600w\" sizes=\"(max-width: 800px) 100vw, 800px\" \/><\/div><\/div><\/div><\/div><div class=\"flex_column av_one_full  flex_column_div av-zero-column-padding first  avia-builder-el-2  el_after_av_one_full  el_before_av_one_full  column-top-margin\" style='border-radius:0px; '><section class=\"av_textblock_section \"  itemscope=\"itemscope\" itemtype=\"https:\/\/schema.org\/BlogPosting\" itemprop=\"blogPost\" ><div class='avia_textblock  '   itemprop=\"text\" ><p style=\"text-align: center;\"><span style=\"font-size: 18pt;\"><b>Coordinan acciones entre organismos de emergencia para dar una mejor respuesta a la comunidad<\/b><\/span><\/p>\n<div id=\"gtx-trans\" style=\"position: absolute; left: -50px; top: 4.31534px;\">\n<div class=\"gtx-trans-icon\"><\/div>\n<\/div>\n<\/div><\/section><\/div><div class=\"flex_column av_one_full  flex_column_div av-zero-column-padding first  avia-builder-el-4  el_after_av_one_full  el_before_av_hr  column-top-margin\" style='border-radius:0px; '><section class=\"av_textblock_section \"  itemscope=\"itemscope\" itemtype=\"https:\/\/schema.org\/BlogPosting\" itemprop=\"blogPost\" ><div class='avia_textblock  '   itemprop=\"text\" ><p style=\"text-align: justify;\">En dependencias del Servicio de Atenci\u00f3n M\u00e9dica de Urgencias (SAMU), en calle Barroso en la ciudad de Coyhaique, se realiz\u00f3 la segunda reuni\u00f3n entre los organismos de primera respuesta ante emergencias como Carabineros, Bomberos y ONEMI.<\/p>\n<p style=\"text-align: justify;\">La idea de estas instancias es que puedan conocer las din\u00e1micas de trabajo de cada uno de los organismos para mejorar la coordinaci\u00f3n entre las instituciones y entregar una mejor respuesta a las necesidades de la comunidad.<\/p>\n<p style=\"text-align: justify;\">\u201cEstas son reuniones informativas, a nivel del sistema ABC que somos los primeros respondedores ante una emergencia. La intenci\u00f3n primaria es que nos podamos conocer, ver las caras y coordinar para tener una mejor respuesta y poder definir cu\u00e1l es el actuar y quehacer de cada una de nuestras instituciones en el quehacer diario de respuesta ante emergencias y desastres\u201d, explic\u00f3 el Doctor Felipe Corsini, Jefe (S) SAMU.<\/p>\n<p style=\"text-align: justify;\">La regi\u00f3n de Ays\u00e9n es la \u00fanica en el pa\u00eds donde todos los organismos de primera respuesta ante una emergencia se encuentran conectados a trav\u00e9s de un sistema radial, lo que permite derivar r\u00e1pidamente llamadas urgentes a la instituci\u00f3n que corresponda.<\/p>\n<p style=\"text-align: justify;\">\u201cEn la regi\u00f3n de Ays\u00e9n tenemos un sistema integral e integrado de telecomunicaciones en sistema de radio VHF ABC, que est\u00e1 instaurado en toda la regi\u00f3n. Orgullosamente podemos decir que somos la \u00fanica regi\u00f3n del pa\u00eds que tiene esto, donde se operativiza todo el sistema ABC; Ambulancias, Bomberos y Carabineros, esto nos permite por ejemplo que, si una llamada ingresa al 133, que para mucha gente es el \u00fanico n\u00famero de emergencia, la llamada pueda ser informada a las instituciones que correspondan a trav\u00e9s de este sistema integrado\u201d, agreg\u00f3 Sidi Bravo, Director Regional de Onemi.<\/p>\n<p style=\"text-align: justify;\">Estas reuniones, que se realizan regularmente en las oficinas de las instituciones involucradas y facilitan que los equipos se conozcan y vinculen, permiten una mejor respuesta a la comunidad.<\/p>\n<p style=\"text-align: justify;\">\u201cPara nosotros han sido fundamentales estas reuniones, ya que en estas se aclaran muchos temas sobre los procedimientos que tienen las distintas instituciones, de los entes que trabajamos diariamente, trabajamos en conexi\u00f3n, sobre todo Carabineros y cada d\u00eda se trabaja para mejor, todo esto es por el beneficio mayor de la comunidad\u201d, se\u00f1al\u00f3 el Suboficial Roberto Aros Trivi\u00f1o, Jefe de Cenco de Carabineros Ays\u00e9n.<\/p>\n<p style=\"text-align: justify;\">La coordinaci\u00f3n entre instituciones, en particular en lo que se refiere a emergencias o desastres, es crucial para poder mejorar los tiempos de respuesta.<\/p>\n<p style=\"text-align: justify;\">\u201cEstamos muy contentos, porque para nosotros como Servicio de Salud Ays\u00e9n a trav\u00e9s de nuestro sistema de emergencia prehospitalario SAMU y los Centros Reguladores, es fundamental tener esta coordinaci\u00f3n para poder entregar una mejor atenci\u00f3n a nuestra comunidad. Es de suma relevancia tener comunicaci\u00f3n fluida con las dem\u00e1s instituciones que nos permita responder a las necesidades de la poblaci\u00f3n, sobre todo en este periodo invernal donde aumentan las situaciones de riesgo\u201d, concluy\u00f3 el Subdirector de Gesti\u00f3n Asistencial del Servicio de Salud Ays\u00e9n, Hern\u00e1n Barrientos.<\/p>\n<p style=\"text-align: justify;\">Las reuniones de coordinaci\u00f3n entre los organismos que conforman el sistema de emergencia ABC, continuar\u00e1n durante las pr\u00f3ximas semanas, esta vez en la Central de Comunicaciones del Cuerpo de Bomberos de Coyhaique.<\/p>\n<div><\/div>\n<\/div><\/section><\/div><div  style='height:50px' class='hr hr-invisible   avia-builder-el-6  el_after_av_one_full  el_before_av_social_share '><span class='hr-inner ' ><span class='hr-inner-style'><\/span><\/span><\/div><\/p>\n<div  class='av-social-sharing-box  avia-builder-el-7  el_after_av_hr  el_before_av_hr  '><div class='av-share-box'><h5 class='av-share-link-description av-no-toc '>Compartir esta noticia<\/h5><ul class='av-share-box-list noLightbox'><li class='av-share-link av-social-link-facebook' ><a target=\"_blank\" aria-label=\"Compartir en Facebook\" href='https:\/\/www.facebook.com\/sharer.php?u=https:\/\/radiorevelacionfm.cl\/?p=18363&#038;t=Coordinan%20acciones%20entre%20organismos%20de%20emergencia%20para%20dar%20una%20mejor%20respuesta%20a%20la%20comunidad' aria-hidden='false' data-av_icon='\ue8f3' data-av_iconfont='entypo-fontello' title='' data-avia-related-tooltip='Compartir en Facebook' rel=\"noopener\"><span class='avia_hidden_link_text'>Compartir en Facebook<\/span><\/a><\/li><li class='av-share-link av-social-link-twitter' ><a target=\"_blank\" aria-label=\"Compartir en Twitter\" href='https:\/\/twitter.com\/share?text=Coordinan%20acciones%20entre%20organismos%20de%20emergencia%20para%20dar%20una%20mejor%20respuesta%20a%20la%20comunidad&#038;url=https:\/\/radiorevelacionfm.cl\/?p=18363' aria-hidden='false' data-av_icon='\ue8f1' data-av_iconfont='entypo-fontello' title='' data-avia-related-tooltip='Compartir en Twitter' rel=\"noopener\"><span class='avia_hidden_link_text'>Compartir en Twitter<\/span><\/a><\/li><li class='av-share-link av-social-link-whatsapp' ><a target=\"_blank\" aria-label=\"Compartir en Whatsapp\" href='https:\/\/api.whatsapp.com\/send?text=https:\/\/radiorevelacionfm.cl\/?p=18363' aria-hidden='false' data-av_icon='\uf232' data-av_iconfont='entypo-fontello' title='' data-avia-related-tooltip='Compartir en Whatsapp' rel=\"noopener\"><span class='avia_hidden_link_text'>Compartir en Whatsapp<\/span><\/a><\/li><li class='av-share-link av-social-link-linkedin' ><a target=\"_blank\" aria-label=\"Compartir en LinkedIn\" href='https:\/\/linkedin.com\/shareArticle?mini=true&#038;title=Coordinan%20acciones%20entre%20organismos%20de%20emergencia%20para%20dar%20una%20mejor%20respuesta%20a%20la%20comunidad&#038;url=https:\/\/radiorevelacionfm.cl\/?p=18363' aria-hidden='false' data-av_icon='\ue8fc' data-av_iconfont='entypo-fontello' title='' data-avia-related-tooltip='Compartir en LinkedIn' rel=\"noopener\"><span class='avia_hidden_link_text'>Compartir en LinkedIn<\/span><\/a><\/li><li class='av-share-link av-social-link-mail' ><a  aria-label=\"Compartir por correo\" href='mailto:?subject=Coordinan%20acciones%20entre%20organismos%20de%20emergencia%20para%20dar%20una%20mejor%20respuesta%20a%20la%20comunidad&#038;body=https:\/\/radiorevelacionfm.cl\/?p=18363' aria-hidden='false' data-av_icon='\ue805' data-av_iconfont='entypo-fontello' title='' data-avia-related-tooltip='Compartir por correo'><span class='avia_hidden_link_text'>Compartir por correo<\/span><\/a><\/li><\/ul><\/div><\/div>\n<div  style='height:50px' class='hr hr-invisible   avia-builder-el-8  el_after_av_social_share  el_before_av_comments_list '><span class='hr-inner ' ><span class='hr-inner-style'><\/span><\/span><\/div>\n<div  class='av-buildercomment  av-blog-meta-html-info-disabled av-blog-meta-tag-disabled  '><\/div>\n","protected":false},"excerpt":{"rendered":"","protected":false},"author":1,"featured_media":18364,"comment_status":"open","ping_status":"open","sticky":false,"template":"","format":"standard","meta":{"footnotes":""},"categories":[38],"tags":[],"class_list":["post-18363","post","type-post","status-publish","format-standard","has-post-thumbnail","hentry","category-regional"],"jetpack_featured_media_url":"https:\/\/radiorevelacionfm.cl\/wp-content\/uploads\/2022\/06\/SAMU-Image-2022-06-23-1-1.jpeg","_links":{"self":[{"href":"https:\/\/radiorevelacionfm.cl\/index.php?rest_route=\/wp\/v2\/posts\/18363","targetHints":{"allow":["GET"]}}],"collection":[{"href":"https:\/\/radiorevelacionfm.cl\/index.php?rest_route=\/wp\/v2\/posts"}],"about":[{"href":"https:\/\/radiorevelacionfm.cl\/index.php?rest_route=\/wp\/v2\/types\/post"}],"author":[{"embeddable":true,"href":"https:\/\/radiorevelacionfm.cl\/index.php?rest_route=\/wp\/v2\/users\/1"}],"replies":[{"embeddable":true,"href":"https:\/\/radiorevelacionfm.cl\/index.php?rest_route=%2Fwp%2Fv2%2Fcomments&post=18363"}],"version-history":[{"count":2,"href":"https:\/\/radiorevelacionfm.cl\/index.php?rest_route=\/wp\/v2\/posts\/18363\/revisions"}],"predecessor-version":[{"id":18382,"href":"https:\/\/radiorevelacionfm.cl\/index.php?rest_route=\/wp\/v2\/posts\/18363\/revisions\/18382"}],"wp:featuredmedia":[{"embeddable":true,"href":"https:\/\/radiorevelacionfm.cl\/index.php?rest_route=\/wp\/v2\/media\/18364"}],"wp:attachment":[{"href":"https:\/\/radiorevelacionfm.cl\/index.php?rest_route=%2Fwp%2Fv2%2Fmedia&parent=18363"}],"wp:term":[{"taxonomy":"category","embeddable":true,"href":"https:\/\/radiorevelacionfm.cl\/index.php?rest_route=%2Fwp%2Fv2%2Fcategories&post=18363"},{"taxonomy":"post_tag","embeddable":true,"href":"https:\/\/radiorevelacionfm.cl\/index.php?rest_route=%2Fwp%2Fv2%2Ftags&post=18363"}],"curies":[{"name":"wp","href":"https:\/\/api.w.org\/{rel}","templated":true}]}}