{"id":18359,"date":"2022-06-24T10:50:02","date_gmt":"2022-06-24T13:50:02","guid":{"rendered":"https:\/\/radiorevelacionfm.cl\/?p=18359"},"modified":"2022-06-24T10:50:02","modified_gmt":"2022-06-24T13:50:02","slug":"uach-invita-a-postular-a-nuevo-programa-de-acceso-a-pedagogias","status":"publish","type":"post","link":"https:\/\/radiorevelacionfm.cl\/?p=18359","title":{"rendered":"UACh invita a postular a nuevo Programa de Acceso a Pedagog\u00edas"},"content":{"rendered":"<div class=\"flex_column av_one_full  flex_column_div av-zero-column-padding first  avia-builder-el-0  el_before_av_one_full  avia-builder-el-first  \" style='border-radius:0px; '><div  class='avia-image-container  av-styling-    avia-builder-el-1  avia-builder-el-no-sibling  avia-align-center '  itemprop=\"image\" itemscope=\"itemscope\" itemtype=\"https:\/\/schema.org\/ImageObject\"  ><div class='avia-image-container-inner'><div class='avia-image-overlay-wrap'><img decoding=\"async\" class='wp-image-18360 avia-img-lazy-loading-not-18360 avia_image' src=\"https:\/\/radiorevelacionfm.cl\/wp-content\/uploads\/2022\/06\/acceso-a-pedagogias-1-1-1.jpg\" alt='' title='acceso a pedagog\u00edas (1) (1) (1)' height=\"600\" width=\"800\"  itemprop=\"thumbnailUrl\" srcset=\"https:\/\/radiorevelacionfm.cl\/wp-content\/uploads\/2022\/06\/acceso-a-pedagogias-1-1-1.jpg 800w, https:\/\/radiorevelacionfm.cl\/wp-content\/uploads\/2022\/06\/acceso-a-pedagogias-1-1-1-300x225.jpg 300w, https:\/\/radiorevelacionfm.cl\/wp-content\/uploads\/2022\/06\/acceso-a-pedagogias-1-1-1-768x576.jpg 768w, https:\/\/radiorevelacionfm.cl\/wp-content\/uploads\/2022\/06\/acceso-a-pedagogias-1-1-1-705x529.jpg 705w, https:\/\/radiorevelacionfm.cl\/wp-content\/uploads\/2022\/06\/acceso-a-pedagogias-1-1-1-600x450.jpg 600w\" sizes=\"(max-width: 800px) 100vw, 800px\" \/><\/div><\/div><\/div><\/div><div class=\"flex_column av_one_full  flex_column_div av-zero-column-padding first  avia-builder-el-2  el_after_av_one_full  el_before_av_one_full  column-top-margin\" style='border-radius:0px; '><section class=\"av_textblock_section \"  itemscope=\"itemscope\" itemtype=\"https:\/\/schema.org\/BlogPosting\" itemprop=\"blogPost\" ><div class='avia_textblock  '   itemprop=\"text\" ><p style=\"text-align: center;\"><span style=\"font-size: 18pt;\"><strong>UACh invita a postular a nuevo Programa de Acceso a Pedagog\u00edas<\/strong><\/span><\/p>\n<div id=\"gtx-trans\" style=\"position: absolute; left: -50px; top: 4.31534px;\">\n<div class=\"gtx-trans-icon\"><\/div>\n<\/div>\n<\/div><\/section><\/div><div class=\"flex_column av_one_full  flex_column_div av-zero-column-padding first  avia-builder-el-4  el_after_av_one_full  el_before_av_hr  column-top-margin\" style='border-radius:0px; '><section class=\"av_textblock_section \"  itemscope=\"itemscope\" itemtype=\"https:\/\/schema.org\/BlogPosting\" itemprop=\"blogPost\" ><div class='avia_textblock  '   itemprop=\"text\" ><p style=\"text-align: justify;\">La Universidad Austral de Chile abre convocatoria para el Programa de Acceso a Pedagog\u00edas Eleazar Huerta Valc\u00e1rcel. Esta iniciativa busca incentivar y promover el ingreso a carreras de pedagog\u00edas, a partir del fortalecimiento y desarrollo de competencias comunicativas, en los \u00e1mbitos de la vocaci\u00f3n pedag\u00f3gica y socioemocional.<\/p>\n<p style=\"text-align: justify;\">El programa tendr\u00e1 como convocatoria inicial 50 vacantes para cubrir un cupo de 30 estudiantes para ingresar a las carreras de pedagog\u00edas, impartidas en las distintas sedes y campus (Valdivia, Puerto Montt y Patagonia). Dicha convocatoria se encuentra abierta para estudiantes que est\u00e9n cursando 4\u00ba a\u00f1o medio en alg\u00fan establecimiento educacional de las regiones de Los R\u00edos, Los Lagos y Ays\u00e9n, y se encuentren interesados en estudiar alguna de las 10 carreras de pedagog\u00eda que imparte la casa de estudio, en sus diferentes sedes.<\/p>\n<p style=\"text-align: justify;\">Los participantes del programa que completen los requisitos podr\u00e1n postular a cualquier carrera de pedagog\u00eda impartida en la Universidad Austral de Chile, con la posibilidad de generar un acceso directo a la carrera. En caso de que las postulaciones a una carrera en espec\u00edfica sean mayores que la cantidad de cupos disponibles se priorizar\u00e1 seg\u00fan sus calificaciones durante el desarrollo del programa.<\/p>\n<p style=\"text-align: justify;\">As\u00ed lo explic\u00f3, Karin Soto, profesional encargada del Programa de Acceso quien coment\u00f3 los requisitos para postular a este programa de acceso \u201clos requisitos para postular es estar cursando cuarto medio en alg\u00fan establecimiento de estas tres regiones, enviar una carta de motivaci\u00f3n donde pueda contar por qu\u00e9 quiere ser o qu\u00e9 le motiva para ser docente, completar los datos del link de inscripci\u00f3n que aparecen en la p\u00e1gina <a href=\"http:\/\/www.uach.cl\">www.uach.cl<\/a> y enviar una carta de alg\u00fan profesor o profesora de su establecimiento que apoye su postulaci\u00f3n, son solo cuatro requisitos.\u201d<\/p>\n<p style=\"text-align: justify;\">La profesional invit\u00f3 a las y los interesados en el programa de acceso a postular reiterando que el plazo se termina el pr\u00f3ximo 30 de junio.<\/p>\n<p style=\"text-align: justify;\">\u201cExtendemos la invitaci\u00f3n a todos los y las estudiantes que est\u00e9n interesados y que les motive estudiar alguna carrera de pedagog\u00eda de la Universidad Austral de Chile a postular hasta el 30 de junio, que cierra la convocatoria y poder visitar la p\u00e1gina web donde podr\u00e1n encontrar los requisitos y el link del formulario de inscripci\u00f3n y m\u00e1s detalles de la convocatoria.\u201d<\/p>\n<p style=\"text-align: justify;\">Para m\u00e1s consultas, puedes escribir al correo electr\u00f3nico: accesofid@uach.cl, o llamar a la encargada del Programa Karin Soto, al n\u00famero de tel\u00e9fono: +56934268359.<\/p>\n<\/div><\/section><\/div><div  style='height:50px' class='hr hr-invisible   avia-builder-el-6  el_after_av_one_full  el_before_av_social_share '><span class='hr-inner ' ><span class='hr-inner-style'><\/span><\/span><\/div><\/p>\n<div  class='av-social-sharing-box  avia-builder-el-7  el_after_av_hr  el_before_av_hr  '><div class='av-share-box'><h5 class='av-share-link-description av-no-toc '>Compartir esta noticia<\/h5><ul class='av-share-box-list noLightbox'><li class='av-share-link av-social-link-facebook' ><a target=\"_blank\" aria-label=\"Compartir en Facebook\" href='https:\/\/www.facebook.com\/sharer.php?u=https:\/\/radiorevelacionfm.cl\/?p=18359&#038;t=UACh%20invita%20a%20postular%20a%20nuevo%20Programa%20de%20Acceso%20a%20Pedagog%C3%ADas' aria-hidden='false' data-av_icon='\ue8f3' data-av_iconfont='entypo-fontello' title='' data-avia-related-tooltip='Compartir en Facebook' rel=\"noopener\"><span class='avia_hidden_link_text'>Compartir en Facebook<\/span><\/a><\/li><li class='av-share-link av-social-link-twitter' ><a target=\"_blank\" aria-label=\"Compartir en Twitter\" href='https:\/\/twitter.com\/share?text=UACh%20invita%20a%20postular%20a%20nuevo%20Programa%20de%20Acceso%20a%20Pedagog%C3%ADas&#038;url=https:\/\/radiorevelacionfm.cl\/?p=18359' aria-hidden='false' data-av_icon='\ue8f1' data-av_iconfont='entypo-fontello' title='' data-avia-related-tooltip='Compartir en Twitter' rel=\"noopener\"><span class='avia_hidden_link_text'>Compartir en Twitter<\/span><\/a><\/li><li class='av-share-link av-social-link-whatsapp' ><a target=\"_blank\" aria-label=\"Compartir en Whatsapp\" href='https:\/\/api.whatsapp.com\/send?text=https:\/\/radiorevelacionfm.cl\/?p=18359' aria-hidden='false' data-av_icon='\uf232' data-av_iconfont='entypo-fontello' title='' data-avia-related-tooltip='Compartir en Whatsapp' rel=\"noopener\"><span class='avia_hidden_link_text'>Compartir en Whatsapp<\/span><\/a><\/li><li class='av-share-link av-social-link-linkedin' ><a target=\"_blank\" aria-label=\"Compartir en LinkedIn\" href='https:\/\/linkedin.com\/shareArticle?mini=true&#038;title=UACh%20invita%20a%20postular%20a%20nuevo%20Programa%20de%20Acceso%20a%20Pedagog%C3%ADas&#038;url=https:\/\/radiorevelacionfm.cl\/?p=18359' aria-hidden='false' data-av_icon='\ue8fc' data-av_iconfont='entypo-fontello' title='' data-avia-related-tooltip='Compartir en LinkedIn' rel=\"noopener\"><span class='avia_hidden_link_text'>Compartir en LinkedIn<\/span><\/a><\/li><li class='av-share-link av-social-link-mail' ><a  aria-label=\"Compartir por correo\" href='mailto:?subject=UACh%20invita%20a%20postular%20a%20nuevo%20Programa%20de%20Acceso%20a%20Pedagog%C3%ADas&#038;body=https:\/\/radiorevelacionfm.cl\/?p=18359' aria-hidden='false' data-av_icon='\ue805' data-av_iconfont='entypo-fontello' title='' data-avia-related-tooltip='Compartir por correo'><span class='avia_hidden_link_text'>Compartir por correo<\/span><\/a><\/li><\/ul><\/div><\/div>\n<div  style='height:50px' class='hr hr-invisible   avia-builder-el-8  el_after_av_social_share  el_before_av_comments_list '><span class='hr-inner ' ><span class='hr-inner-style'><\/span><\/span><\/div>\n<div  class='av-buildercomment  av-blog-meta-html-info-disabled av-blog-meta-tag-disabled  '><\/div>\n","protected":false},"excerpt":{"rendered":"","protected":false},"author":1,"featured_media":18360,"comment_status":"open","ping_status":"open","sticky":false,"template":"","format":"standard","meta":{"footnotes":""},"categories":[49],"tags":[],"class_list":["post-18359","post","type-post","status-publish","format-standard","has-post-thumbnail","hentry","category-educacion"],"jetpack_featured_media_url":"https:\/\/radiorevelacionfm.cl\/wp-content\/uploads\/2022\/06\/acceso-a-pedagogias-1-1-1.jpg","_links":{"self":[{"href":"https:\/\/radiorevelacionfm.cl\/index.php?rest_route=\/wp\/v2\/posts\/18359","targetHints":{"allow":["GET"]}}],"collection":[{"href":"https:\/\/radiorevelacionfm.cl\/index.php?rest_route=\/wp\/v2\/posts"}],"about":[{"href":"https:\/\/radiorevelacionfm.cl\/index.php?rest_route=\/wp\/v2\/types\/post"}],"author":[{"embeddable":true,"href":"https:\/\/radiorevelacionfm.cl\/index.php?rest_route=\/wp\/v2\/users\/1"}],"replies":[{"embeddable":true,"href":"https:\/\/radiorevelacionfm.cl\/index.php?rest_route=%2Fwp%2Fv2%2Fcomments&post=18359"}],"version-history":[{"count":2,"href":"https:\/\/radiorevelacionfm.cl\/index.php?rest_route=\/wp\/v2\/posts\/18359\/revisions"}],"predecessor-version":[{"id":18383,"href":"https:\/\/radiorevelacionfm.cl\/index.php?rest_route=\/wp\/v2\/posts\/18359\/revisions\/18383"}],"wp:featuredmedia":[{"embeddable":true,"href":"https:\/\/radiorevelacionfm.cl\/index.php?rest_route=\/wp\/v2\/media\/18360"}],"wp:attachment":[{"href":"https:\/\/radiorevelacionfm.cl\/index.php?rest_route=%2Fwp%2Fv2%2Fmedia&parent=18359"}],"wp:term":[{"taxonomy":"category","embeddable":true,"href":"https:\/\/radiorevelacionfm.cl\/index.php?rest_route=%2Fwp%2Fv2%2Fcategories&post=18359"},{"taxonomy":"post_tag","embeddable":true,"href":"https:\/\/radiorevelacionfm.cl\/index.php?rest_route=%2Fwp%2Fv2%2Ftags&post=18359"}],"curies":[{"name":"wp","href":"https:\/\/api.w.org\/{rel}","templated":true}]}}