{"id":18345,"date":"2022-06-23T15:44:07","date_gmt":"2022-06-23T18:44:07","guid":{"rendered":"https:\/\/radiorevelacionfm.cl\/?p=18345"},"modified":"2022-06-23T15:44:07","modified_gmt":"2022-06-23T18:44:07","slug":"jardines-infantiles-de-integra-refuerzan-conocimientos-de-programa-alimentario","status":"publish","type":"post","link":"https:\/\/radiorevelacionfm.cl\/?p=18345","title":{"rendered":"Jardines Infantiles de Integra refuerzan conocimientos de Programa Alimentario"},"content":{"rendered":"<div class=\"flex_column av_one_full  flex_column_div av-zero-column-padding first  avia-builder-el-0  el_before_av_one_full  avia-builder-el-first  \" style='border-radius:0px; '><div  class='avia-image-container  av-styling-    avia-builder-el-1  avia-builder-el-no-sibling  avia-align-center '  itemprop=\"image\" itemscope=\"itemscope\" itemtype=\"https:\/\/schema.org\/ImageObject\"  ><div class='avia-image-container-inner'><div class='avia-image-overlay-wrap'><img decoding=\"async\" class='wp-image-18346 avia-img-lazy-loading-not-18346 avia_image' src=\"https:\/\/radiorevelacionfm.cl\/wp-content\/uploads\/2022\/06\/img_6505-min-1_optimized.jpg\" alt='' title='img_6505-min-(1)_optimized' height=\"600\" width=\"902\"  itemprop=\"thumbnailUrl\" srcset=\"https:\/\/radiorevelacionfm.cl\/wp-content\/uploads\/2022\/06\/img_6505-min-1_optimized.jpg 902w, https:\/\/radiorevelacionfm.cl\/wp-content\/uploads\/2022\/06\/img_6505-min-1_optimized-300x200.jpg 300w, https:\/\/radiorevelacionfm.cl\/wp-content\/uploads\/2022\/06\/img_6505-min-1_optimized-768x511.jpg 768w, https:\/\/radiorevelacionfm.cl\/wp-content\/uploads\/2022\/06\/img_6505-min-1_optimized-705x469.jpg 705w, https:\/\/radiorevelacionfm.cl\/wp-content\/uploads\/2022\/06\/img_6505-min-1_optimized-600x399.jpg 600w\" sizes=\"(max-width: 902px) 100vw, 902px\" \/><\/div><\/div><\/div><\/div><div class=\"flex_column av_one_full  flex_column_div av-zero-column-padding first  avia-builder-el-2  el_after_av_one_full  el_before_av_one_full  column-top-margin\" style='border-radius:0px; '><section class=\"av_textblock_section \"  itemscope=\"itemscope\" itemtype=\"https:\/\/schema.org\/BlogPosting\" itemprop=\"blogPost\" ><div class='avia_textblock  '   itemprop=\"text\" ><p style=\"text-align: center;\"><span style=\"font-size: 18pt;\"><strong>Jardines Infantiles de Integra refuerzan conocimientos de Programa Alimentario<\/strong><\/span><\/p>\n<div id=\"gtx-trans\" style=\"position: absolute; left: -50px; top: 4.31534px;\">\n<div class=\"gtx-trans-icon\"><\/div>\n<\/div>\n<\/div><\/section><\/div><div class=\"flex_column av_one_full  flex_column_div av-zero-column-padding first  avia-builder-el-4  el_after_av_one_full  el_before_av_hr  column-top-margin\" style='border-radius:0px; '><section class=\"av_textblock_section \"  itemscope=\"itemscope\" itemtype=\"https:\/\/schema.org\/BlogPosting\" itemprop=\"blogPost\" ><div class='avia_textblock  '   itemprop=\"text\" ><p style=\"text-align: justify;\">Comer es mucho m\u00e1s que un simple acto de sobrevivencia. A trav\u00e9s de la alimentaci\u00f3n, los ni\u00f1os y ni\u00f1as aprenden habilidades y destrezas, coordinaci\u00f3n y precisi\u00f3n al comer de forma aut\u00f3noma, conocimiento del medio f\u00edsico (reconocen y nombran los alimentos), desarrollo sensorial y social, establecen v\u00ednculos afectivos y, por sobre todo, aprenden los h\u00e1bitos que impactar\u00e1n en todo su proceso de desarrollo como personas. Se trata de un momento significativo, por lo que resguardar la calidad de la alimentaci\u00f3n que reciben los ni\u00f1os y ni\u00f1as constituye una preocupaci\u00f3n y trabajo permanente.<\/p>\n<p style=\"text-align: justify;\">Es en este contexto que Fundaci\u00f3n Integra desarroll\u00f3 una jornada de capacitaci\u00f3n para los jardines infantiles y salas cuna presentes en la regi\u00f3n para poder revisar y analizar los aspectos nuevos y relevantes del Programa Alimentario para P\u00e1rvulos, as\u00ed como tambi\u00e9n el ver los temas administrativos y su implicancia para su correcta gesti\u00f3n.<\/p>\n<p style=\"text-align: justify;\">Viviana Vera, nutricionista de Fundaci\u00f3n Integra en la regi\u00f3n de Ays\u00e9n destaca que \u201ceste programa otorga alimentaci\u00f3n que viene reglamentada desde la organizaci\u00f3n Mundial de la Salud, de la Gu\u00eda de Alimentaci\u00f3n del menor de 2 a\u00f1os, de las normativas nacionales y ministeriales por lo cual, como instituci\u00f3n, tenemos que dar relevancia a que los par\u00e1metros establecidos se logren y se cumplan porque los ni\u00f1os y ni\u00f1as tienen que recibir una alimentaci\u00f3n de calidad\u201d.<\/p>\n<p style=\"text-align: justify;\">En los jardines infantiles y salas cuna de Integra, ni\u00f1os y ni\u00f1as asisten de 8.30 a 16.30 horas recibiendo diariamente desayuno, almuerzo y once. Este programa alimentario proporciona frutas y verduras diariamente, responde a las recomendaciones de energ\u00eda de FAO\/OMS, a las Gu\u00edas de Alimentaci\u00f3n del Ministerio de Salud para los ni\u00f1os menores de seis a\u00f1os y a lo dispuesto en la Ley 20.606. Es baja en az\u00facares, sodio y grasas saturadas, y no contiene edulcorantes ni colorantes artificiales como amarillo crep\u00fasculo y tartrazina.<\/p>\n<p style=\"text-align: justify;\">Susana Puchi, asistente administrativa del jard\u00edn Infantil y Sala Cuna \u201cMackay\u201d de Coyhaique y una de las presentes en esta actividad destaca el trabajo que desarrollan con las familias en este \u00e1mbito recalcando que \u201clo que nosotros compartimos con las familias son las minutas de alimentaci\u00f3n y que tipo de productos est\u00e1n consumiendo porque los pap\u00e1s siempre nos est\u00e1n consultando\u201d. Del mismo modo, recalca que \u201chemos realizado talleres con los ni\u00f1os donde les mostramos los productos que est\u00e1n consumiendo, para posteriormente enviarles fotograf\u00edas a los padres de estas acciones\u201d.<\/p>\n<p style=\"text-align: justify;\">El jard\u00edn infantil es un ambiente propicio para trabajar el per\u00edodo de la alimentaci\u00f3n desde una perspectiva educativa. Por eso en los jardines infantiles de Integra la hora de comer es vista tambi\u00e9n como un per\u00edodo relevante dentro de la jornada diaria y con un prop\u00f3sito o intencionalidad definida para cada grupo de edad.<\/p>\n<p style=\"text-align: justify;\">Cabe se\u00f1alar que la alimentaci\u00f3n que se les entrega a los ni\u00f1os y ni\u00f1as de sala cuna y jard\u00edn infantil, cubre entre un 60% y 75% de las calor\u00edas y el 100% de las prote\u00ednas diarias requeridas dependiendo de la edad del ni\u00f1o o ni\u00f1a. Para Integra las familias son el primer educador y promover en ellos la importancia de una alimentaci\u00f3n saludable en los ni\u00f1os y ni\u00f1as, tambi\u00e9n es parte del trabajo que realiza el equipo educativo.<\/p>\n<p style=\"text-align: justify;\">La nutricionista de Fundaci\u00f3n Integra invita a las familias \u201ca que conozcan lo que es el Programa Alimentario, en qu\u00e9 consiste y los distintos servicios que ah\u00ed se entregan, entendiendo que la alimentaci\u00f3n que se entrega en el jard\u00edn infantil es la base que debiese replicarse en el hogar para que los ni\u00f1os tambi\u00e9n puedan lograr mejorar sus h\u00e1bitos de alimentaci\u00f3n y que las familias, adem\u00e1s, puedan incorporar estos h\u00e1bitos de vida saludable\u201d.<\/p>\n<p style=\"text-align: justify;\">Una opini\u00f3n similar tiene Susana Puchi quien recalca que \u201csomos nosotros, como familia, las personas fundamentales en la salud y bienestar de nuestros ni\u00f1os, sobre todo en el tema de la nutrici\u00f3n, la que debiera ser una alimentaci\u00f3n sana y saludable. Nuestra intenci\u00f3n es que cuando los ni\u00f1os y ni\u00f1as est\u00e9n de vacaciones sigan con la misma rutina que la alimentaci\u00f3n que se les da en el jard\u00edn infantil\u201d.<\/p>\n<p style=\"text-align: justify;\">Desde Fundaci\u00f3n Integra manifiestan que la alimentaci\u00f3n saludable y un entorno acogedor es lo m\u00e1s importante a la hora de comer, reforzando que institucionalmente seguir\u00e1n trabajando para fortalecer en los jardines infantiles y salas cuna el conocimiento y h\u00e1bitos de alimentaci\u00f3n, para que ni\u00f1os y ni\u00f1as se desarrollen sanos y felices.<\/p>\n<\/div><\/section><\/div><div  style='height:50px' class='hr hr-invisible   avia-builder-el-6  el_after_av_one_full  el_before_av_social_share '><span class='hr-inner ' ><span class='hr-inner-style'><\/span><\/span><\/div><\/p>\n<div  class='av-social-sharing-box  avia-builder-el-7  el_after_av_hr  el_before_av_hr  '><div class='av-share-box'><h5 class='av-share-link-description av-no-toc '>Compartir esta noticia<\/h5><ul class='av-share-box-list noLightbox'><li class='av-share-link av-social-link-facebook' ><a target=\"_blank\" aria-label=\"Compartir en Facebook\" href='https:\/\/www.facebook.com\/sharer.php?u=https:\/\/radiorevelacionfm.cl\/?p=18345&#038;t=Jardines%20Infantiles%20de%20Integra%20refuerzan%20conocimientos%20de%20Programa%20Alimentario' aria-hidden='false' data-av_icon='\ue8f3' data-av_iconfont='entypo-fontello' title='' data-avia-related-tooltip='Compartir en Facebook' rel=\"noopener\"><span class='avia_hidden_link_text'>Compartir en Facebook<\/span><\/a><\/li><li class='av-share-link av-social-link-twitter' ><a target=\"_blank\" aria-label=\"Compartir en Twitter\" href='https:\/\/twitter.com\/share?text=Jardines%20Infantiles%20de%20Integra%20refuerzan%20conocimientos%20de%20Programa%20Alimentario&#038;url=https:\/\/radiorevelacionfm.cl\/?p=18345' aria-hidden='false' data-av_icon='\ue8f1' data-av_iconfont='entypo-fontello' title='' data-avia-related-tooltip='Compartir en Twitter' rel=\"noopener\"><span class='avia_hidden_link_text'>Compartir en Twitter<\/span><\/a><\/li><li class='av-share-link av-social-link-whatsapp' ><a target=\"_blank\" aria-label=\"Compartir en Whatsapp\" href='https:\/\/api.whatsapp.com\/send?text=https:\/\/radiorevelacionfm.cl\/?p=18345' aria-hidden='false' data-av_icon='\uf232' data-av_iconfont='entypo-fontello' title='' data-avia-related-tooltip='Compartir en Whatsapp' rel=\"noopener\"><span class='avia_hidden_link_text'>Compartir en Whatsapp<\/span><\/a><\/li><li class='av-share-link av-social-link-linkedin' ><a target=\"_blank\" aria-label=\"Compartir en LinkedIn\" href='https:\/\/linkedin.com\/shareArticle?mini=true&#038;title=Jardines%20Infantiles%20de%20Integra%20refuerzan%20conocimientos%20de%20Programa%20Alimentario&#038;url=https:\/\/radiorevelacionfm.cl\/?p=18345' aria-hidden='false' data-av_icon='\ue8fc' data-av_iconfont='entypo-fontello' title='' data-avia-related-tooltip='Compartir en LinkedIn' rel=\"noopener\"><span class='avia_hidden_link_text'>Compartir en LinkedIn<\/span><\/a><\/li><li class='av-share-link av-social-link-mail' ><a  aria-label=\"Compartir por correo\" href='mailto:?subject=Jardines%20Infantiles%20de%20Integra%20refuerzan%20conocimientos%20de%20Programa%20Alimentario&#038;body=https:\/\/radiorevelacionfm.cl\/?p=18345' aria-hidden='false' data-av_icon='\ue805' data-av_iconfont='entypo-fontello' title='' data-avia-related-tooltip='Compartir por correo'><span class='avia_hidden_link_text'>Compartir por correo<\/span><\/a><\/li><\/ul><\/div><\/div>\n<div  style='height:50px' class='hr hr-invisible   avia-builder-el-8  el_after_av_social_share  el_before_av_comments_list '><span class='hr-inner ' ><span class='hr-inner-style'><\/span><\/span><\/div>\n<div  class='av-buildercomment  av-blog-meta-html-info-disabled av-blog-meta-tag-disabled  '><\/div>\n","protected":false},"excerpt":{"rendered":"","protected":false},"author":1,"featured_media":18346,"comment_status":"open","ping_status":"open","sticky":false,"template":"","format":"standard","meta":{"footnotes":""},"categories":[49],"tags":[],"class_list":["post-18345","post","type-post","status-publish","format-standard","has-post-thumbnail","hentry","category-educacion"],"jetpack_featured_media_url":"https:\/\/radiorevelacionfm.cl\/wp-content\/uploads\/2022\/06\/img_6505-min-1_optimized.jpg","_links":{"self":[{"href":"https:\/\/radiorevelacionfm.cl\/index.php?rest_route=\/wp\/v2\/posts\/18345","targetHints":{"allow":["GET"]}}],"collection":[{"href":"https:\/\/radiorevelacionfm.cl\/index.php?rest_route=\/wp\/v2\/posts"}],"about":[{"href":"https:\/\/radiorevelacionfm.cl\/index.php?rest_route=\/wp\/v2\/types\/post"}],"author":[{"embeddable":true,"href":"https:\/\/radiorevelacionfm.cl\/index.php?rest_route=\/wp\/v2\/users\/1"}],"replies":[{"embeddable":true,"href":"https:\/\/radiorevelacionfm.cl\/index.php?rest_route=%2Fwp%2Fv2%2Fcomments&post=18345"}],"version-history":[{"count":2,"href":"https:\/\/radiorevelacionfm.cl\/index.php?rest_route=\/wp\/v2\/posts\/18345\/revisions"}],"predecessor-version":[{"id":18348,"href":"https:\/\/radiorevelacionfm.cl\/index.php?rest_route=\/wp\/v2\/posts\/18345\/revisions\/18348"}],"wp:featuredmedia":[{"embeddable":true,"href":"https:\/\/radiorevelacionfm.cl\/index.php?rest_route=\/wp\/v2\/media\/18346"}],"wp:attachment":[{"href":"https:\/\/radiorevelacionfm.cl\/index.php?rest_route=%2Fwp%2Fv2%2Fmedia&parent=18345"}],"wp:term":[{"taxonomy":"category","embeddable":true,"href":"https:\/\/radiorevelacionfm.cl\/index.php?rest_route=%2Fwp%2Fv2%2Fcategories&post=18345"},{"taxonomy":"post_tag","embeddable":true,"href":"https:\/\/radiorevelacionfm.cl\/index.php?rest_route=%2Fwp%2Fv2%2Ftags&post=18345"}],"curies":[{"name":"wp","href":"https:\/\/api.w.org\/{rel}","templated":true}]}}