{"id":18337,"date":"2022-06-23T13:12:35","date_gmt":"2022-06-23T16:12:35","guid":{"rendered":"https:\/\/radiorevelacionfm.cl\/?p=18337"},"modified":"2022-06-23T13:12:35","modified_gmt":"2022-06-23T16:12:35","slug":"diputado-calisto-envia-oficio-por-constantes-cortes-de-electricidad-y-exige-que-se-compense-a-los-clientes","status":"publish","type":"post","link":"https:\/\/radiorevelacionfm.cl\/?p=18337","title":{"rendered":"Diputado Calisto env\u00eda oficio por constantes cortes de electricidad y exige que se compense a los clientes"},"content":{"rendered":"<div class=\"flex_column av_one_full  flex_column_div av-zero-column-padding first  avia-builder-el-0  el_before_av_one_full  avia-builder-el-first  \" style='border-radius:0px; '><div  class='avia-image-container  av-styling-    avia-builder-el-1  avia-builder-el-no-sibling  avia-align-center '  itemprop=\"image\" itemscope=\"itemscope\" itemtype=\"https:\/\/schema.org\/ImageObject\"  ><div class='avia-image-container-inner'><div class='avia-image-overlay-wrap'><img decoding=\"async\" class='wp-image-18339 avia-img-lazy-loading-not-18339 avia_image' src=\"https:\/\/radiorevelacionfm.cl\/wp-content\/uploads\/2022\/06\/corte-energia2-1_optimized.jpg\" alt='' title='corte-energia2-(1)_optimized' height=\"600\" width=\"1066\"  itemprop=\"thumbnailUrl\" srcset=\"https:\/\/radiorevelacionfm.cl\/wp-content\/uploads\/2022\/06\/corte-energia2-1_optimized.jpg 1066w, https:\/\/radiorevelacionfm.cl\/wp-content\/uploads\/2022\/06\/corte-energia2-1_optimized-300x169.jpg 300w, https:\/\/radiorevelacionfm.cl\/wp-content\/uploads\/2022\/06\/corte-energia2-1_optimized-1030x580.jpg 1030w, https:\/\/radiorevelacionfm.cl\/wp-content\/uploads\/2022\/06\/corte-energia2-1_optimized-768x432.jpg 768w, https:\/\/radiorevelacionfm.cl\/wp-content\/uploads\/2022\/06\/corte-energia2-1_optimized-705x397.jpg 705w, https:\/\/radiorevelacionfm.cl\/wp-content\/uploads\/2022\/06\/corte-energia2-1_optimized-600x338.jpg 600w\" sizes=\"(max-width: 1066px) 100vw, 1066px\" \/><\/div><\/div><\/div><\/div><div class=\"flex_column av_one_full  flex_column_div av-zero-column-padding first  avia-builder-el-2  el_after_av_one_full  el_before_av_one_full  column-top-margin\" style='border-radius:0px; '><section class=\"av_textblock_section \"  itemscope=\"itemscope\" itemtype=\"https:\/\/schema.org\/BlogPosting\" itemprop=\"blogPost\" ><div class='avia_textblock  '   itemprop=\"text\" ><p style=\"text-align: center;\"><strong><span style=\"font-size: 18pt;\">Diputado Calisto env\u00eda oficio por constantes cortes de electricidad y exige que se compense a los clientes<\/span><\/strong><\/p>\n<div id=\"gtx-trans\" style=\"position: absolute; left: -50px; top: 4.31534px;\">\n<div class=\"gtx-trans-icon\"><\/div>\n<\/div>\n<\/div><\/section><\/div><div class=\"flex_column av_one_full  flex_column_div av-zero-column-padding first  avia-builder-el-4  el_after_av_one_full  el_before_av_hr  column-top-margin\" style='border-radius:0px; '><section class=\"av_textblock_section \"  itemscope=\"itemscope\" itemtype=\"https:\/\/schema.org\/BlogPosting\" itemprop=\"blogPost\" ><div class='avia_textblock  '   itemprop=\"text\" ><p style=\"font-weight: 400; text-align: justify;\">Ante los \u00faltimos cortes en el suministro el\u00e9ctrico que han afectado a Coyhaique, Puerto Ays\u00e9n y R\u00edo Iba\u00f1ez, adem\u00e1s de otros sectores aleda\u00f1os, el diputado\u00a0Migue \u00c1ngel Calisto\u00a0envi\u00f3 un oficio de fiscalizaci\u00f3n dirigido a la\u00a0Superintendencia de Electricidad y Combustibles, SEC, con la intenci\u00f3n que investigue el funcionamiento y el servicio que otorga la empresa\u00a0Edelaysen, adem\u00e1s de pedir que se indemnice a las personas que se hayan visto afectadas.<\/p>\n<p style=\"font-weight: 400; text-align: justify;\">Seg\u00fan el legislador, \u201cdurante los \u00faltimos d\u00edas hemos tenido temperaturas muy bajas que han llegado hasta los 10 grados bajo cero en las comunas de nuestra regi\u00f3n. Lamentablemente, esto ha ido acompa\u00f1ado por los cortes reiterados del suministro el\u00e9ctrico de la empresa Edelaysen, monopolio el\u00e9ctrico en la regi\u00f3n, lo que ha generado una serie de problemas para todas las familias, especialmente para aquellas que se calefaccionan con alg\u00fan sistema el\u00e9ctrico\u201d.<\/p>\n<p style=\"font-weight: 400; text-align: justify;\">\u201cEste mal servicio no se condice con los altos valores que pagamos los ayseninos, tenemos uno de los valores de kilowatt hora m\u00e1s caros de Chile, por estos motivos, vamos a enviar un oficio de fiscalizaci\u00f3n a la Superintendencia de Electricidad y Combustibles, SEC, para que pueda investigar el funcionamiento de esta empresa en la regi\u00f3n. Tambi\u00e9n es fundamental que se indemnice a los clientes que estos cortes les haya causado problemas econ\u00f3micos, como podr\u00eda sucederle a los comerciantes\u201d, indic\u00f3.<\/p>\n<p style=\"font-weight: 400; text-align: justify;\">Calisto agreg\u00f3 que \u201cesto demuestra otra vez m\u00e1s los problemas que se generan cuando existen empresas monop\u00f3licas y los clientes no tienen otras alternativas para contratar servicios de electricidad. Ac\u00e1 hay que buscar tambi\u00e9n una soluci\u00f3n respecto de cu\u00e1l es el rol del Estado para otorgar otras alternativas para que los ayseninos se puedan calefaccionar\u201d.<\/p>\n<p style=\"font-weight: 400; text-align: justify;\">\u201cPor un lado el Gobierno nos exige que eliminemos la le\u00f1a, una medida absolutamente irracional tomando en cuenta las bajas temperaturas y la falta de incentivos para cambiar a otra alternativa que permita a las familias calefaccionarse\u201d, indic\u00f3.<\/p>\n<p style=\"font-weight: 400; text-align: justify;\">Finalmente, Miguel \u00c1ngel Calisto afirm\u00f3 que \u201ccreemos que ac\u00e1 el Gobierno debe dar una se\u00f1al que tenga que ver con un subsidio el\u00e9ctrico, al gas y otro elemento que nos permita bajar los costos elevados de la calefacci\u00f3n, tomando en cuenta las condiciones extremas en que muchas veces vivimos y los altos costos que tenemos en los distintos servicios\u201d.<\/p>\n<\/div><\/section><\/div><div  style='height:50px' class='hr hr-invisible   avia-builder-el-6  el_after_av_one_full  el_before_av_social_share '><span class='hr-inner ' ><span class='hr-inner-style'><\/span><\/span><\/div><\/p>\n<div  class='av-social-sharing-box  avia-builder-el-7  el_after_av_hr  el_before_av_hr  '><div class='av-share-box'><h5 class='av-share-link-description av-no-toc '>Compartir esta noticia<\/h5><ul class='av-share-box-list noLightbox'><li class='av-share-link av-social-link-facebook' ><a target=\"_blank\" aria-label=\"Compartir en Facebook\" href='https:\/\/www.facebook.com\/sharer.php?u=https:\/\/radiorevelacionfm.cl\/?p=18337&#038;t=Diputado%20Calisto%20env%C3%ADa%20oficio%20por%20constantes%20cortes%20de%20electricidad%20y%20exige%20que%20se%20compense%20a%20los%20clientes' aria-hidden='false' data-av_icon='\ue8f3' data-av_iconfont='entypo-fontello' title='' data-avia-related-tooltip='Compartir en Facebook' rel=\"noopener\"><span class='avia_hidden_link_text'>Compartir en Facebook<\/span><\/a><\/li><li class='av-share-link av-social-link-twitter' ><a target=\"_blank\" aria-label=\"Compartir en Twitter\" href='https:\/\/twitter.com\/share?text=Diputado%20Calisto%20env%C3%ADa%20oficio%20por%20constantes%20cortes%20de%20electricidad%20y%20exige%20que%20se%20compense%20a%20los%20clientes&#038;url=https:\/\/radiorevelacionfm.cl\/?p=18337' aria-hidden='false' data-av_icon='\ue8f1' data-av_iconfont='entypo-fontello' title='' data-avia-related-tooltip='Compartir en Twitter' rel=\"noopener\"><span class='avia_hidden_link_text'>Compartir en Twitter<\/span><\/a><\/li><li class='av-share-link av-social-link-whatsapp' ><a target=\"_blank\" aria-label=\"Compartir en Whatsapp\" href='https:\/\/api.whatsapp.com\/send?text=https:\/\/radiorevelacionfm.cl\/?p=18337' aria-hidden='false' data-av_icon='\uf232' data-av_iconfont='entypo-fontello' title='' data-avia-related-tooltip='Compartir en Whatsapp' rel=\"noopener\"><span class='avia_hidden_link_text'>Compartir en Whatsapp<\/span><\/a><\/li><li class='av-share-link av-social-link-linkedin' ><a target=\"_blank\" aria-label=\"Compartir en LinkedIn\" href='https:\/\/linkedin.com\/shareArticle?mini=true&#038;title=Diputado%20Calisto%20env%C3%ADa%20oficio%20por%20constantes%20cortes%20de%20electricidad%20y%20exige%20que%20se%20compense%20a%20los%20clientes&#038;url=https:\/\/radiorevelacionfm.cl\/?p=18337' aria-hidden='false' data-av_icon='\ue8fc' data-av_iconfont='entypo-fontello' title='' data-avia-related-tooltip='Compartir en LinkedIn' rel=\"noopener\"><span class='avia_hidden_link_text'>Compartir en LinkedIn<\/span><\/a><\/li><li class='av-share-link av-social-link-mail' ><a  aria-label=\"Compartir por correo\" href='mailto:?subject=Diputado%20Calisto%20env%C3%ADa%20oficio%20por%20constantes%20cortes%20de%20electricidad%20y%20exige%20que%20se%20compense%20a%20los%20clientes&#038;body=https:\/\/radiorevelacionfm.cl\/?p=18337' aria-hidden='false' data-av_icon='\ue805' data-av_iconfont='entypo-fontello' title='' data-avia-related-tooltip='Compartir por correo'><span class='avia_hidden_link_text'>Compartir por correo<\/span><\/a><\/li><\/ul><\/div><\/div>\n<div  style='height:50px' class='hr hr-invisible   avia-builder-el-8  el_after_av_social_share  el_before_av_comments_list '><span class='hr-inner ' ><span class='hr-inner-style'><\/span><\/span><\/div>\n<div  class='av-buildercomment  av-blog-meta-html-info-disabled av-blog-meta-tag-disabled  '><\/div>\n","protected":false},"excerpt":{"rendered":"","protected":false},"author":1,"featured_media":18339,"comment_status":"open","ping_status":"open","sticky":false,"template":"","format":"standard","meta":{"footnotes":""},"categories":[35],"tags":[],"class_list":["post-18337","post","type-post","status-publish","format-standard","has-post-thumbnail","hentry","category-politica"],"jetpack_featured_media_url":"https:\/\/radiorevelacionfm.cl\/wp-content\/uploads\/2022\/06\/corte-energia2-1_optimized.jpg","_links":{"self":[{"href":"https:\/\/radiorevelacionfm.cl\/index.php?rest_route=\/wp\/v2\/posts\/18337","targetHints":{"allow":["GET"]}}],"collection":[{"href":"https:\/\/radiorevelacionfm.cl\/index.php?rest_route=\/wp\/v2\/posts"}],"about":[{"href":"https:\/\/radiorevelacionfm.cl\/index.php?rest_route=\/wp\/v2\/types\/post"}],"author":[{"embeddable":true,"href":"https:\/\/radiorevelacionfm.cl\/index.php?rest_route=\/wp\/v2\/users\/1"}],"replies":[{"embeddable":true,"href":"https:\/\/radiorevelacionfm.cl\/index.php?rest_route=%2Fwp%2Fv2%2Fcomments&post=18337"}],"version-history":[{"count":2,"href":"https:\/\/radiorevelacionfm.cl\/index.php?rest_route=\/wp\/v2\/posts\/18337\/revisions"}],"predecessor-version":[{"id":18341,"href":"https:\/\/radiorevelacionfm.cl\/index.php?rest_route=\/wp\/v2\/posts\/18337\/revisions\/18341"}],"wp:featuredmedia":[{"embeddable":true,"href":"https:\/\/radiorevelacionfm.cl\/index.php?rest_route=\/wp\/v2\/media\/18339"}],"wp:attachment":[{"href":"https:\/\/radiorevelacionfm.cl\/index.php?rest_route=%2Fwp%2Fv2%2Fmedia&parent=18337"}],"wp:term":[{"taxonomy":"category","embeddable":true,"href":"https:\/\/radiorevelacionfm.cl\/index.php?rest_route=%2Fwp%2Fv2%2Fcategories&post=18337"},{"taxonomy":"post_tag","embeddable":true,"href":"https:\/\/radiorevelacionfm.cl\/index.php?rest_route=%2Fwp%2Fv2%2Ftags&post=18337"}],"curies":[{"name":"wp","href":"https:\/\/api.w.org\/{rel}","templated":true}]}}