{"id":18331,"date":"2022-06-23T13:47:02","date_gmt":"2022-06-23T16:47:02","guid":{"rendered":"https:\/\/radiorevelacionfm.cl\/?p=18331"},"modified":"2022-06-23T13:47:02","modified_gmt":"2022-06-23T16:47:02","slug":"un-total-de-29-proyectos-regionales-se-financiaran-con-recursos-del-fondo-de-medios-2022","status":"publish","type":"post","link":"https:\/\/radiorevelacionfm.cl\/?p=18331","title":{"rendered":"Un total de 29 proyectos regionales se financiar\u00e1n con recursos del Fondo de Medios 2022"},"content":{"rendered":"<div class=\"flex_column av_one_full  flex_column_div av-zero-column-padding first  avia-builder-el-0  el_before_av_one_full  avia-builder-el-first  \" style='border-radius:0px; '><div  class='avia-image-container  av-styling-    avia-builder-el-1  avia-builder-el-no-sibling  avia-align-center '  itemprop=\"image\" itemscope=\"itemscope\" itemtype=\"https:\/\/schema.org\/ImageObject\"  ><div class='avia-image-container-inner'><div class='avia-image-overlay-wrap'><img decoding=\"async\" class='wp-image-18332 avia-img-lazy-loading-not-18332 avia_image' src=\"https:\/\/radiorevelacionfm.cl\/wp-content\/uploads\/2022\/06\/Gore-1-1-1.jpeg\" alt='' title='Gore 1 (1) (1)' height=\"600\" width=\"966\"  itemprop=\"thumbnailUrl\" srcset=\"https:\/\/radiorevelacionfm.cl\/wp-content\/uploads\/2022\/06\/Gore-1-1-1.jpeg 966w, https:\/\/radiorevelacionfm.cl\/wp-content\/uploads\/2022\/06\/Gore-1-1-1-300x186.jpeg 300w, https:\/\/radiorevelacionfm.cl\/wp-content\/uploads\/2022\/06\/Gore-1-1-1-768x477.jpeg 768w, https:\/\/radiorevelacionfm.cl\/wp-content\/uploads\/2022\/06\/Gore-1-1-1-705x438.jpeg 705w, https:\/\/radiorevelacionfm.cl\/wp-content\/uploads\/2022\/06\/Gore-1-1-1-600x373.jpeg 600w\" sizes=\"(max-width: 966px) 100vw, 966px\" \/><\/div><\/div><\/div><\/div><div class=\"flex_column av_one_full  flex_column_div av-zero-column-padding first  avia-builder-el-2  el_after_av_one_full  el_before_av_one_full  column-top-margin\" style='border-radius:0px; '><section class=\"av_textblock_section \"  itemscope=\"itemscope\" itemtype=\"https:\/\/schema.org\/BlogPosting\" itemprop=\"blogPost\" ><div class='avia_textblock  '   itemprop=\"text\" ><p style=\"text-align: center;\"><strong><span style=\"font-size: 18pt;\">Un total de 29 proyectos regionales se financiar\u00e1n con recursos del Fondo de Medios 2022<\/span><\/strong><\/p>\n<div id=\"gtx-trans\" style=\"position: absolute; left: -50px; top: 4.31534px;\">\n<div class=\"gtx-trans-icon\"><\/div>\n<\/div>\n<\/div><\/section><\/div><div class=\"flex_column av_one_full  flex_column_div av-zero-column-padding first  avia-builder-el-4  el_after_av_one_full  el_before_av_hr  column-top-margin\" style='border-radius:0px; '><section class=\"av_textblock_section \"  itemscope=\"itemscope\" itemtype=\"https:\/\/schema.org\/BlogPosting\" itemprop=\"blogPost\" ><div class='avia_textblock  '   itemprop=\"text\" ><p class=\"v1MsoNormal\" style=\"text-align: justify;\">Durante la sesi\u00f3n del pasado 10 de junio, el pleno del Consejo Regional de Ays\u00e9n aprob\u00f3 la adjudicaci\u00f3n de recursos por\u00a0$91.825.242 para financiar los 29 proyectos que en esta ocasi\u00f3n fueron postulados al Fondo de Fomento de Medios de Comunicaci\u00f3n 2022, que entrega anualmente la Vocer\u00eda de Gobierno.<\/p>\n<p class=\"v1MsoNormal\" style=\"text-align: justify;\">En la oportunidad, la Seremi de Gobierno Tatiana Pl\u00e1 \u00c1lvarez valor\u00f3 y agradeci\u00f3 el inter\u00e9s de los medios de comunicaci\u00f3n de la regi\u00f3n por participar de esta instancia que permite financiar iniciativas comunicacionales por hasta 3 millones 800 mil pesos, a\u00f1adiendo que tras la decisi\u00f3n del Consejo Regional se est\u00e1n elaborando los convenios, pues los recursos deben ser transferidos a m\u00e1s tardar el 9 de agosto.<\/p>\n<p class=\"v1MsoNormal\" style=\"text-align: justify;\">\u00abNos alegra haber podido entregar y que se aprobara tan r\u00e1pido la lista de los 29 proyectos adjudicados en esta oportunidad. Ellos recibir\u00e1n entre todos un poco m\u00e1s de 91 millones de pesos para financiar sus iniciativas. Y por eso nos alegra poder entregar este Fondo, que naci\u00f3 en nuestra regi\u00f3n justamente para ayudar al financiamiento de los medios de comunicaci\u00f3n que realizan su trabajo en las exigentes duras condiciones clim\u00e1ticas y geogr\u00e1ficas de nuestra regi\u00f3n\u00bb, dijo.<\/p>\n<p class=\"v1MsoNormal\" style=\"text-align: justify;\">\u00abEs una perspectiva del gobierno del Presidente Gabriel Boric el garantizar la libertad de expresi\u00f3n y tener una mirada descentralizadora de las comunicaciones. Al respecto, creemos que instancias como estos Fondos respaldan a los medios regionales y locales y contribuyen a la pluralidad de los canales que informan y que fomentan la identidad de sus comunidades\u00bb, a\u00f1adi\u00f3 la Seremi..<\/p>\n<p class=\"v1MsoNormal\" style=\"text-align: justify;\">Cabe se\u00f1alar que una vez firmados los convenios comienza se hace entrega de los recursos econ\u00f3micos y comienza el proceso de ejecuci\u00f3n y seguimiento de los proyectos, que va entre el 09 de agosto y el 04 de noviembre. Le sigue el proceso de rendici\u00f3n por parte del medio, entre el lunes 7 y el viernes 18 de noviembre, y finalmente se revisa la rendici\u00f3n durante el mes de diciembre. Para mayores antecedentes se puede acceder al sitio\u00a0<a href=\"https:\/\/fondodemedios.gob.cl\/estado-concurso\/\" target=\"_blank\" rel=\"noopener noreferrer\">https:\/\/fondodemedios.gob.cl\/estado-concurso\/<\/a><\/p>\n<\/div><\/section><\/div><div  style='height:50px' class='hr hr-invisible   avia-builder-el-6  el_after_av_one_full  el_before_av_social_share '><span class='hr-inner ' ><span class='hr-inner-style'><\/span><\/span><\/div><\/p>\n<div  class='av-social-sharing-box  avia-builder-el-7  el_after_av_hr  el_before_av_hr  '><div class='av-share-box'><h5 class='av-share-link-description av-no-toc '>Compartir esta noticia<\/h5><ul class='av-share-box-list noLightbox'><li class='av-share-link av-social-link-facebook' ><a target=\"_blank\" aria-label=\"Compartir en Facebook\" href='https:\/\/www.facebook.com\/sharer.php?u=https:\/\/radiorevelacionfm.cl\/?p=18331&#038;t=Un%20total%20de%2029%20proyectos%20regionales%20se%20financiar%C3%A1n%20con%20recursos%20del%20Fondo%20de%20Medios%202022' aria-hidden='false' data-av_icon='\ue8f3' data-av_iconfont='entypo-fontello' title='' data-avia-related-tooltip='Compartir en Facebook' rel=\"noopener\"><span class='avia_hidden_link_text'>Compartir en Facebook<\/span><\/a><\/li><li class='av-share-link av-social-link-twitter' ><a target=\"_blank\" aria-label=\"Compartir en Twitter\" href='https:\/\/twitter.com\/share?text=Un%20total%20de%2029%20proyectos%20regionales%20se%20financiar%C3%A1n%20con%20recursos%20del%20Fondo%20de%20Medios%202022&#038;url=https:\/\/radiorevelacionfm.cl\/?p=18331' aria-hidden='false' data-av_icon='\ue8f1' data-av_iconfont='entypo-fontello' title='' data-avia-related-tooltip='Compartir en Twitter' rel=\"noopener\"><span class='avia_hidden_link_text'>Compartir en Twitter<\/span><\/a><\/li><li class='av-share-link av-social-link-whatsapp' ><a target=\"_blank\" aria-label=\"Compartir en Whatsapp\" href='https:\/\/api.whatsapp.com\/send?text=https:\/\/radiorevelacionfm.cl\/?p=18331' aria-hidden='false' data-av_icon='\uf232' data-av_iconfont='entypo-fontello' title='' data-avia-related-tooltip='Compartir en Whatsapp' rel=\"noopener\"><span class='avia_hidden_link_text'>Compartir en Whatsapp<\/span><\/a><\/li><li class='av-share-link av-social-link-linkedin' ><a target=\"_blank\" aria-label=\"Compartir en LinkedIn\" href='https:\/\/linkedin.com\/shareArticle?mini=true&#038;title=Un%20total%20de%2029%20proyectos%20regionales%20se%20financiar%C3%A1n%20con%20recursos%20del%20Fondo%20de%20Medios%202022&#038;url=https:\/\/radiorevelacionfm.cl\/?p=18331' aria-hidden='false' data-av_icon='\ue8fc' data-av_iconfont='entypo-fontello' title='' data-avia-related-tooltip='Compartir en LinkedIn' rel=\"noopener\"><span class='avia_hidden_link_text'>Compartir en LinkedIn<\/span><\/a><\/li><li class='av-share-link av-social-link-mail' ><a  aria-label=\"Compartir por correo\" href='mailto:?subject=Un%20total%20de%2029%20proyectos%20regionales%20se%20financiar%C3%A1n%20con%20recursos%20del%20Fondo%20de%20Medios%202022&#038;body=https:\/\/radiorevelacionfm.cl\/?p=18331' aria-hidden='false' data-av_icon='\ue805' data-av_iconfont='entypo-fontello' title='' data-avia-related-tooltip='Compartir por correo'><span class='avia_hidden_link_text'>Compartir por correo<\/span><\/a><\/li><\/ul><\/div><\/div>\n<div  style='height:50px' class='hr hr-invisible   avia-builder-el-8  el_after_av_social_share  el_before_av_comments_list '><span class='hr-inner ' ><span class='hr-inner-style'><\/span><\/span><\/div>\n<div  class='av-buildercomment  av-blog-meta-html-info-disabled av-blog-meta-tag-disabled  '><\/div>\n","protected":false},"excerpt":{"rendered":"","protected":false},"author":1,"featured_media":18332,"comment_status":"open","ping_status":"open","sticky":false,"template":"","format":"standard","meta":{"footnotes":""},"categories":[38],"tags":[],"class_list":["post-18331","post","type-post","status-publish","format-standard","has-post-thumbnail","hentry","category-regional"],"jetpack_featured_media_url":"https:\/\/radiorevelacionfm.cl\/wp-content\/uploads\/2022\/06\/Gore-1-1-1.jpeg","_links":{"self":[{"href":"https:\/\/radiorevelacionfm.cl\/index.php?rest_route=\/wp\/v2\/posts\/18331","targetHints":{"allow":["GET"]}}],"collection":[{"href":"https:\/\/radiorevelacionfm.cl\/index.php?rest_route=\/wp\/v2\/posts"}],"about":[{"href":"https:\/\/radiorevelacionfm.cl\/index.php?rest_route=\/wp\/v2\/types\/post"}],"author":[{"embeddable":true,"href":"https:\/\/radiorevelacionfm.cl\/index.php?rest_route=\/wp\/v2\/users\/1"}],"replies":[{"embeddable":true,"href":"https:\/\/radiorevelacionfm.cl\/index.php?rest_route=%2Fwp%2Fv2%2Fcomments&post=18331"}],"version-history":[{"count":1,"href":"https:\/\/radiorevelacionfm.cl\/index.php?rest_route=\/wp\/v2\/posts\/18331\/revisions"}],"predecessor-version":[{"id":18333,"href":"https:\/\/radiorevelacionfm.cl\/index.php?rest_route=\/wp\/v2\/posts\/18331\/revisions\/18333"}],"wp:featuredmedia":[{"embeddable":true,"href":"https:\/\/radiorevelacionfm.cl\/index.php?rest_route=\/wp\/v2\/media\/18332"}],"wp:attachment":[{"href":"https:\/\/radiorevelacionfm.cl\/index.php?rest_route=%2Fwp%2Fv2%2Fmedia&parent=18331"}],"wp:term":[{"taxonomy":"category","embeddable":true,"href":"https:\/\/radiorevelacionfm.cl\/index.php?rest_route=%2Fwp%2Fv2%2Fcategories&post=18331"},{"taxonomy":"post_tag","embeddable":true,"href":"https:\/\/radiorevelacionfm.cl\/index.php?rest_route=%2Fwp%2Fv2%2Ftags&post=18331"}],"curies":[{"name":"wp","href":"https:\/\/api.w.org\/{rel}","templated":true}]}}