{"id":18320,"date":"2022-06-22T19:20:30","date_gmt":"2022-06-22T22:20:30","guid":{"rendered":"https:\/\/radiorevelacionfm.cl\/?p=18320"},"modified":"2022-06-22T19:26:53","modified_gmt":"2022-06-22T22:26:53","slug":"labocar-en-coordinacion-con-fiscalia-realiza-peritajes-tras-lamentable-incendio-ocurrido-en-puerto-aysen","status":"publish","type":"post","link":"https:\/\/radiorevelacionfm.cl\/?p=18320","title":{"rendered":"Labocar en coordinaci\u00f3n con Fiscal\u00eda realiza peritajes tras lamentable incendio que dej\u00f3 una mujer fallecida en Puerto Ays\u00e9n"},"content":{"rendered":"<div class=\"flex_column av_one_full  flex_column_div av-zero-column-padding first  avia-builder-el-0  el_before_av_one_full  avia-builder-el-first  \" style='border-radius:0px; '><div  class='avia-image-container  av-styling-    avia-builder-el-1  avia-builder-el-no-sibling  avia-align-center '  itemprop=\"image\" itemscope=\"itemscope\" itemtype=\"https:\/\/schema.org\/ImageObject\"  ><div class='avia-image-container-inner'><div class='avia-image-overlay-wrap'><img decoding=\"async\" class='wp-image-18321 avia-img-lazy-loading-not-18321 avia_image' src=\"https:\/\/radiorevelacionfm.cl\/wp-content\/uploads\/2022\/06\/bca4c9fb-035e-4085-ae6a-32d94e811211-1-1.jpg\" alt='' title='bca4c9fb-035e-4085-ae6a-32d94e811211 (1) (1)' height=\"600\" width=\"800\"  itemprop=\"thumbnailUrl\" srcset=\"https:\/\/radiorevelacionfm.cl\/wp-content\/uploads\/2022\/06\/bca4c9fb-035e-4085-ae6a-32d94e811211-1-1.jpg 800w, https:\/\/radiorevelacionfm.cl\/wp-content\/uploads\/2022\/06\/bca4c9fb-035e-4085-ae6a-32d94e811211-1-1-300x225.jpg 300w, https:\/\/radiorevelacionfm.cl\/wp-content\/uploads\/2022\/06\/bca4c9fb-035e-4085-ae6a-32d94e811211-1-1-768x576.jpg 768w, https:\/\/radiorevelacionfm.cl\/wp-content\/uploads\/2022\/06\/bca4c9fb-035e-4085-ae6a-32d94e811211-1-1-705x529.jpg 705w, https:\/\/radiorevelacionfm.cl\/wp-content\/uploads\/2022\/06\/bca4c9fb-035e-4085-ae6a-32d94e811211-1-1-600x450.jpg 600w\" sizes=\"(max-width: 800px) 100vw, 800px\" \/><\/div><\/div><\/div><\/div>\n<div class=\"flex_column av_one_full  flex_column_div av-zero-column-padding first  avia-builder-el-2  el_after_av_one_full  el_before_av_one_full  column-top-margin\" style='border-radius:0px; '><section class=\"av_textblock_section \"  itemscope=\"itemscope\" itemtype=\"https:\/\/schema.org\/BlogPosting\" itemprop=\"blogPost\" ><div class='avia_textblock  '   itemprop=\"text\" ><p style=\"text-align: center;\"><span style=\"font-size: 18pt;\"><strong>Labocar en coordinaci\u00f3n con Fiscal\u00eda realiza peritajes tras lamentable incendio que dej\u00f3 una mujer fallecida en Puerto Ays\u00e9n<\/strong><\/span><\/p>\n<div id=\"gtx-trans\" style=\"position: absolute; left: -50px; top: 4.31534px;\">\n<div class=\"gtx-trans-icon\"><\/div>\n<\/div>\n<\/div><\/section><\/div><div class=\"flex_column av_one_full  flex_column_div av-zero-column-padding first  avia-builder-el-4  el_after_av_one_full  el_before_av_hr  column-top-margin\" style='border-radius:0px; '><section class=\"av_textblock_section \"  itemscope=\"itemscope\" itemtype=\"https:\/\/schema.org\/BlogPosting\" itemprop=\"blogPost\" ><div class='avia_textblock  '   itemprop=\"text\" ><p class=\"v1MsoNormal\" style=\"text-align: justify;\">Tras la emergencia, una persona de sexo femenino fue encontrada sin vida al interior de uno de los domicilios siniestrados, siendo los antecedentes puestos en conocimiento de la Fiscal\u00eda, emergencia que dej\u00f3 un saldo de 14 personas damnificadas.<\/p>\n<p class=\"v1MsoNormal\" style=\"text-align: justify;\">Peritos de Carabineros del Laboratorio de Criminal\u00edstica institucional (Labocar) \u2013en coordinaci\u00f3n con la Fiscal\u00eda- desarrollan diligencias de su especialidad orientadas a establecer la causa y origen de un incendio estructural registrado en la ciudad de Puerto Ays\u00e9n, as\u00ed como las circunstancias que rodearon el triste hecho, donde una persona de sexo femenino fue encontrada lamentablemente sin vida.<\/p>\n<p class=\"v1MsoNormal\" style=\"text-align: justify;\">Siendo aproximadamente las 00:45 horas, en virtud de un llamado telef\u00f3nico, el personal de Carabineros de la 2da. Comisar\u00eda de Puerto Ays\u00e9n se traslad\u00f3 hasta el pasaje Lago Riesco tras un incendio desatado en un inmueble, llamas que en pocos segundos alcanzaron a viviendas colindantes, las cuales resultaron con da\u00f1os de diversa consideraci\u00f3n.<\/p>\n<p class=\"v1MsoNormal\" style=\"text-align: justify;\">Luego del trabajo y maniobras de extinci\u00f3n del fuego por parte de Bomberos, fue encontrado por parte de los voluntarios -en uno de los inmuebles siniestrados- un cuerpo femenino sin vida, antecedentes que fueron informados a la Fiscal\u00eda siendo dispuesta la concurrencia de Labocar para el trabajo del sitio de suceso, indagatorias a las que se sum\u00f3 el Departamento de Investigaci\u00f3n de Incendios de Bomberos.<\/p>\n<p class=\"v1MsoNormal\" style=\"text-align: justify;\">Asimismo tras ocurrido el hecho, se constituy\u00f3 igualmente la Direcci\u00f3n de Desarrollo Comunitario de la Municipalidad de Ays\u00e9n, profesionales que una vez en el lugar realizaron contenci\u00f3n y apoyo a los damnificados, que totalizan 14 personas, quienes por el momento permanecen en casa de vecinos y familiares.<\/p>\n<p style=\"text-align: justify;\">Dadas las bajas temperaturas que eventualmente podr\u00edan llegar a los -9 grados en las pr\u00f3ximas horas, Carabineros inst\u00f3 a la comunidad a efectuar una revisi\u00f3n de los ductos de humo, realizar un peri\u00f3dico mantenimiento de cocinas y estufas a combusti\u00f3n, no utilice acelerantes como combustible u otros elementos altamente inflamables, no sobrecargue las conexiones el\u00e9ctricas, evite secar ropa cerca de estufas, mantenga dichos aparatos en lugares ventilados evitando as\u00ed intoxicaciones por acumulaci\u00f3n de mon\u00f3xido de carbono, asimismo Carabineros recomend\u00f3 mantener un extintor con la finalidad de controlar en un primer momento hecho inesperado \u2013mientras llegan los equipos de emergencia- y prevenir la p\u00e9rdida del hogar o tragedias relacionadas con la p\u00e9rdida de alg\u00fan ser querido.<\/p>\n<\/div><\/section><\/div><\/p>\n<div  style='height:50px' class='hr hr-invisible   avia-builder-el-6  el_after_av_one_full  el_before_av_social_share '><span class='hr-inner ' ><span class='hr-inner-style'><\/span><\/span><\/div>\n<div  class='av-social-sharing-box  avia-builder-el-7  el_after_av_hr  el_before_av_hr  '><div class='av-share-box'><h5 class='av-share-link-description av-no-toc '>Compartir esta noticia<\/h5><ul class='av-share-box-list noLightbox'><li class='av-share-link av-social-link-facebook' ><a target=\"_blank\" aria-label=\"Compartir en Facebook\" href='https:\/\/www.facebook.com\/sharer.php?u=https:\/\/radiorevelacionfm.cl\/?p=18320&#038;t=Labocar%20en%20coordinaci%C3%B3n%20con%20Fiscal%C3%ADa%20realiza%20peritajes%20tras%20lamentable%20incendio%20que%20dej%C3%B3%20una%20mujer%20fallecida%20en%20Puerto%20Ays%C3%A9n' aria-hidden='false' data-av_icon='\ue8f3' data-av_iconfont='entypo-fontello' title='' data-avia-related-tooltip='Compartir en Facebook' rel=\"noopener\"><span class='avia_hidden_link_text'>Compartir en Facebook<\/span><\/a><\/li><li class='av-share-link av-social-link-twitter' ><a target=\"_blank\" aria-label=\"Compartir en Twitter\" href='https:\/\/twitter.com\/share?text=Labocar%20en%20coordinaci%C3%B3n%20con%20Fiscal%C3%ADa%20realiza%20peritajes%20tras%20lamentable%20incendio%20que%20dej%C3%B3%20una%20mujer%20fallecida%20en%20Puerto%20Ays%C3%A9n&#038;url=https:\/\/radiorevelacionfm.cl\/?p=18320' aria-hidden='false' data-av_icon='\ue8f1' data-av_iconfont='entypo-fontello' title='' data-avia-related-tooltip='Compartir en Twitter' rel=\"noopener\"><span class='avia_hidden_link_text'>Compartir en Twitter<\/span><\/a><\/li><li class='av-share-link av-social-link-whatsapp' ><a target=\"_blank\" aria-label=\"Compartir en Whatsapp\" href='https:\/\/api.whatsapp.com\/send?text=https:\/\/radiorevelacionfm.cl\/?p=18320' aria-hidden='false' data-av_icon='\uf232' data-av_iconfont='entypo-fontello' title='' data-avia-related-tooltip='Compartir en Whatsapp' rel=\"noopener\"><span class='avia_hidden_link_text'>Compartir en Whatsapp<\/span><\/a><\/li><li class='av-share-link av-social-link-linkedin' ><a target=\"_blank\" aria-label=\"Compartir en LinkedIn\" href='https:\/\/linkedin.com\/shareArticle?mini=true&#038;title=Labocar%20en%20coordinaci%C3%B3n%20con%20Fiscal%C3%ADa%20realiza%20peritajes%20tras%20lamentable%20incendio%20que%20dej%C3%B3%20una%20mujer%20fallecida%20en%20Puerto%20Ays%C3%A9n&#038;url=https:\/\/radiorevelacionfm.cl\/?p=18320' aria-hidden='false' data-av_icon='\ue8fc' data-av_iconfont='entypo-fontello' title='' data-avia-related-tooltip='Compartir en LinkedIn' rel=\"noopener\"><span class='avia_hidden_link_text'>Compartir en LinkedIn<\/span><\/a><\/li><li class='av-share-link av-social-link-mail' ><a  aria-label=\"Compartir por correo\" href='mailto:?subject=Labocar%20en%20coordinaci%C3%B3n%20con%20Fiscal%C3%ADa%20realiza%20peritajes%20tras%20lamentable%20incendio%20que%20dej%C3%B3%20una%20mujer%20fallecida%20en%20Puerto%20Ays%C3%A9n&#038;body=https:\/\/radiorevelacionfm.cl\/?p=18320' aria-hidden='false' data-av_icon='\ue805' data-av_iconfont='entypo-fontello' title='' data-avia-related-tooltip='Compartir por correo'><span class='avia_hidden_link_text'>Compartir por correo<\/span><\/a><\/li><\/ul><\/div><\/div>\n<div  style='height:50px' class='hr hr-invisible   avia-builder-el-8  el_after_av_social_share  el_before_av_comments_list '><span class='hr-inner ' ><span class='hr-inner-style'><\/span><\/span><\/div>\n<div  class='av-buildercomment  av-blog-meta-html-info-disabled av-blog-meta-tag-disabled  '><\/div>\n","protected":false},"excerpt":{"rendered":"","protected":false},"author":1,"featured_media":18321,"comment_status":"open","ping_status":"open","sticky":false,"template":"","format":"standard","meta":{"footnotes":""},"categories":[36],"tags":[],"class_list":["post-18320","post","type-post","status-publish","format-standard","has-post-thumbnail","hentry","category-policial"],"jetpack_featured_media_url":"https:\/\/radiorevelacionfm.cl\/wp-content\/uploads\/2022\/06\/bca4c9fb-035e-4085-ae6a-32d94e811211-1-1.jpg","_links":{"self":[{"href":"https:\/\/radiorevelacionfm.cl\/index.php?rest_route=\/wp\/v2\/posts\/18320","targetHints":{"allow":["GET"]}}],"collection":[{"href":"https:\/\/radiorevelacionfm.cl\/index.php?rest_route=\/wp\/v2\/posts"}],"about":[{"href":"https:\/\/radiorevelacionfm.cl\/index.php?rest_route=\/wp\/v2\/types\/post"}],"author":[{"embeddable":true,"href":"https:\/\/radiorevelacionfm.cl\/index.php?rest_route=\/wp\/v2\/users\/1"}],"replies":[{"embeddable":true,"href":"https:\/\/radiorevelacionfm.cl\/index.php?rest_route=%2Fwp%2Fv2%2Fcomments&post=18320"}],"version-history":[{"count":3,"href":"https:\/\/radiorevelacionfm.cl\/index.php?rest_route=\/wp\/v2\/posts\/18320\/revisions"}],"predecessor-version":[{"id":18323,"href":"https:\/\/radiorevelacionfm.cl\/index.php?rest_route=\/wp\/v2\/posts\/18320\/revisions\/18323"}],"wp:featuredmedia":[{"embeddable":true,"href":"https:\/\/radiorevelacionfm.cl\/index.php?rest_route=\/wp\/v2\/media\/18321"}],"wp:attachment":[{"href":"https:\/\/radiorevelacionfm.cl\/index.php?rest_route=%2Fwp%2Fv2%2Fmedia&parent=18320"}],"wp:term":[{"taxonomy":"category","embeddable":true,"href":"https:\/\/radiorevelacionfm.cl\/index.php?rest_route=%2Fwp%2Fv2%2Fcategories&post=18320"},{"taxonomy":"post_tag","embeddable":true,"href":"https:\/\/radiorevelacionfm.cl\/index.php?rest_route=%2Fwp%2Fv2%2Ftags&post=18320"}],"curies":[{"name":"wp","href":"https:\/\/api.w.org\/{rel}","templated":true}]}}