{"id":18316,"date":"2022-06-22T19:03:57","date_gmt":"2022-06-22T22:03:57","guid":{"rendered":"https:\/\/radiorevelacionfm.cl\/?p=18316"},"modified":"2022-06-22T19:03:57","modified_gmt":"2022-06-22T22:03:57","slug":"ruta-medica-permitira-atender-a-personas-en-situacion-de-calle-a-traves-de-profesionales-del-consultorio-victor-domingo-silva","status":"publish","type":"post","link":"https:\/\/radiorevelacionfm.cl\/?p=18316","title":{"rendered":"Ruta M\u00e9dica permitir\u00e1 atender a personas en situaci\u00f3n de calle a trav\u00e9s de profesionales del Consultorio V\u00edctor Domingo Silva"},"content":{"rendered":"<div class=\"flex_column av_one_full  flex_column_div av-zero-column-padding first  avia-builder-el-0  el_before_av_one_full  avia-builder-el-first  \" style='border-radius:0px; '><div  class='avia-image-container  av-styling-    avia-builder-el-1  avia-builder-el-no-sibling  avia-align-center '  itemprop=\"image\" itemscope=\"itemscope\" itemtype=\"https:\/\/schema.org\/ImageObject\"  ><div class='avia-image-container-inner'><div class='avia-image-overlay-wrap'><img decoding=\"async\" class='wp-image-18317 avia-img-lazy-loading-not-18317 avia_image' src=\"https:\/\/radiorevelacionfm.cl\/wp-content\/uploads\/2022\/06\/ruta-mEdica-61-1_optimized.jpg\" alt='' title='ruta-m\u00c9dica-(6)1-(1)_optimized' height=\"600\" width=\"1283\"  itemprop=\"thumbnailUrl\" srcset=\"https:\/\/radiorevelacionfm.cl\/wp-content\/uploads\/2022\/06\/ruta-mEdica-61-1_optimized.jpg 1283w, https:\/\/radiorevelacionfm.cl\/wp-content\/uploads\/2022\/06\/ruta-mEdica-61-1_optimized-300x140.jpg 300w, https:\/\/radiorevelacionfm.cl\/wp-content\/uploads\/2022\/06\/ruta-mEdica-61-1_optimized-1030x482.jpg 1030w, https:\/\/radiorevelacionfm.cl\/wp-content\/uploads\/2022\/06\/ruta-mEdica-61-1_optimized-768x359.jpg 768w, https:\/\/radiorevelacionfm.cl\/wp-content\/uploads\/2022\/06\/ruta-mEdica-61-1_optimized-705x330.jpg 705w, https:\/\/radiorevelacionfm.cl\/wp-content\/uploads\/2022\/06\/ruta-mEdica-61-1_optimized-600x281.jpg 600w\" sizes=\"(max-width: 1283px) 100vw, 1283px\" \/><\/div><\/div><\/div><\/div><div class=\"flex_column av_one_full  flex_column_div av-zero-column-padding first  avia-builder-el-2  el_after_av_one_full  el_before_av_one_full  column-top-margin\" style='border-radius:0px; '><section class=\"av_textblock_section \"  itemscope=\"itemscope\" itemtype=\"https:\/\/schema.org\/BlogPosting\" itemprop=\"blogPost\" ><div class='avia_textblock  '   itemprop=\"text\" ><p style=\"text-align: center;\"><span style=\"font-size: 18pt;\"><b><span lang=\"ES\">Ruta M\u00e9dica permitir\u00e1 atender a personas en situaci\u00f3n de calle a trav\u00e9s de profesionales del Consultorio V\u00edctor Domingo Silva<\/span><\/b><\/span><\/p>\n<div id=\"gtx-trans\" style=\"position: absolute; left: -50px; top: 4.31534px;\">\n<div class=\"gtx-trans-icon\"><\/div>\n<\/div>\n<\/div><\/section><\/div><div class=\"flex_column av_one_full  flex_column_div av-zero-column-padding first  avia-builder-el-4  el_after_av_one_full  el_before_av_hr  column-top-margin\" style='border-radius:0px; '><section class=\"av_textblock_section \"  itemscope=\"itemscope\" itemtype=\"https:\/\/schema.org\/BlogPosting\" itemprop=\"blogPost\" ><div class='avia_textblock  '   itemprop=\"text\" ><p style=\"font-weight: 400; text-align: justify;\">Son decenas de personas en situaci\u00f3n de calle que pernoctan en el Hogar de Cristo de Coyhaique y otras alternativas ocasionales, espacios que nunca son suficientes para una poblaci\u00f3n que, por diversas razones, no cuenta con las condiciones m\u00ednimas que todo ser humano debe tener disponibles.<\/p>\n<p style=\"font-weight: 400; text-align: justify;\">Es as\u00ed que avanzar en dignidad es el compromiso que el Servicio de Salud Ays\u00e9n (SSA) tiene como mandato ciudadano, a trav\u00e9s de sus distintos dispositivos de salud, ubicados en toda la vasta regi\u00f3n de Ays\u00e9n. De este modo, el Centro de Salud Familiar (CESFAM) V\u00edctor Domingo Silva, se har\u00e1 cargo de la ruta m\u00e9dica que contempla atenci\u00f3n en el albergue Protege, recientemente inaugurado, como asimismo a personas que se encuentran en situaci\u00f3n de calle, en el marco del programa Noche Digna, Plan Protege Calle 2022 del Ministerio de Desarrollo Social.<\/p>\n<p style=\"font-weight: 400; text-align: justify;\">\u201cEstamos muy contentos de poder compartir con ustedes esta buena noticia. Con este convenio vamos a poder organizar y sistematizar las atenciones de salud que otorgamos a nuestros usuarios que pertenecen al programa calle. Esto nos permitir\u00e1 llevar atenciones de m\u00e9dico, enfermera, param\u00e9dicos hacia los usuarios m\u00e1s vulnerables, con una cartera de prestaciones que va desde consultas de morbilidades, controles de cr\u00f3nicos, entrega de f\u00e1rmacos, curaciones de heridas, propio de la atenci\u00f3n primaria. Estamos preocupados de acercar las atenciones de salud a nuestros usuarios, donde ellos est\u00e9n y estamos preparando el equipo de trabajo en terreno para coordinar con el Hogar de Cristo estas prestaciones\u201d, precis\u00f3 Sandra Paredes, directora del Consultorio.<\/p>\n<p style=\"font-weight: 400; text-align: justify;\">Son m\u00e1s de 21 millones de pesos que el Ministerio de Desarrollo Social transferir\u00e1 al SSA, a trav\u00e9s de esta iniciativa de Gobierno, destinada a financiar el dispositivo del Plan Protege Calle denominado Ruta M\u00e9dica, en la regi\u00f3n de Ays\u00e9n.<\/p>\n<p style=\"font-weight: 400; text-align: justify;\">\u201cNosotros tenemos la responsabilidad de tener una mejor salud para todas las personas y poder hacer este convenio es muy importante, por la labor social de todos quienes participan ac\u00e1, as\u00ed que generamos este convenio para entregar atenci\u00f3n de salud en este lugar y la ruta de calle, para que este crudo invierno que se avecina podamos tener a las personas bien controladas y atendidas. Es fundamental prevenir, para no lamentar situaciones complejas\u201d, agreg\u00f3 Gabriel Burgos, director del SSA.<\/p>\n<p style=\"font-weight: 400; text-align: justify;\">Mientras Betzab\u00e9 C\u00e1ceres, coordinador de Albergue Coyhaique a\u00f1adi\u00f3 que \u201cla ruta social y de salud vienen a complementar el trabajo con personas en situaci\u00f3n de calle, entregando de forma oportuna atenci\u00f3n en calle, alimentaci\u00f3n, abrigo e higiene y la primera atenci\u00f3n de salud, resguardando as\u00ed la salud y la vida de las personas que se encuentran en calle y que a\u00fan no acceden a alg\u00fan dispositivo de habitabilidad, orient\u00e1ndolas para que no duerman en la calle y la ruta de salud puede derivar a un centro en caso de ser necesario\u201d.<\/p>\n<p style=\"font-weight: 400; text-align: justify;\">\u201cPara nuestro gobierno encabezado por el presidente Gabriel Boric, el trabajo es darles a todos los ciudadanos una vida digna, adecuada y donde en invierno algunos la pueden pasar muy mal. Y destacar la interacci\u00f3n entre las distintas instituciones: Carabineros, Hogar de Cristo, Municipalidad, Ministerio de Desarrollo Social y Salud es uno de los objetivos, es decir, la importancia de relacionar las instituciones p\u00fablicas\u201d, acot\u00f3 finalmente Rodrigo Araya, delegado presidencial.<\/p>\n<\/div><\/section><\/div><div  style='height:50px' class='hr hr-invisible   avia-builder-el-6  el_after_av_one_full  el_before_av_social_share '><span class='hr-inner ' ><span class='hr-inner-style'><\/span><\/span><\/div><\/p>\n<div  class='av-social-sharing-box  avia-builder-el-7  el_after_av_hr  el_before_av_hr  '><div class='av-share-box'><h5 class='av-share-link-description av-no-toc '>Compartir esta noticia<\/h5><ul class='av-share-box-list noLightbox'><li class='av-share-link av-social-link-facebook' ><a target=\"_blank\" aria-label=\"Compartir en Facebook\" href='https:\/\/www.facebook.com\/sharer.php?u=https:\/\/radiorevelacionfm.cl\/?p=18316&#038;t=Ruta%20M%C3%A9dica%20permitir%C3%A1%20atender%20a%20personas%20en%20situaci%C3%B3n%20de%20calle%20a%20trav%C3%A9s%20de%20profesionales%20del%20Consultorio%20V%C3%ADctor%20Domingo%20Silva' aria-hidden='false' data-av_icon='\ue8f3' data-av_iconfont='entypo-fontello' title='' data-avia-related-tooltip='Compartir en Facebook' rel=\"noopener\"><span class='avia_hidden_link_text'>Compartir en Facebook<\/span><\/a><\/li><li class='av-share-link av-social-link-twitter' ><a target=\"_blank\" aria-label=\"Compartir en Twitter\" href='https:\/\/twitter.com\/share?text=Ruta%20M%C3%A9dica%20permitir%C3%A1%20atender%20a%20personas%20en%20situaci%C3%B3n%20de%20calle%20a%20trav%C3%A9s%20de%20profesionales%20del%20Consultorio%20V%C3%ADctor%20Domingo%20Silva&#038;url=https:\/\/radiorevelacionfm.cl\/?p=18316' aria-hidden='false' data-av_icon='\ue8f1' data-av_iconfont='entypo-fontello' title='' data-avia-related-tooltip='Compartir en Twitter' rel=\"noopener\"><span class='avia_hidden_link_text'>Compartir en Twitter<\/span><\/a><\/li><li class='av-share-link av-social-link-whatsapp' ><a target=\"_blank\" aria-label=\"Compartir en Whatsapp\" href='https:\/\/api.whatsapp.com\/send?text=https:\/\/radiorevelacionfm.cl\/?p=18316' aria-hidden='false' data-av_icon='\uf232' data-av_iconfont='entypo-fontello' title='' data-avia-related-tooltip='Compartir en Whatsapp' rel=\"noopener\"><span class='avia_hidden_link_text'>Compartir en Whatsapp<\/span><\/a><\/li><li class='av-share-link av-social-link-linkedin' ><a target=\"_blank\" aria-label=\"Compartir en LinkedIn\" href='https:\/\/linkedin.com\/shareArticle?mini=true&#038;title=Ruta%20M%C3%A9dica%20permitir%C3%A1%20atender%20a%20personas%20en%20situaci%C3%B3n%20de%20calle%20a%20trav%C3%A9s%20de%20profesionales%20del%20Consultorio%20V%C3%ADctor%20Domingo%20Silva&#038;url=https:\/\/radiorevelacionfm.cl\/?p=18316' aria-hidden='false' data-av_icon='\ue8fc' data-av_iconfont='entypo-fontello' title='' data-avia-related-tooltip='Compartir en LinkedIn' rel=\"noopener\"><span class='avia_hidden_link_text'>Compartir en LinkedIn<\/span><\/a><\/li><li class='av-share-link av-social-link-mail' ><a  aria-label=\"Compartir por correo\" href='mailto:?subject=Ruta%20M%C3%A9dica%20permitir%C3%A1%20atender%20a%20personas%20en%20situaci%C3%B3n%20de%20calle%20a%20trav%C3%A9s%20de%20profesionales%20del%20Consultorio%20V%C3%ADctor%20Domingo%20Silva&#038;body=https:\/\/radiorevelacionfm.cl\/?p=18316' aria-hidden='false' data-av_icon='\ue805' data-av_iconfont='entypo-fontello' title='' data-avia-related-tooltip='Compartir por correo'><span class='avia_hidden_link_text'>Compartir por correo<\/span><\/a><\/li><\/ul><\/div><\/div>\n<div  style='height:50px' class='hr hr-invisible   avia-builder-el-8  el_after_av_social_share  el_before_av_comments_list '><span class='hr-inner ' ><span class='hr-inner-style'><\/span><\/span><\/div>\n<div  class='av-buildercomment  av-blog-meta-html-info-disabled av-blog-meta-tag-disabled  '><\/div>\n","protected":false},"excerpt":{"rendered":"","protected":false},"author":1,"featured_media":18317,"comment_status":"open","ping_status":"open","sticky":false,"template":"","format":"standard","meta":{"footnotes":""},"categories":[46],"tags":[],"class_list":["post-18316","post","type-post","status-publish","format-standard","has-post-thumbnail","hentry","category-salud"],"jetpack_featured_media_url":"https:\/\/radiorevelacionfm.cl\/wp-content\/uploads\/2022\/06\/ruta-mEdica-61-1_optimized.jpg","_links":{"self":[{"href":"https:\/\/radiorevelacionfm.cl\/index.php?rest_route=\/wp\/v2\/posts\/18316","targetHints":{"allow":["GET"]}}],"collection":[{"href":"https:\/\/radiorevelacionfm.cl\/index.php?rest_route=\/wp\/v2\/posts"}],"about":[{"href":"https:\/\/radiorevelacionfm.cl\/index.php?rest_route=\/wp\/v2\/types\/post"}],"author":[{"embeddable":true,"href":"https:\/\/radiorevelacionfm.cl\/index.php?rest_route=\/wp\/v2\/users\/1"}],"replies":[{"embeddable":true,"href":"https:\/\/radiorevelacionfm.cl\/index.php?rest_route=%2Fwp%2Fv2%2Fcomments&post=18316"}],"version-history":[{"count":2,"href":"https:\/\/radiorevelacionfm.cl\/index.php?rest_route=\/wp\/v2\/posts\/18316\/revisions"}],"predecessor-version":[{"id":18319,"href":"https:\/\/radiorevelacionfm.cl\/index.php?rest_route=\/wp\/v2\/posts\/18316\/revisions\/18319"}],"wp:featuredmedia":[{"embeddable":true,"href":"https:\/\/radiorevelacionfm.cl\/index.php?rest_route=\/wp\/v2\/media\/18317"}],"wp:attachment":[{"href":"https:\/\/radiorevelacionfm.cl\/index.php?rest_route=%2Fwp%2Fv2%2Fmedia&parent=18316"}],"wp:term":[{"taxonomy":"category","embeddable":true,"href":"https:\/\/radiorevelacionfm.cl\/index.php?rest_route=%2Fwp%2Fv2%2Fcategories&post=18316"},{"taxonomy":"post_tag","embeddable":true,"href":"https:\/\/radiorevelacionfm.cl\/index.php?rest_route=%2Fwp%2Fv2%2Ftags&post=18316"}],"curies":[{"name":"wp","href":"https:\/\/api.w.org\/{rel}","templated":true}]}}