{"id":18313,"date":"2022-06-23T11:05:31","date_gmt":"2022-06-23T14:05:31","guid":{"rendered":"https:\/\/radiorevelacionfm.cl\/?p=18313"},"modified":"2022-06-23T11:05:31","modified_gmt":"2022-06-23T14:05:31","slug":"sence-da-conocer-oferta-programatica-destacando-las-postulaciones-abiertas-a-4-diplomados-gratuitos","status":"publish","type":"post","link":"https:\/\/radiorevelacionfm.cl\/?p=18313","title":{"rendered":"Sence da conocer oferta program\u00e1tica destacando las postulaciones abiertas a 4 diplomados gratuitos"},"content":{"rendered":"<div class=\"flex_column av_one_full  flex_column_div av-zero-column-padding first  avia-builder-el-0  el_before_av_one_full  avia-builder-el-first  \" style='border-radius:0px; '><div  class='avia-image-container  av-styling-    avia-builder-el-1  avia-builder-el-no-sibling  avia-align-center '  itemprop=\"image\" itemscope=\"itemscope\" itemtype=\"https:\/\/schema.org\/ImageObject\"  ><div class='avia-image-container-inner'><div class='avia-image-overlay-wrap'><img decoding=\"async\" class='wp-image-18314 avia-img-lazy-loading-not-18314 avia_image' src=\"https:\/\/radiorevelacionfm.cl\/wp-content\/uploads\/2022\/06\/SeremiDiaz_Sence_OProgramatica-1-1.jpg\" alt='' title='SeremiDiaz_Sence_OProgramatica (1) (1)' height=\"600\" width=\"1030\"  itemprop=\"thumbnailUrl\" srcset=\"https:\/\/radiorevelacionfm.cl\/wp-content\/uploads\/2022\/06\/SeremiDiaz_Sence_OProgramatica-1-1.jpg 1030w, https:\/\/radiorevelacionfm.cl\/wp-content\/uploads\/2022\/06\/SeremiDiaz_Sence_OProgramatica-1-1-300x175.jpg 300w, https:\/\/radiorevelacionfm.cl\/wp-content\/uploads\/2022\/06\/SeremiDiaz_Sence_OProgramatica-1-1-768x447.jpg 768w, https:\/\/radiorevelacionfm.cl\/wp-content\/uploads\/2022\/06\/SeremiDiaz_Sence_OProgramatica-1-1-705x411.jpg 705w, https:\/\/radiorevelacionfm.cl\/wp-content\/uploads\/2022\/06\/SeremiDiaz_Sence_OProgramatica-1-1-600x350.jpg 600w\" sizes=\"(max-width: 1030px) 100vw, 1030px\" \/><\/div><\/div><\/div><\/div><div class=\"flex_column av_one_full  flex_column_div av-zero-column-padding first  avia-builder-el-2  el_after_av_one_full  el_before_av_one_full  column-top-margin\" style='border-radius:0px; '><section class=\"av_textblock_section \"  itemscope=\"itemscope\" itemtype=\"https:\/\/schema.org\/BlogPosting\" itemprop=\"blogPost\" ><div class='avia_textblock  '   itemprop=\"text\" ><p style=\"text-align: center;\"><strong><span style=\"font-size: 18pt;\">Sence da conocer oferta program\u00e1tica destacando las postulaciones abiertas a 4 diplomados gratuitos<\/span><\/strong><\/p>\n<div id=\"gtx-trans\" style=\"position: absolute; left: -50px; top: 4.31534px;\">\n<div class=\"gtx-trans-icon\"><\/div>\n<\/div>\n<\/div><\/section><\/div><div class=\"flex_column av_one_full  flex_column_div av-zero-column-padding first  avia-builder-el-4  el_after_av_one_full  el_before_av_hr  column-top-margin\" style='border-radius:0px; '><section class=\"av_textblock_section \"  itemscope=\"itemscope\" itemtype=\"https:\/\/schema.org\/BlogPosting\" itemprop=\"blogPost\" ><div class='avia_textblock  '   itemprop=\"text\" ><p class=\"v1MsoNormal\" style=\"text-align: justify;\"><span lang=\"ES-MX\">En dependencias del Servicio de Capacitaci\u00f3n y Empleo, Sence, se dio a conocer la oferta program\u00e1tica del servicio, destacando cuatro diplomados denominados \u00abSociedad Digital\u00bb, en modalidad e-learning, confeccionados en alianza con el Instituto Profesional AIEP y Fundaci\u00f3n Telef\u00f3nica Movistar. Estos programadas est\u00e1n orientados a entregar herramientas y perfeccionar los conocimientos en materia digital de todas las personas que quieren aprender o reconvertirse en diferentes \u00e1mbitos laborales, para enfrentar los cambios generados por la contingencia mundial.<\/span><\/p>\n<p class=\"v1MsoNormal\" style=\"text-align: justify;\"><span lang=\"ES-MX\">En la oportunidad, la Directora Regional de Sence Ays\u00e9n, Katherine Kingma, se refiri\u00f3 a esta nueva oferta program\u00e1tica, manifestando \u00abEsta iniciativa llega a fortalecer la formaci\u00f3n de todos nuestros trabajadores\/as y estudiantes que en un futuro formar\u00e1n parte del mercado laboral. Esta es una tremenda oportunidad de perfeccionarse y ampliar competencias en el \u00e1rea digital, considerando la actual din\u00e1mica donde muchos puestos de trabajos se han tenido que reinventar o bien incorporar tecnolog\u00eda que antes de la pandemia se percib\u00eda lejano. Adem\u00e1s, quiero contarles que tenemos disponible el curso de \u00abEncargado de Limpieza y Sanitizaci\u00f3n\u00bb, perteneciente al programa Becas Fondo Cesant\u00eda Solidario 2022, al que pueden postular mujeres y hombres que sean beneficiarios\/as activos\/as del Fondo de Cesant\u00eda Solidario en el momento de la postulaci\u00f3n y que se encuentren inscritos en la Bolsa Nacional de Empleo, BNE. Todo esto a trav\u00e9s de nuestra p\u00e1gina web\u00a0<\/span><span lang=\"ES\"><a href=\"http:\/\/www.sence.cl\/\" target=\"_blank\" rel=\"noopener noreferrer\"><span lang=\"ES-MX\">www.sence.cl<\/span><\/a><\/span><span lang=\"ES-MX\">\u00bb se\u00f1al\u00f3.<\/span><\/p>\n<p class=\"v1MsoNormal\" style=\"text-align: justify;\"><span lang=\"ES-MX\">A su vez, el Seremi del Trabajo y Previsi\u00f3n Social de Ays\u00e9n, Rodrigo D\u00edaz, destac\u00f3 la oferta program\u00e1tica que tiene Sence, haciendo hincapi\u00e9 en los Subsidios al Empleo, \u00abPara el Gobierno del Presidente Boric, ha sido una prioridad este tema y debo partir por el Subsidio Protege, que va orientado a las madres trabajadoras, dependientes e independientes, las postulaciones est\u00e1n abiertas hasta septiembre y tenemos al d\u00eda de hoy una cantidad de 454 beneficiarias en la regi\u00f3n, con un monto de aproximado de $300 millones de pesos de inversi\u00f3n. Tambi\u00e9n el IFE Laboral, donde tenemos en la regi\u00f3n 5.400 beneficiarios y beneficiarias, con un monto al d\u00eda de hoy de $2.800 millones y finalmente, como lo mencion\u00f3 la directora, los diplomados que son una herramienta potente, por insisto a que ingresen a la p\u00e1gina, ya que estos cupos son nacionales, y revisen porque todos sabemos lo que significa un diplomado en un curriculum, no es menor\u00bb concluy\u00f3.<\/span><\/p>\n<p class=\"v1MsoNormal\" style=\"text-align: justify;\"><span lang=\"ES-MX\">Los diplomados son: \u00abDise\u00f1o y programaci\u00f3n web\u00bb;\u00a0\u00abComunicaciones en la era digital\u00bb; \u00abEmprendimiento social y marketing personal\u00bb; \u00abMarketing digital y gesti\u00f3n estrat\u00e9gica\u00bb. Tienen una duraci\u00f3n entre 90 y 100 horas, y est\u00e1n compuestos de 3 cursos en l\u00ednea de Fundaci\u00f3n Telef\u00f3nica Movistar, m\u00e1s dos clases magistrales realizadas por expertos en el tema que aborda cada diplomado.<\/span><\/p>\n<p class=\"v1MsoNormal\" style=\"text-align: justify;\"><span lang=\"ES-MX\">Para acceder a la oferta de diplomados, las personas deber\u00e1n ser mayores de 18 a\u00f1os y contar con\u00a0<\/span><span lang=\"ES-MX\">Educaci\u00f3n Media completa y Clave \u00danica. En relaci\u00f3n con los cupos disponibles, las inscripciones estar\u00e1n abiertas hasta el 30 de junio o hasta agotar los cupos. Para inscribirse, se debe ingresar al banner de \u00abDiplomados Sociedad Digital\u00bb en\u00a0<\/span><span lang=\"ES\"><a href=\"http:\/\/www.sence.cl\/\" target=\"_blank\" rel=\"noopener noreferrer\"><span lang=\"ES-MX\">http:\/\/www.sence.cl<\/span><\/a><\/span><span lang=\"ES-MX\">.<\/span><\/p>\n<p class=\"v1MsoNormal\" style=\"text-align: justify;\"><span lang=\"ES-MX\">Adem\u00e1s del programa Becas Fondo de Cesant\u00eda, anunciado por la directora, Sence contin\u00faa tambi\u00e9n con el Subsidio al Empleo Joven, Bono Mujer Trabajadora y los cursos online gratuitos en diversas materias. \u00a0<\/span><\/p>\n<p class=\"v1MsoNormal\" style=\"text-align: justify;\"><span lang=\"ES-MX\">\u00a0<\/span><\/p>\n<\/div><\/section><\/div><div  style='height:50px' class='hr hr-invisible   avia-builder-el-6  el_after_av_one_full  el_before_av_social_share '><span class='hr-inner ' ><span class='hr-inner-style'><\/span><\/span><\/div><\/p>\n<div  class='av-social-sharing-box  avia-builder-el-7  el_after_av_hr  el_before_av_hr  '><div class='av-share-box'><h5 class='av-share-link-description av-no-toc '>Compartir esta noticia<\/h5><ul class='av-share-box-list noLightbox'><li class='av-share-link av-social-link-facebook' ><a target=\"_blank\" aria-label=\"Compartir en Facebook\" href='https:\/\/www.facebook.com\/sharer.php?u=https:\/\/radiorevelacionfm.cl\/?p=18313&#038;t=Sence%20da%20conocer%20oferta%20program%C3%A1tica%20destacando%20las%20postulaciones%20abiertas%20a%204%20diplomados%20gratuitos' aria-hidden='false' data-av_icon='\ue8f3' data-av_iconfont='entypo-fontello' title='' data-avia-related-tooltip='Compartir en Facebook' rel=\"noopener\"><span class='avia_hidden_link_text'>Compartir en Facebook<\/span><\/a><\/li><li class='av-share-link av-social-link-twitter' ><a target=\"_blank\" aria-label=\"Compartir en Twitter\" href='https:\/\/twitter.com\/share?text=Sence%20da%20conocer%20oferta%20program%C3%A1tica%20destacando%20las%20postulaciones%20abiertas%20a%204%20diplomados%20gratuitos&#038;url=https:\/\/radiorevelacionfm.cl\/?p=18313' aria-hidden='false' data-av_icon='\ue8f1' data-av_iconfont='entypo-fontello' title='' data-avia-related-tooltip='Compartir en Twitter' rel=\"noopener\"><span class='avia_hidden_link_text'>Compartir en Twitter<\/span><\/a><\/li><li class='av-share-link av-social-link-whatsapp' ><a target=\"_blank\" aria-label=\"Compartir en Whatsapp\" href='https:\/\/api.whatsapp.com\/send?text=https:\/\/radiorevelacionfm.cl\/?p=18313' aria-hidden='false' data-av_icon='\uf232' data-av_iconfont='entypo-fontello' title='' data-avia-related-tooltip='Compartir en Whatsapp' rel=\"noopener\"><span class='avia_hidden_link_text'>Compartir en Whatsapp<\/span><\/a><\/li><li class='av-share-link av-social-link-linkedin' ><a target=\"_blank\" aria-label=\"Compartir en LinkedIn\" href='https:\/\/linkedin.com\/shareArticle?mini=true&#038;title=Sence%20da%20conocer%20oferta%20program%C3%A1tica%20destacando%20las%20postulaciones%20abiertas%20a%204%20diplomados%20gratuitos&#038;url=https:\/\/radiorevelacionfm.cl\/?p=18313' aria-hidden='false' data-av_icon='\ue8fc' data-av_iconfont='entypo-fontello' title='' data-avia-related-tooltip='Compartir en LinkedIn' rel=\"noopener\"><span class='avia_hidden_link_text'>Compartir en LinkedIn<\/span><\/a><\/li><li class='av-share-link av-social-link-mail' ><a  aria-label=\"Compartir por correo\" href='mailto:?subject=Sence%20da%20conocer%20oferta%20program%C3%A1tica%20destacando%20las%20postulaciones%20abiertas%20a%204%20diplomados%20gratuitos&#038;body=https:\/\/radiorevelacionfm.cl\/?p=18313' aria-hidden='false' data-av_icon='\ue805' data-av_iconfont='entypo-fontello' title='' data-avia-related-tooltip='Compartir por correo'><span class='avia_hidden_link_text'>Compartir por correo<\/span><\/a><\/li><\/ul><\/div><\/div>\n<div  style='height:50px' class='hr hr-invisible   avia-builder-el-8  el_after_av_social_share  el_before_av_comments_list '><span class='hr-inner ' ><span class='hr-inner-style'><\/span><\/span><\/div>\n<div  class='av-buildercomment  av-blog-meta-html-info-disabled av-blog-meta-tag-disabled  '><\/div>\n","protected":false},"excerpt":{"rendered":"","protected":false},"author":1,"featured_media":18314,"comment_status":"open","ping_status":"open","sticky":false,"template":"","format":"standard","meta":{"footnotes":""},"categories":[56],"tags":[],"class_list":["post-18313","post","type-post","status-publish","format-standard","has-post-thumbnail","hentry","category-trabajo"],"jetpack_featured_media_url":"https:\/\/radiorevelacionfm.cl\/wp-content\/uploads\/2022\/06\/SeremiDiaz_Sence_OProgramatica-1-1.jpg","_links":{"self":[{"href":"https:\/\/radiorevelacionfm.cl\/index.php?rest_route=\/wp\/v2\/posts\/18313","targetHints":{"allow":["GET"]}}],"collection":[{"href":"https:\/\/radiorevelacionfm.cl\/index.php?rest_route=\/wp\/v2\/posts"}],"about":[{"href":"https:\/\/radiorevelacionfm.cl\/index.php?rest_route=\/wp\/v2\/types\/post"}],"author":[{"embeddable":true,"href":"https:\/\/radiorevelacionfm.cl\/index.php?rest_route=\/wp\/v2\/users\/1"}],"replies":[{"embeddable":true,"href":"https:\/\/radiorevelacionfm.cl\/index.php?rest_route=%2Fwp%2Fv2%2Fcomments&post=18313"}],"version-history":[{"count":2,"href":"https:\/\/radiorevelacionfm.cl\/index.php?rest_route=\/wp\/v2\/posts\/18313\/revisions"}],"predecessor-version":[{"id":18335,"href":"https:\/\/radiorevelacionfm.cl\/index.php?rest_route=\/wp\/v2\/posts\/18313\/revisions\/18335"}],"wp:featuredmedia":[{"embeddable":true,"href":"https:\/\/radiorevelacionfm.cl\/index.php?rest_route=\/wp\/v2\/media\/18314"}],"wp:attachment":[{"href":"https:\/\/radiorevelacionfm.cl\/index.php?rest_route=%2Fwp%2Fv2%2Fmedia&parent=18313"}],"wp:term":[{"taxonomy":"category","embeddable":true,"href":"https:\/\/radiorevelacionfm.cl\/index.php?rest_route=%2Fwp%2Fv2%2Fcategories&post=18313"},{"taxonomy":"post_tag","embeddable":true,"href":"https:\/\/radiorevelacionfm.cl\/index.php?rest_route=%2Fwp%2Fv2%2Ftags&post=18313"}],"curies":[{"name":"wp","href":"https:\/\/api.w.org\/{rel}","templated":true}]}}