{"id":18310,"date":"2022-06-23T10:59:08","date_gmt":"2022-06-23T13:59:08","guid":{"rendered":"https:\/\/radiorevelacionfm.cl\/?p=18310"},"modified":"2022-06-23T10:59:08","modified_gmt":"2022-06-23T13:59:08","slug":"alcalde-de-aysen-expuso-ante-comisiones-del-senado-y-educacion-problematicas-sociales-de-urgencia","status":"publish","type":"post","link":"https:\/\/radiorevelacionfm.cl\/?p=18310","title":{"rendered":"Alcalde de Ays\u00e9n expuso ante comisiones del Senado y Educaci\u00f3n problem\u00e1ticas sociales de urgencia"},"content":{"rendered":"<div class=\"flex_column av_one_full  flex_column_div av-zero-column-padding first  avia-builder-el-0  el_before_av_one_full  avia-builder-el-first  \" style='border-radius:0px; '><div  class='avia-image-container  av-styling-    avia-builder-el-1  avia-builder-el-no-sibling  avia-align-center '  itemprop=\"image\" itemscope=\"itemscope\" itemtype=\"https:\/\/schema.org\/ImageObject\"  ><div class='avia-image-container-inner'><div class='avia-image-overlay-wrap'><img decoding=\"async\" class='wp-image-18311 avia-img-lazy-loading-not-18311 avia_image' src=\"https:\/\/radiorevelacionfm.cl\/wp-content\/uploads\/2022\/06\/Img-senado-Muniaysen1-1-1.jpg\" alt='' title='Img-senado-Muniaysen1 (1) (1)' height=\"600\" width=\"804\"  itemprop=\"thumbnailUrl\" srcset=\"https:\/\/radiorevelacionfm.cl\/wp-content\/uploads\/2022\/06\/Img-senado-Muniaysen1-1-1.jpg 804w, https:\/\/radiorevelacionfm.cl\/wp-content\/uploads\/2022\/06\/Img-senado-Muniaysen1-1-1-300x224.jpg 300w, https:\/\/radiorevelacionfm.cl\/wp-content\/uploads\/2022\/06\/Img-senado-Muniaysen1-1-1-768x573.jpg 768w, https:\/\/radiorevelacionfm.cl\/wp-content\/uploads\/2022\/06\/Img-senado-Muniaysen1-1-1-705x526.jpg 705w, https:\/\/radiorevelacionfm.cl\/wp-content\/uploads\/2022\/06\/Img-senado-Muniaysen1-1-1-600x448.jpg 600w\" sizes=\"(max-width: 804px) 100vw, 804px\" \/><\/div><\/div><\/div><\/div><div class=\"flex_column av_one_full  flex_column_div av-zero-column-padding first  avia-builder-el-2  el_after_av_one_full  el_before_av_one_full  column-top-margin\" style='border-radius:0px; '><section class=\"av_textblock_section \"  itemscope=\"itemscope\" itemtype=\"https:\/\/schema.org\/BlogPosting\" itemprop=\"blogPost\" ><div class='avia_textblock  '   itemprop=\"text\" ><p style=\"text-align: center;\"><strong><span style=\"font-size: 18pt;\">Alcalde de Ays\u00e9n expuso ante comisiones del Senado y Educaci\u00f3n problem\u00e1ticas sociales de urgencia<\/span><\/strong><\/p>\n<div id=\"gtx-trans\" style=\"position: absolute; left: -50px; top: 4.31534px;\">\n<div class=\"gtx-trans-icon\"><\/div>\n<\/div>\n<\/div><\/section><\/div><div class=\"flex_column av_one_full  flex_column_div av-zero-column-padding first  avia-builder-el-4  el_after_av_one_full  el_before_av_hr  column-top-margin\" style='border-radius:0px; '><section class=\"av_textblock_section \"  itemscope=\"itemscope\" itemtype=\"https:\/\/schema.org\/BlogPosting\" itemprop=\"blogPost\" ><div class='avia_textblock  '   itemprop=\"text\" ><p style=\"text-align: justify;\">Con el objetivo de fortalecer los gobiernos locales y buscar mejoras en la Educaci\u00f3n que hoy reciben los ni\u00f1os, ni\u00f1as y adolescentes de la comuna porte\u00f1a en el sistema municipal, previo al traspaso que se debe efectuar al Estado, el alcalde de Ays\u00e9n, Julio Uribe Alvarado, expuso en las comisiones de Zonas Extremas y de Educaci\u00f3n del Senado de la Rep\u00fablica. Lugar desde el cual le present\u00f3 a los representantes de las diversas regiones del pa\u00eds lo que ocurre a nivel local en Islas Huichas, Ma\u00f1ihuales, Pto Chacabuco y Pto Ays\u00e9n y que hoy son las demandas que los vecinos y vecinas presentan para mejorar su calidad de vida. El l\u00edder comunal destac\u00f3 que estas soluciones son necesarias de abordar en Valpara\u00edso debido a la toma de decisiones centrales que se efect\u00faan para el presupuesto nacional.<\/p>\n<p style=\"text-align: justify;\">Frente a esto, la primera autoridad comunal, Julio Uribe Alvarado, expuso la relevancia de los encuentros \u201chemos tenido dos reuniones muy importantes, una en la Comisi\u00f3n de Zonas Extremas del Senado en la cual pudimos estar con la ministra Siches y planteando dificultades y lo que importante que es para nosotros, el Plan de Zonas Extremas. Luego de ello fuimos a la Comisi\u00f3n de Educaci\u00f3n del Senado donde se encontraban las senadoras Yasna Provoste y Ximena \u00d3rdenes, el ministro de educaci\u00f3n y pudimos plantear enf\u00e1ticamente todos los problemas y necesidades que tiene nuestra comunidad en esta materia\u201d.<\/p>\n<p style=\"text-align: justify;\">Con ello, agreg\u00f3 que en este \u00faltimo punto en cuanto a Educaci\u00f3n se refiere parte de la conversaci\u00f3n rond\u00f3 en la calefacci\u00f3n del colegio existente en Villa Ma\u00f1ihuales, las licencias m\u00e9dicas que presentan los profesores en el sistema municipal, el transporte del suministro correspondiente a insumos para las localidades de Islas Huichas y la falta de vivienda para los docentes que llegan hasta la zona insular.\u00a0 Adem\u00e1s, de realizar un hincapi\u00e9 en las dudas que genera la no consideraci\u00f3n de traspaso al Servicio Local de Educaci\u00f3n P\u00fablica de los choferes y Orquestas, lo que fue bien recogido por el ministro para una soluci\u00f3n.<\/p>\n<p style=\"text-align: justify;\">\u201cPor lo tanto, los diferentes ministros y senadores pudieron interiorizarse de lo que est\u00e1 ocurriendo y de las problem\u00e1ticas que tenemos hoy en d\u00eda c\u00f3mo poder solucionarlas a futuro. Nos vamos muy contentos, estas materias no se pueden tratar a nivel regional porque no existen las soluciones, pero s\u00ed a nivel nacional puede estar contemplado en el pr\u00f3ximo presupuesto lo que estamos solicitando\u201d, abord\u00f3 el alcalde Julio Uribe.<\/p>\n<p style=\"text-align: justify;\">En tanto, el Ministro de Educaci\u00f3n del Presidente Boric, Marco Antonio \u00c1vila Lavanal, junto con destacar el encuentro, expres\u00f3 su comprensi\u00f3n ante los hechos relatados por los alcaldes de Ays\u00e9n y Coyhaique en el encuentro, \u201centendemos que ellos representan la realidad de la regi\u00f3n y especialmente las necesidades m\u00e1s importantes. Vamos a revisar en una siguiente reuni\u00f3n las posibilidades que tenemos de apoyar a la gesti\u00f3n municipal y valoramos el trabajo de los alcaldes apoyando la Educaci\u00f3n P\u00fablica y creemos que tenemos que seguir en la misma l\u00ednea con tal de que los traspasos en el a\u00f1o 2024 a los Servicios Locales sean en buena forma, buscaremos un conjunto de soluciones. Esto tambi\u00e9n tiene que ver con un proyecto de Ley que vamos a presentar a trav\u00e9s del Senado para poder hacer alguna restituci\u00f3n por ejemplo de los Fondos de Apoyo a la Educaci\u00f3n P\u00fablica (FAEP) y esperamos que esto sea un alivio para todos los alcaldes de la Regi\u00f3n de Ays\u00e9n\u201d.<\/p>\n<p style=\"text-align: justify;\">Finalmente, la Senadora Ximena \u00d3rdenes Neira, quien fue clave para las gestiones encabezadas por el alcalde de Ays\u00e9n en su paso por la capital del pa\u00eds destac\u00f3 que para ella es fundamental aportar al trabajo de los alcaldes de la Regi\u00f3n. En este caso, apoyando las reuniones sostenidas por Julio Uribe tanto con el Ministerio del Deporte, Medio Ambiente, con la Subsecretar\u00eda de Desarrollo Regional y Administrativo, con el ministro de Educaci\u00f3n y con la presidenta de la Comisi\u00f3n de Educaci\u00f3n. \u201cTenemos una serie de desaf\u00edos y estos tienen cara local, lo que queremos nosotros es plantear las preocupaciones y que se genere el apoyo respectivo para tener programas, planes de acci\u00f3n y tambi\u00e9n financiamiento que les permita especialmente a los alcaldes desarrollar su gesti\u00f3n de la mejor manera posible\u201d, sentenci\u00f3 la representante por la circunscripci\u00f3n 14 de la Regi\u00f3n de Ays\u00e9n.<\/p>\n<\/div><\/section><\/div><div  style='height:50px' class='hr hr-invisible   avia-builder-el-6  el_after_av_one_full  el_before_av_social_share '><span class='hr-inner ' ><span class='hr-inner-style'><\/span><\/span><\/div><\/p>\n<div  class='av-social-sharing-box  avia-builder-el-7  el_after_av_hr  el_before_av_hr  '><div class='av-share-box'><h5 class='av-share-link-description av-no-toc '>Compartir esta noticia<\/h5><ul class='av-share-box-list noLightbox'><li class='av-share-link av-social-link-facebook' ><a target=\"_blank\" aria-label=\"Compartir en Facebook\" href='https:\/\/www.facebook.com\/sharer.php?u=https:\/\/radiorevelacionfm.cl\/?p=18310&#038;t=Alcalde%20de%20Ays%C3%A9n%20expuso%20ante%20comisiones%20del%20Senado%20y%20Educaci%C3%B3n%20problem%C3%A1ticas%20sociales%20de%20urgencia' aria-hidden='false' data-av_icon='\ue8f3' data-av_iconfont='entypo-fontello' title='' data-avia-related-tooltip='Compartir en Facebook' rel=\"noopener\"><span class='avia_hidden_link_text'>Compartir en Facebook<\/span><\/a><\/li><li class='av-share-link av-social-link-twitter' ><a target=\"_blank\" aria-label=\"Compartir en Twitter\" href='https:\/\/twitter.com\/share?text=Alcalde%20de%20Ays%C3%A9n%20expuso%20ante%20comisiones%20del%20Senado%20y%20Educaci%C3%B3n%20problem%C3%A1ticas%20sociales%20de%20urgencia&#038;url=https:\/\/radiorevelacionfm.cl\/?p=18310' aria-hidden='false' data-av_icon='\ue8f1' data-av_iconfont='entypo-fontello' title='' data-avia-related-tooltip='Compartir en Twitter' rel=\"noopener\"><span class='avia_hidden_link_text'>Compartir en Twitter<\/span><\/a><\/li><li class='av-share-link av-social-link-whatsapp' ><a target=\"_blank\" aria-label=\"Compartir en Whatsapp\" href='https:\/\/api.whatsapp.com\/send?text=https:\/\/radiorevelacionfm.cl\/?p=18310' aria-hidden='false' data-av_icon='\uf232' data-av_iconfont='entypo-fontello' title='' data-avia-related-tooltip='Compartir en Whatsapp' rel=\"noopener\"><span class='avia_hidden_link_text'>Compartir en Whatsapp<\/span><\/a><\/li><li class='av-share-link av-social-link-linkedin' ><a target=\"_blank\" aria-label=\"Compartir en LinkedIn\" href='https:\/\/linkedin.com\/shareArticle?mini=true&#038;title=Alcalde%20de%20Ays%C3%A9n%20expuso%20ante%20comisiones%20del%20Senado%20y%20Educaci%C3%B3n%20problem%C3%A1ticas%20sociales%20de%20urgencia&#038;url=https:\/\/radiorevelacionfm.cl\/?p=18310' aria-hidden='false' data-av_icon='\ue8fc' data-av_iconfont='entypo-fontello' title='' data-avia-related-tooltip='Compartir en LinkedIn' rel=\"noopener\"><span class='avia_hidden_link_text'>Compartir en LinkedIn<\/span><\/a><\/li><li class='av-share-link av-social-link-mail' ><a  aria-label=\"Compartir por correo\" href='mailto:?subject=Alcalde%20de%20Ays%C3%A9n%20expuso%20ante%20comisiones%20del%20Senado%20y%20Educaci%C3%B3n%20problem%C3%A1ticas%20sociales%20de%20urgencia&#038;body=https:\/\/radiorevelacionfm.cl\/?p=18310' aria-hidden='false' data-av_icon='\ue805' data-av_iconfont='entypo-fontello' title='' data-avia-related-tooltip='Compartir por correo'><span class='avia_hidden_link_text'>Compartir por correo<\/span><\/a><\/li><\/ul><\/div><\/div>\n<div  style='height:50px' class='hr hr-invisible   avia-builder-el-8  el_after_av_social_share  el_before_av_comments_list '><span class='hr-inner ' ><span class='hr-inner-style'><\/span><\/span><\/div>\n<div  class='av-buildercomment  av-blog-meta-html-info-disabled av-blog-meta-tag-disabled  '><\/div>\n","protected":false},"excerpt":{"rendered":"","protected":false},"author":1,"featured_media":18311,"comment_status":"open","ping_status":"open","sticky":false,"template":"","format":"standard","meta":{"footnotes":""},"categories":[38],"tags":[],"class_list":["post-18310","post","type-post","status-publish","format-standard","has-post-thumbnail","hentry","category-regional"],"jetpack_featured_media_url":"https:\/\/radiorevelacionfm.cl\/wp-content\/uploads\/2022\/06\/Img-senado-Muniaysen1-1-1.jpg","_links":{"self":[{"href":"https:\/\/radiorevelacionfm.cl\/index.php?rest_route=\/wp\/v2\/posts\/18310","targetHints":{"allow":["GET"]}}],"collection":[{"href":"https:\/\/radiorevelacionfm.cl\/index.php?rest_route=\/wp\/v2\/posts"}],"about":[{"href":"https:\/\/radiorevelacionfm.cl\/index.php?rest_route=\/wp\/v2\/types\/post"}],"author":[{"embeddable":true,"href":"https:\/\/radiorevelacionfm.cl\/index.php?rest_route=\/wp\/v2\/users\/1"}],"replies":[{"embeddable":true,"href":"https:\/\/radiorevelacionfm.cl\/index.php?rest_route=%2Fwp%2Fv2%2Fcomments&post=18310"}],"version-history":[{"count":2,"href":"https:\/\/radiorevelacionfm.cl\/index.php?rest_route=\/wp\/v2\/posts\/18310\/revisions"}],"predecessor-version":[{"id":18334,"href":"https:\/\/radiorevelacionfm.cl\/index.php?rest_route=\/wp\/v2\/posts\/18310\/revisions\/18334"}],"wp:featuredmedia":[{"embeddable":true,"href":"https:\/\/radiorevelacionfm.cl\/index.php?rest_route=\/wp\/v2\/media\/18311"}],"wp:attachment":[{"href":"https:\/\/radiorevelacionfm.cl\/index.php?rest_route=%2Fwp%2Fv2%2Fmedia&parent=18310"}],"wp:term":[{"taxonomy":"category","embeddable":true,"href":"https:\/\/radiorevelacionfm.cl\/index.php?rest_route=%2Fwp%2Fv2%2Fcategories&post=18310"},{"taxonomy":"post_tag","embeddable":true,"href":"https:\/\/radiorevelacionfm.cl\/index.php?rest_route=%2Fwp%2Fv2%2Ftags&post=18310"}],"curies":[{"name":"wp","href":"https:\/\/api.w.org\/{rel}","templated":true}]}}