{"id":18307,"date":"2022-06-22T17:14:01","date_gmt":"2022-06-22T20:14:01","guid":{"rendered":"https:\/\/radiorevelacionfm.cl\/?p=18307"},"modified":"2022-06-22T17:14:01","modified_gmt":"2022-06-22T20:14:01","slug":"seminario-de-transformacion-digital-para-pymes-reunio-a-diversos-actores-locales","status":"publish","type":"post","link":"https:\/\/radiorevelacionfm.cl\/?p=18307","title":{"rendered":"Seminario de transformaci\u00f3n digital para Pymes reuni\u00f3 a diversos actores locales"},"content":{"rendered":"<div class=\"flex_column av_one_full  flex_column_div av-zero-column-padding first  avia-builder-el-0  el_before_av_one_full  avia-builder-el-first  \" style='border-radius:0px; '><div  class='avia-image-container  av-styling-    avia-builder-el-1  avia-builder-el-no-sibling  avia-align-center '  itemprop=\"image\" itemscope=\"itemscope\" itemtype=\"https:\/\/schema.org\/ImageObject\"  ><div class='avia-image-container-inner'><div class='avia-image-overlay-wrap'><img decoding=\"async\" class='wp-image-18284 avia-img-lazy-loading-not-18284 avia_image' src=\"https:\/\/radiorevelacionfm.cl\/wp-content\/uploads\/2022\/06\/DSC01565-1-1.jpg\" alt='' title='DSC01565 (1) (1)' height=\"600\" width=\"900\"  itemprop=\"thumbnailUrl\" srcset=\"https:\/\/radiorevelacionfm.cl\/wp-content\/uploads\/2022\/06\/DSC01565-1-1.jpg 900w, https:\/\/radiorevelacionfm.cl\/wp-content\/uploads\/2022\/06\/DSC01565-1-1-300x200.jpg 300w, https:\/\/radiorevelacionfm.cl\/wp-content\/uploads\/2022\/06\/DSC01565-1-1-768x512.jpg 768w, https:\/\/radiorevelacionfm.cl\/wp-content\/uploads\/2022\/06\/DSC01565-1-1-705x470.jpg 705w, https:\/\/radiorevelacionfm.cl\/wp-content\/uploads\/2022\/06\/DSC01565-1-1-600x400.jpg 600w\" sizes=\"(max-width: 900px) 100vw, 900px\" \/><\/div><\/div><\/div><\/div><div class=\"flex_column av_one_full  flex_column_div av-zero-column-padding first  avia-builder-el-2  el_after_av_one_full  el_before_av_one_full  column-top-margin\" style='border-radius:0px; '><section class=\"av_textblock_section \"  itemscope=\"itemscope\" itemtype=\"https:\/\/schema.org\/BlogPosting\" itemprop=\"blogPost\" ><div class='avia_textblock  '   itemprop=\"text\" ><p style=\"text-align: center;\"><span style=\"font-size: 18pt;\"><b>Seminario de transformaci\u00f3n digital para Pymes reuni\u00f3 a diversos actores locales<\/b><\/span><\/p>\n<div id=\"gtx-trans\" style=\"position: absolute; left: -50px; top: 4.31534px;\">\n<div class=\"gtx-trans-icon\"><\/div>\n<\/div>\n<\/div><\/section><\/div><div class=\"flex_column av_one_full  flex_column_div av-zero-column-padding first  avia-builder-el-4  el_after_av_one_full  el_before_av_hr  column-top-margin\" style='border-radius:0px; '><section class=\"av_textblock_section \"  itemscope=\"itemscope\" itemtype=\"https:\/\/schema.org\/BlogPosting\" itemprop=\"blogPost\" ><div class='avia_textblock  '   itemprop=\"text\" ><p style=\"text-align: justify;\">A trav\u00e9s de una alianza colaborativa entre el Programa Fortalece Pyme Ays\u00e9n, Corfo y la Universidad Austral de Chile (UACh), se realiz\u00f3 el Seminario de Transformaci\u00f3n Digital para Pymes, el que tuvo por objetivo contribuir a la difusi\u00f3n de la adopci\u00f3n tecnol\u00f3gica en peque\u00f1as y medianas empresas de la Regi\u00f3n de Ays\u00e9n.<\/p>\n<p style=\"text-align: justify;\">Durante el evento se realizaron presentaciones a cargo de especialistas en herramientas digitales y en la adopci\u00f3n e integraci\u00f3n de estas tecnolog\u00edas, las que permiten mejorar la eficiencia y la productividad de los diversos procesos de gesti\u00f3n de las Pymes, como tambi\u00e9n aumentar las ventas de los bienes y servicios que ofrecen los distintos rubros.<\/p>\n<p style=\"text-align: justify;\">Para el director del Campus Patagonia UACh, Dr. Alejandro Reyes, este seminario es un aporte para las pymes de la Regi\u00f3n de Ays\u00e9n. \u201cComo Universidad Austral de Chile, creemos firmemente en que la transformaci\u00f3n digital es un aporte indiscutible para los negocios que actualmente tenemos en la regi\u00f3n, especialmente luego de esta pandemia, la que durante dos a\u00f1os nos mantuvo en nuestros hogares y limit\u00f3 nuestras formas de comunicaci\u00f3n. Sin lugar a duda, se transform\u00f3 en una oportunidad para comenzar a emprender, por lo que hoy se hace m\u00e1s necesario que nunca conocer nuevas y diferentes estrategias accesibles y que les dan un impulso a las pymes para presentar sus productos y venderlos, utilizando a su favor las plataformas digitales y las nuevas tecnolog\u00edas.\u201d<\/p>\n<p style=\"text-align: justify;\">Hugo Sotomayor Casanova, ejecutivo de Corfo, indic\u00f3 que \u201cestuvimos presentes en este seminario que convoc\u00f3 a distintos actores y pymes de nuestra regi\u00f3n que est\u00e1n participando en la Red Fortalece Pyme Ays\u00e9n de Corfo, que forma parte de una red que est\u00e1 presente en todo el pa\u00eds y que buscan acercar la tecnolog\u00eda y las herramientas digitales, a las peque\u00f1as y medianas empresas. En nuestra regi\u00f3n, este tema es muy relevante debido a la dificultad que hay en t\u00e9rminos tecnol\u00f3gicos y de la cultura en la incorporaci\u00f3n de la digitalizaci\u00f3n, que es menor que en otras regiones. Por lo tanto, esa es la relevancia que vemos para este tipo de programas que se ejecutan en la Regi\u00f3n de Ays\u00e9n que permite la realizaci\u00f3n de este tipo de seminarios orientados a promover la digitalizaci\u00f3n en las pymes\u201d.<\/p>\n<p style=\"text-align: justify;\">Al respecto, Mat\u00edas Broussain Garay, Gerente del proyecto Fortalece Pyme Ays\u00e9n de Corfo, coment\u00f3 que \u201cnos sentimos muy contentos con lo logrado en el Seminario ejecutado en conjunto con la UACh, donde tuvimos m\u00e1s de 50 asistentes. Los expositores lograron hilar un relato coherente e interesante, desde la teor\u00eda a la pr\u00e1ctica. Adem\u00e1s, los ejemplos concretos de Pablo lograron hacer \u00e9nfasis en los conceptos abordados anteriormente por los docentes. Dejamos m\u00e1s que invitadas a todas las pymes de la regi\u00f3n a seguir acompa\u00f1\u00e1ndonos en eventos como estos, y enterarse de todo lo que se viene en\u00a0<a href=\"http:\/\/www.fpymeaysen.cl\/\" data-saferedirecturl=\"https:\/\/www.google.com\/url?q=http:\/\/www.fpymeaysen.cl&amp;source=gmail&amp;ust=1656007405014000&amp;usg=AOvVaw1NPLBPQr0YQL_Z2GFdvnkk\">www.fpymeaysen.cl<\/a>\u201d.<\/p>\n<p style=\"text-align: justify;\">Los acad\u00e9micos de la Universidad Austral de Chile, Cristian Colther y Cristian Salazar, analizaron la transformaci\u00f3n digital e industria 4.0, por otra parte, y de forma telem\u00e1tica, Pablo Castillo, Gerente de la Consultora Clever, convers\u00f3 de marketing digital, e-commerce, puntos de ventas, manejos de inventarios, entre otros.<\/p>\n<\/div><\/section><\/div><div  style='height:50px' class='hr hr-invisible   avia-builder-el-6  el_after_av_one_full  el_before_av_social_share '><span class='hr-inner ' ><span class='hr-inner-style'><\/span><\/span><\/div><\/p>\n<div  class='av-social-sharing-box  avia-builder-el-7  el_after_av_hr  el_before_av_hr  '><div class='av-share-box'><h5 class='av-share-link-description av-no-toc '>Compartir esta noticia<\/h5><ul class='av-share-box-list noLightbox'><li class='av-share-link av-social-link-facebook' ><a target=\"_blank\" aria-label=\"Compartir en Facebook\" href='https:\/\/www.facebook.com\/sharer.php?u=https:\/\/radiorevelacionfm.cl\/?p=18307&#038;t=Seminario%20de%20transformaci%C3%B3n%20digital%20para%20Pymes%20reuni%C3%B3%20a%20diversos%20actores%20locales' aria-hidden='false' data-av_icon='\ue8f3' data-av_iconfont='entypo-fontello' title='' data-avia-related-tooltip='Compartir en Facebook' rel=\"noopener\"><span class='avia_hidden_link_text'>Compartir en Facebook<\/span><\/a><\/li><li class='av-share-link av-social-link-twitter' ><a target=\"_blank\" aria-label=\"Compartir en Twitter\" href='https:\/\/twitter.com\/share?text=Seminario%20de%20transformaci%C3%B3n%20digital%20para%20Pymes%20reuni%C3%B3%20a%20diversos%20actores%20locales&#038;url=https:\/\/radiorevelacionfm.cl\/?p=18307' aria-hidden='false' data-av_icon='\ue8f1' data-av_iconfont='entypo-fontello' title='' data-avia-related-tooltip='Compartir en Twitter' rel=\"noopener\"><span class='avia_hidden_link_text'>Compartir en Twitter<\/span><\/a><\/li><li class='av-share-link av-social-link-whatsapp' ><a target=\"_blank\" aria-label=\"Compartir en Whatsapp\" href='https:\/\/api.whatsapp.com\/send?text=https:\/\/radiorevelacionfm.cl\/?p=18307' aria-hidden='false' data-av_icon='\uf232' data-av_iconfont='entypo-fontello' title='' data-avia-related-tooltip='Compartir en Whatsapp' rel=\"noopener\"><span class='avia_hidden_link_text'>Compartir en Whatsapp<\/span><\/a><\/li><li class='av-share-link av-social-link-linkedin' ><a target=\"_blank\" aria-label=\"Compartir en LinkedIn\" href='https:\/\/linkedin.com\/shareArticle?mini=true&#038;title=Seminario%20de%20transformaci%C3%B3n%20digital%20para%20Pymes%20reuni%C3%B3%20a%20diversos%20actores%20locales&#038;url=https:\/\/radiorevelacionfm.cl\/?p=18307' aria-hidden='false' data-av_icon='\ue8fc' data-av_iconfont='entypo-fontello' title='' data-avia-related-tooltip='Compartir en LinkedIn' rel=\"noopener\"><span class='avia_hidden_link_text'>Compartir en LinkedIn<\/span><\/a><\/li><li class='av-share-link av-social-link-mail' ><a  aria-label=\"Compartir por correo\" href='mailto:?subject=Seminario%20de%20transformaci%C3%B3n%20digital%20para%20Pymes%20reuni%C3%B3%20a%20diversos%20actores%20locales&#038;body=https:\/\/radiorevelacionfm.cl\/?p=18307' aria-hidden='false' data-av_icon='\ue805' data-av_iconfont='entypo-fontello' title='' data-avia-related-tooltip='Compartir por correo'><span class='avia_hidden_link_text'>Compartir por correo<\/span><\/a><\/li><\/ul><\/div><\/div>\n<div  style='height:50px' class='hr hr-invisible   avia-builder-el-8  el_after_av_social_share  el_before_av_comments_list '><span class='hr-inner ' ><span class='hr-inner-style'><\/span><\/span><\/div>\n<div  class='av-buildercomment  av-blog-meta-html-info-disabled av-blog-meta-tag-disabled  '><\/div>\n","protected":false},"excerpt":{"rendered":"","protected":false},"author":1,"featured_media":18284,"comment_status":"open","ping_status":"open","sticky":false,"template":"","format":"standard","meta":{"footnotes":""},"categories":[38],"tags":[],"class_list":["post-18307","post","type-post","status-publish","format-standard","has-post-thumbnail","hentry","category-regional"],"jetpack_featured_media_url":"https:\/\/radiorevelacionfm.cl\/wp-content\/uploads\/2022\/06\/DSC01565-1-1.jpg","_links":{"self":[{"href":"https:\/\/radiorevelacionfm.cl\/index.php?rest_route=\/wp\/v2\/posts\/18307","targetHints":{"allow":["GET"]}}],"collection":[{"href":"https:\/\/radiorevelacionfm.cl\/index.php?rest_route=\/wp\/v2\/posts"}],"about":[{"href":"https:\/\/radiorevelacionfm.cl\/index.php?rest_route=\/wp\/v2\/types\/post"}],"author":[{"embeddable":true,"href":"https:\/\/radiorevelacionfm.cl\/index.php?rest_route=\/wp\/v2\/users\/1"}],"replies":[{"embeddable":true,"href":"https:\/\/radiorevelacionfm.cl\/index.php?rest_route=%2Fwp%2Fv2%2Fcomments&post=18307"}],"version-history":[{"count":2,"href":"https:\/\/radiorevelacionfm.cl\/index.php?rest_route=\/wp\/v2\/posts\/18307\/revisions"}],"predecessor-version":[{"id":18309,"href":"https:\/\/radiorevelacionfm.cl\/index.php?rest_route=\/wp\/v2\/posts\/18307\/revisions\/18309"}],"wp:featuredmedia":[{"embeddable":true,"href":"https:\/\/radiorevelacionfm.cl\/index.php?rest_route=\/wp\/v2\/media\/18284"}],"wp:attachment":[{"href":"https:\/\/radiorevelacionfm.cl\/index.php?rest_route=%2Fwp%2Fv2%2Fmedia&parent=18307"}],"wp:term":[{"taxonomy":"category","embeddable":true,"href":"https:\/\/radiorevelacionfm.cl\/index.php?rest_route=%2Fwp%2Fv2%2Fcategories&post=18307"},{"taxonomy":"post_tag","embeddable":true,"href":"https:\/\/radiorevelacionfm.cl\/index.php?rest_route=%2Fwp%2Fv2%2Ftags&post=18307"}],"curies":[{"name":"wp","href":"https:\/\/api.w.org\/{rel}","templated":true}]}}