{"id":18301,"date":"2022-06-22T21:50:02","date_gmt":"2022-06-23T00:50:02","guid":{"rendered":"https:\/\/radiorevelacionfm.cl\/?p=18301"},"modified":"2022-06-22T21:50:02","modified_gmt":"2022-06-23T00:50:02","slug":"gobernadora-andrea-macias-encabezo-la-entrega-de-los-fondos-del-7-en-coyhaique-y-aysen","status":"publish","type":"post","link":"https:\/\/radiorevelacionfm.cl\/?p=18301","title":{"rendered":"Gobernadora Andrea Mac\u00edas encabez\u00f3 la entrega de los Fondos del 7% en Coyhaique y Ays\u00e9n"},"content":{"rendered":"<div class=\"flex_column av_one_full  flex_column_div av-zero-column-padding first  avia-builder-el-0  el_before_av_one_full  avia-builder-el-first  \" style='border-radius:0px; '><div  class='avia-image-container  av-styling-    avia-builder-el-1  avia-builder-el-no-sibling  avia-align-center '  itemprop=\"image\" itemscope=\"itemscope\" itemtype=\"https:\/\/schema.org\/ImageObject\"  ><div class='avia-image-container-inner'><div class='avia-image-overlay-wrap'><img decoding=\"async\" class='wp-image-18302 avia-img-lazy-loading-not-18302 avia_image' src=\"https:\/\/radiorevelacionfm.cl\/wp-content\/uploads\/2022\/06\/fndr-1-1_optimized.jpeg\" alt='' title='fndr-1--(1)_optimized' height=\"600\" width=\"1055\"  itemprop=\"thumbnailUrl\" srcset=\"https:\/\/radiorevelacionfm.cl\/wp-content\/uploads\/2022\/06\/fndr-1-1_optimized.jpeg 1055w, https:\/\/radiorevelacionfm.cl\/wp-content\/uploads\/2022\/06\/fndr-1-1_optimized-300x171.jpeg 300w, https:\/\/radiorevelacionfm.cl\/wp-content\/uploads\/2022\/06\/fndr-1-1_optimized-1030x586.jpeg 1030w, https:\/\/radiorevelacionfm.cl\/wp-content\/uploads\/2022\/06\/fndr-1-1_optimized-768x437.jpeg 768w, https:\/\/radiorevelacionfm.cl\/wp-content\/uploads\/2022\/06\/fndr-1-1_optimized-705x401.jpeg 705w, https:\/\/radiorevelacionfm.cl\/wp-content\/uploads\/2022\/06\/fndr-1-1_optimized-600x341.jpeg 600w\" sizes=\"(max-width: 1055px) 100vw, 1055px\" \/><\/div><\/div><\/div><\/div><div class=\"flex_column av_one_full  flex_column_div av-zero-column-padding first  avia-builder-el-2  el_after_av_one_full  el_before_av_one_full  column-top-margin\" style='border-radius:0px; '><section class=\"av_textblock_section \"  itemscope=\"itemscope\" itemtype=\"https:\/\/schema.org\/BlogPosting\" itemprop=\"blogPost\" ><div class='avia_textblock  '   itemprop=\"text\" ><p style=\"text-align: center;\"><span style=\"font-size: 18pt;\"><b>Gobernadora Andrea Mac\u00edas encabez\u00f3 la entrega de los Fondos del 7% en Coyhaique y Ays\u00e9n<\/b><\/span><\/p>\n<div id=\"gtx-trans\" style=\"position: absolute; left: -50px; top: 4.31534px;\">\n<div class=\"gtx-trans-icon\"><\/div>\n<\/div>\n<\/div><\/section><\/div><div class=\"flex_column av_one_full  flex_column_div av-zero-column-padding first  avia-builder-el-4  el_after_av_one_full  el_before_av_hr  column-top-margin\" style='border-radius:0px; '><section class=\"av_textblock_section \"  itemscope=\"itemscope\" itemtype=\"https:\/\/schema.org\/BlogPosting\" itemprop=\"blogPost\" ><div class='avia_textblock  '   itemprop=\"text\" ><p style=\"text-align: justify;\">Con la firma de convenios entre el Gobierno Regional de Ays\u00e9n y m\u00e1s de 60 organizaciones de las comunas de Ays\u00e9n y Coyhaique que se adjudicaron el Fondo 7% del a\u00f1o 2022, es que se inicia la entrega del fondo que beneficiar\u00e1 este a\u00f1o 2022 con m\u00e1s de mil millones de pesos a organizaciones sociales de la regi\u00f3n completa.<\/p>\n<p style=\"text-align: justify;\">La primera entrega se realiz\u00f3 la ma\u00f1ana del d\u00eda lunes 20 en la comuna de Ays\u00e9n, donde 10 organizaciones de la comuna recibieron de manos de la Gobernadora Regional, Andrea Mac\u00edas Palma, el total de $210.542.988 pesos. En la ceremonia tambi\u00e9n estuvieron presentes el alcalde de la comuna, Julio Uribe, y Consejeros y Consejeras Regionales.<\/p>\n<p style=\"text-align: justify;\">La Gobernadora Mac\u00edas destac\u00f3 el impulso que se le da a las organizaciones sociales beneficiadas con estos fondos. \u00abEstamos muy contentos aqu\u00ed junto a varias organizaciones sociales, que pudieron participar el d\u00eda de hoy en esta entrega de recursos que se van a ejecutar en el primer llamado. Para nosotros una tremenda noticia sabemos que hoy d\u00eda hay pocos espacios donde las organizaciones puedan conseguir financiamiento para sus actividades y en ese sentido como Gobierno Regional y todo el Consejo, cada uno los Consejeros y Consejeras Regionales estamos llanos apoyar esta iniciativa\u00bb, coment\u00f3 la autoridad regional.<\/p>\n<p style=\"text-align: justify;\">Para el alcalde de la comuna, Julio Uribe, la cantidad de recursos que ingresan a las organizaciones sociales es fundamental para la comuna. \u00abDesde el Municipio, con nuestra oficina de organizaciones comunitarias d\u00f3nde hemos estado colaborando para cada una de las organizaciones que han postulado, as\u00ed que muy contento y bueno a seguir impulsando estas actividades para el desarrollo tanto social deportivo y cultural para nuestra comuna\u00bb.<\/p>\n<p style=\"text-align: justify;\">Asisti\u00f3 tambi\u00e9n el Consejero Regional Sergio Gonz\u00e1lez, qui\u00e9n destac\u00f3 la primera etapa de entrega del 7%. \u00abEsperamos prontamente poder nuevamente hacer una nueva convocatoria justamente con el saldo que qued\u00f3 para el presente a\u00f1o, y adem\u00e1s de eso, tambi\u00e9n tenemos proyectado tambi\u00e9n generar unas peque\u00f1as modificaciones a lo que el instructivo de tal manera de hacerlo m\u00e1s f\u00e1cil y viable para que las organizaciones tengan la posibilidad de alcanzar estos recursos tan importante que es para ellos\u00bb.<\/p>\n<p style=\"text-align: justify;\">En la ciudad de Coyhaique fueron 49 organizaciones beneficiadas con un total de $472.118.433 pesos que en la tarde de ese mismo lunes 20 recibieron los fondos. Para Ariel Elgueta, presidente del Club de Esgrima 14 Ays\u00e9n, la alegr\u00eda de recibir estos recursos es much\u00edsima para las distintas organizaciones.<\/p>\n<p style=\"text-align: justify;\">\u00abEstamos muy, muy contentos. Los 3 proyectos que postulamos ganaron y van en directo beneficio, no solamente de los actuales esgrimistas que tenemos los chicos y las chicas, sino tambi\u00e9n de los esgrimistas que est\u00e1n incorpor\u00e1ndose al club con un proyecto que se llama &#8216;Nuevos Talentos'\u00bb, sostuvo.<\/p>\n<p style=\"text-align: justify;\">La Consejera Marisol Mart\u00ednez de la Provincia de Coyhaique recalc\u00f3 en la instancia el aporte del Gobierno Regional para mantener las fuerzas vivas de la comunidad trabajando con m\u00e1s apoyo.<\/p>\n<p style=\"text-align: justify;\">\u00abMuy feliz de ver a nuestros dirigentes sociales de distintas localidades de nuestra provincia, contentos de recibir \u00e9ste aporte del Gobierno Regional. Pude conversar con ellos y conocer de sus proyectos, proyectos que van desde adultos mayores que realizan distintas actividades de atenciones m\u00e9dicas y otra con sus agrupaciones como tambi\u00e9n proyectos destinados a la primera infancia, a ni\u00f1os y ni\u00f1as, a la cultura, a la m\u00fasica de distintas partes de la regi\u00f3n; as\u00ed que creo que con creces que este fondo cumple con el objetivo de llegar a quienes m\u00e1s lo necesitan\u00bb, afirm\u00f3 la Consejera.<\/p>\n<p style=\"text-align: justify;\">El Fondo 6% FNDR es el fondo concursable ciudadano m\u00e1s grande de la Regi\u00f3n de Ays\u00e9n, un programa del Gobierno Regional de Ays\u00e9n destinado a financiar proyectos ciudadanos que promuevan la utilizaci\u00f3n de espacios p\u00fablicos, el desarrollo vecinal y el esp\u00edritu de colaboraci\u00f3n entre las organizaciones de la regi\u00f3n.<\/p>\n<p style=\"text-align: justify;\">Finalmente, la Gobernadora Regional Andrea Mac\u00edas, reafirm\u00f3 el compromiso de su gesti\u00f3n con la democratizaci\u00f3n de los recursos y la pertinencia regional que tienen que tener las distintas iniciativas.<\/p>\n<div style=\"text-align: justify;\"><\/div>\n<div>\n<p style=\"text-align: justify;\">\u00abEstamos financiando una cantidad important\u00edsima de actividades de car\u00e1cter formativo, competitivo, social, de formaci\u00f3n, muchas, muchas actividades que van a estar durante todo este tiempo este a\u00f1o ejecut\u00e1ndose en la regi\u00f3n. Eso, en \u00a0los tiempos que estamos viviendo, es \u00a0fundamental porque adem\u00e1s nos ayuda a mirarnos nuevamente, a recuperar nuestras organizaciones, pero por sobre todo, a volver a vincularnos despu\u00e9s de una pandemia que nos peg\u00f3 fuerte. Como Gobierno Regional quisimos facilitar el ingreso de muchas organizaciones que nunca hab\u00edan tenido la posibilidad de ser parte de este financiamiento, as\u00ed que nos vamos contentos, agradecidos y deseando a todas las organizaciones de toda la regi\u00f3n el mayor de los \u00e9xitos\u00bb, coment\u00f3 la m\u00e1xima autoridad regional.<\/p>\n<div style=\"text-align: justify;\"><\/div>\n<\/div>\n<\/div><\/section><\/div><div  style='height:50px' class='hr hr-invisible   avia-builder-el-6  el_after_av_one_full  el_before_av_social_share '><span class='hr-inner ' ><span class='hr-inner-style'><\/span><\/span><\/div><\/p>\n<div  class='av-social-sharing-box  avia-builder-el-7  el_after_av_hr  el_before_av_hr  '><div class='av-share-box'><h5 class='av-share-link-description av-no-toc '>Compartir esta noticia<\/h5><ul class='av-share-box-list noLightbox'><li class='av-share-link av-social-link-facebook' ><a target=\"_blank\" aria-label=\"Compartir en Facebook\" href='https:\/\/www.facebook.com\/sharer.php?u=https:\/\/radiorevelacionfm.cl\/?p=18301&#038;t=Gobernadora%20Andrea%20Mac%C3%ADas%20encabez%C3%B3%20la%20entrega%20de%20los%20Fondos%20del%207%25%20en%20Coyhaique%20y%20Ays%C3%A9n' aria-hidden='false' data-av_icon='\ue8f3' data-av_iconfont='entypo-fontello' title='' data-avia-related-tooltip='Compartir en Facebook' rel=\"noopener\"><span class='avia_hidden_link_text'>Compartir en Facebook<\/span><\/a><\/li><li class='av-share-link av-social-link-twitter' ><a target=\"_blank\" aria-label=\"Compartir en Twitter\" href='https:\/\/twitter.com\/share?text=Gobernadora%20Andrea%20Mac%C3%ADas%20encabez%C3%B3%20la%20entrega%20de%20los%20Fondos%20del%207%25%20en%20Coyhaique%20y%20Ays%C3%A9n&#038;url=https:\/\/radiorevelacionfm.cl\/?p=18301' aria-hidden='false' data-av_icon='\ue8f1' data-av_iconfont='entypo-fontello' title='' data-avia-related-tooltip='Compartir en Twitter' rel=\"noopener\"><span class='avia_hidden_link_text'>Compartir en Twitter<\/span><\/a><\/li><li class='av-share-link av-social-link-whatsapp' ><a target=\"_blank\" aria-label=\"Compartir en Whatsapp\" href='https:\/\/api.whatsapp.com\/send?text=https:\/\/radiorevelacionfm.cl\/?p=18301' aria-hidden='false' data-av_icon='\uf232' data-av_iconfont='entypo-fontello' title='' data-avia-related-tooltip='Compartir en Whatsapp' rel=\"noopener\"><span class='avia_hidden_link_text'>Compartir en Whatsapp<\/span><\/a><\/li><li class='av-share-link av-social-link-linkedin' ><a target=\"_blank\" aria-label=\"Compartir en LinkedIn\" href='https:\/\/linkedin.com\/shareArticle?mini=true&#038;title=Gobernadora%20Andrea%20Mac%C3%ADas%20encabez%C3%B3%20la%20entrega%20de%20los%20Fondos%20del%207%25%20en%20Coyhaique%20y%20Ays%C3%A9n&#038;url=https:\/\/radiorevelacionfm.cl\/?p=18301' aria-hidden='false' data-av_icon='\ue8fc' data-av_iconfont='entypo-fontello' title='' data-avia-related-tooltip='Compartir en LinkedIn' rel=\"noopener\"><span class='avia_hidden_link_text'>Compartir en LinkedIn<\/span><\/a><\/li><li class='av-share-link av-social-link-mail' ><a  aria-label=\"Compartir por correo\" href='mailto:?subject=Gobernadora%20Andrea%20Mac%C3%ADas%20encabez%C3%B3%20la%20entrega%20de%20los%20Fondos%20del%207%25%20en%20Coyhaique%20y%20Ays%C3%A9n&#038;body=https:\/\/radiorevelacionfm.cl\/?p=18301' aria-hidden='false' data-av_icon='\ue805' data-av_iconfont='entypo-fontello' title='' data-avia-related-tooltip='Compartir por correo'><span class='avia_hidden_link_text'>Compartir por correo<\/span><\/a><\/li><\/ul><\/div><\/div>\n<div  style='height:50px' class='hr hr-invisible   avia-builder-el-8  el_after_av_social_share  el_before_av_comments_list '><span class='hr-inner ' ><span class='hr-inner-style'><\/span><\/span><\/div>\n<div  class='av-buildercomment  av-blog-meta-html-info-disabled av-blog-meta-tag-disabled  '><\/div>\n","protected":false},"excerpt":{"rendered":"","protected":false},"author":1,"featured_media":18302,"comment_status":"open","ping_status":"open","sticky":false,"template":"","format":"standard","meta":{"footnotes":""},"categories":[38],"tags":[],"class_list":["post-18301","post","type-post","status-publish","format-standard","has-post-thumbnail","hentry","category-regional"],"jetpack_featured_media_url":"https:\/\/radiorevelacionfm.cl\/wp-content\/uploads\/2022\/06\/fndr-1-1_optimized.jpeg","_links":{"self":[{"href":"https:\/\/radiorevelacionfm.cl\/index.php?rest_route=\/wp\/v2\/posts\/18301","targetHints":{"allow":["GET"]}}],"collection":[{"href":"https:\/\/radiorevelacionfm.cl\/index.php?rest_route=\/wp\/v2\/posts"}],"about":[{"href":"https:\/\/radiorevelacionfm.cl\/index.php?rest_route=\/wp\/v2\/types\/post"}],"author":[{"embeddable":true,"href":"https:\/\/radiorevelacionfm.cl\/index.php?rest_route=\/wp\/v2\/users\/1"}],"replies":[{"embeddable":true,"href":"https:\/\/radiorevelacionfm.cl\/index.php?rest_route=%2Fwp%2Fv2%2Fcomments&post=18301"}],"version-history":[{"count":2,"href":"https:\/\/radiorevelacionfm.cl\/index.php?rest_route=\/wp\/v2\/posts\/18301\/revisions"}],"predecessor-version":[{"id":18330,"href":"https:\/\/radiorevelacionfm.cl\/index.php?rest_route=\/wp\/v2\/posts\/18301\/revisions\/18330"}],"wp:featuredmedia":[{"embeddable":true,"href":"https:\/\/radiorevelacionfm.cl\/index.php?rest_route=\/wp\/v2\/media\/18302"}],"wp:attachment":[{"href":"https:\/\/radiorevelacionfm.cl\/index.php?rest_route=%2Fwp%2Fv2%2Fmedia&parent=18301"}],"wp:term":[{"taxonomy":"category","embeddable":true,"href":"https:\/\/radiorevelacionfm.cl\/index.php?rest_route=%2Fwp%2Fv2%2Fcategories&post=18301"},{"taxonomy":"post_tag","embeddable":true,"href":"https:\/\/radiorevelacionfm.cl\/index.php?rest_route=%2Fwp%2Fv2%2Ftags&post=18301"}],"curies":[{"name":"wp","href":"https:\/\/api.w.org\/{rel}","templated":true}]}}