{"id":18298,"date":"2022-06-22T16:34:51","date_gmt":"2022-06-22T19:34:51","guid":{"rendered":"https:\/\/radiorevelacionfm.cl\/?p=18298"},"modified":"2022-06-22T16:34:51","modified_gmt":"2022-06-22T19:34:51","slug":"postula-al-proceso-de-admision-2023-para-asistente-policial-de-la-pdi","status":"publish","type":"post","link":"https:\/\/radiorevelacionfm.cl\/?p=18298","title":{"rendered":"Postula al Proceso de Admisi\u00f3n 2023 para Asistente Policial de la PDI"},"content":{"rendered":"<div class=\"flex_column av_one_full  flex_column_div av-zero-column-padding first  avia-builder-el-0  el_before_av_one_full  avia-builder-el-first  \" style='border-radius:0px; '><div  class='avia-image-container  av-styling-    avia-builder-el-1  avia-builder-el-no-sibling  avia-align-center '  itemprop=\"image\" itemscope=\"itemscope\" itemtype=\"https:\/\/schema.org\/ImageObject\"  ><div class='avia-image-container-inner'><div class='avia-image-overlay-wrap'><img decoding=\"async\" class='wp-image-18299 avia-img-lazy-loading-not-18299 avia_image' src=\"https:\/\/radiorevelacionfm.cl\/wp-content\/uploads\/2022\/06\/cecapro-1-1.jpg\" alt='' title='cecapro (1) (1)' height=\"600\" width=\"1197\"  itemprop=\"thumbnailUrl\" srcset=\"https:\/\/radiorevelacionfm.cl\/wp-content\/uploads\/2022\/06\/cecapro-1-1.jpg 1197w, https:\/\/radiorevelacionfm.cl\/wp-content\/uploads\/2022\/06\/cecapro-1-1-300x150.jpg 300w, https:\/\/radiorevelacionfm.cl\/wp-content\/uploads\/2022\/06\/cecapro-1-1-1030x516.jpg 1030w, https:\/\/radiorevelacionfm.cl\/wp-content\/uploads\/2022\/06\/cecapro-1-1-768x385.jpg 768w, https:\/\/radiorevelacionfm.cl\/wp-content\/uploads\/2022\/06\/cecapro-1-1-705x353.jpg 705w, https:\/\/radiorevelacionfm.cl\/wp-content\/uploads\/2022\/06\/cecapro-1-1-600x301.jpg 600w\" sizes=\"(max-width: 1197px) 100vw, 1197px\" \/><\/div><\/div><\/div><\/div><div class=\"flex_column av_one_full  flex_column_div av-zero-column-padding first  avia-builder-el-2  el_after_av_one_full  el_before_av_one_full  column-top-margin\" style='border-radius:0px; '><section class=\"av_textblock_section \"  itemscope=\"itemscope\" itemtype=\"https:\/\/schema.org\/BlogPosting\" itemprop=\"blogPost\" ><div class='avia_textblock  '   itemprop=\"text\" ><p style=\"text-align: center;\"><span style=\"font-size: 18pt;\"><strong>Postula al Proceso de Admisi\u00f3n 2023 para Asistente Policial de la PDI<\/strong><\/span><\/p>\n<div id=\"gtx-trans\" style=\"position: absolute; left: -50px; top: 4.31534px;\">\n<div class=\"gtx-trans-icon\"><\/div>\n<\/div>\n<\/div><\/section><\/div><div class=\"flex_column av_one_full  flex_column_div av-zero-column-padding first  avia-builder-el-4  el_after_av_one_full  el_before_av_hr  column-top-margin\" style='border-radius:0px; '><section class=\"av_textblock_section \"  itemscope=\"itemscope\" itemtype=\"https:\/\/schema.org\/BlogPosting\" itemprop=\"blogPost\" ><div class='avia_textblock  '   itemprop=\"text\" ><p style=\"text-align: justify;\">Hasta el 1 de julio se extendi\u00f3 el proceso de Admisi\u00f3n 2023 para postular al Centro de Capacitaci\u00f3n Policial para ser un Asistente Policial de la Polic\u00eda de Investigaciones de Chile.<\/p>\n<p style=\"text-align: justify;\">Entre las principales \u00e1reas de desempe\u00f1o en las que se desarrollan los Asistentes Policiales -como apoyo a la labor investigativa que realizan los detectives- se cuentan las brigadas y equipos de reacci\u00f3n t\u00e1ctica, gu\u00eda canino, protecci\u00f3n de personas importantes, el control migratorio y la recuperaci\u00f3n de evidencias en los Sitios del Suceso, entre otras.<\/p>\n<p style=\"text-align: justify;\">\u00abInvitamos a todas y todos los j\u00f3venes chilenos entre 18 y 30 a\u00f1os, a inscribirse en el proceso de admisi\u00f3n para Asistentes Policiales. Los seleccionados se integrar\u00edan a partir del 2023 al curso de formaci\u00f3n e iniciar\u00e1n una carrera como parte de la Polic\u00eda de Investigaciones de Chile\u00bb, detall\u00f3 el prefecto Daniel Elorza, Director del Centro de Capacitaci\u00f3n Profesional.<\/p>\n<p style=\"text-align: justify;\">El cargo de Asistente Policial corresponde a un funcionario del Escalaf\u00f3n de Asistentes Policiales de la Planta de Apoyo General de la PDI, cuya funci\u00f3n es entregar apoyo permanente y de calidad a la investigaci\u00f3n policial.<\/p>\n<p style=\"text-align: justify;\">Requisitos de postulaci\u00f3n:<\/p>\n<ul style=\"text-align: justify;\">\n<li>Chileno (a).<\/li>\n<li>Tener entre 18 y 30 a\u00f1os a la fecha de inicio del proceso formativo.<\/li>\n<li>Situaci\u00f3n militar al d\u00eda (no implica haber realizado Servicio Militar).<\/li>\n<li>Licencia de Conducir Clase B o Profesional.<\/li>\n<li>Estar en posesi\u00f3n de Licencia de Ense\u00f1anza media a la fecha de inicio del proceso formativo.<\/li>\n<li>Salud compatible con la funci\u00f3n policial.<\/li>\n<li>Antecedentes personales y familiares intachables.<\/li>\n<\/ul>\n<p style=\"text-align: justify;\">El arancel y proceso de inscripci\u00f3n no tiene costos asociados y se realiza en modalidad online, a trav\u00e9s de <a href=\"http:\/\/www.cecapro.cl\">www.cecapro.cl<\/a>, debiendo contar con Clave \u00danica, la que se obtiene a trav\u00e9s de <a href=\"https:\/\/claveunica.gob.cl\/\">https:\/\/claveunica.gob.cl\/<\/a>.<\/p>\n<p style=\"text-align: justify;\">La selecci\u00f3n final de los postulantes aceptados ser\u00e1 definida por la aprobaci\u00f3n de todas y cada una de las etapas declaradas en el concurso, tales como: Prueba Psicot\u00e9cnica, Evaluaci\u00f3n Psicolaboral, Pruebas F\u00edsicas, Ex\u00e1menes M\u00e9dico-dentales, Entrevista Policial, Evaluaci\u00f3n de Antecedentes Personales y Familiares, adem\u00e1s del puntaje NEM.<\/p>\n<p style=\"text-align: justify;\">Desde la Plana Mayor Regional Coyhaique, el coordinador regional del Proceso de Admisi\u00f3n, comisario Enrique Aravena, realiz\u00f3 un llamado a hombres y mujeres interesados en ser parte de la Polic\u00eda de Investigaciones como Asistentes Policiales a informarse del proceso y resolver todo tipo de consultas en los tres Complejos Policiales de la regi\u00f3n en Coyhaique y Puerto Ays\u00e9n.<\/p>\n<p style=\"text-align: justify;\">El Curso de Formaci\u00f3n tiene una duraci\u00f3n de dos a\u00f1os, el primero presencial en modalidad internado y el segundo en la modalidad b-learning. Una vez finalizado el curso, lo asistentes policiales podr\u00e1n desempe\u00f1arse en diversas \u00e1reas y funciones tales como:<\/p>\n<p style=\"text-align: justify;\">Operador T\u00e1ctico: Colaborando t\u00e1cticamente en operaciones de entrada, registro de inmuebles y control de personas.<\/p>\n<p style=\"text-align: justify;\">Gu\u00eda Canino: Integrando el binomio Gu\u00eda-ejemplar, para colaborar con el trabajo investigativo en detecci\u00f3n de drogas, armamento, munici\u00f3n y explosivos, adem\u00e1s de la b\u00fasqueda de personas desaparecidas.<\/p>\n<p style=\"text-align: justify;\">Recuperaci\u00f3n y manejo de las evidencias: Integrando equipos de recuperadores criminal\u00edsticos en apoyo a la investigaci\u00f3n policial.<\/p>\n<p style=\"text-align: justify;\">Microtr\u00e1fico \u2013 0: Integrando equipos de trabajo centrados en el tr\u00e1fico de drogas en peque\u00f1as cantidades.<\/p>\n<p style=\"text-align: justify;\">Migraciones y Control Fronterizo: Verificando la autenticidad de documentaci\u00f3n y manejando sistemas operativos en las fronteras mar\u00edtimas, terrestres y a\u00e9reas, en el contexto del tr\u00e1nsito nacional e internacional de los pasajeros.<\/p>\n<p style=\"text-align: justify;\">Atenci\u00f3n de Usuarios y Toma de Denuncias: Ejecutando el proceso de toma de denuncias, mediante una adecuada atenci\u00f3n de usuarios.<\/p>\n<p style=\"text-align: justify;\">Protecci\u00f3n de Personas: Custodiando o protegiendo a autoridades o altos cargos p\u00fablicos con la finalidad de resguardar su integridad.<\/p>\n<p style=\"text-align: justify;\">Conducci\u00f3n Policial: Participando en el traslado de personal, imputados, detenidos o arrestados, en el contexto de operativos e investigaciones policiales.<\/p>\n<\/div><\/section><\/div><div  style='height:50px' class='hr hr-invisible   avia-builder-el-6  el_after_av_one_full  el_before_av_social_share '><span class='hr-inner ' ><span class='hr-inner-style'><\/span><\/span><\/div><\/p>\n<div  class='av-social-sharing-box  avia-builder-el-7  el_after_av_hr  el_before_av_hr  '><div class='av-share-box'><h5 class='av-share-link-description av-no-toc '>Compartir esta noticia<\/h5><ul class='av-share-box-list noLightbox'><li class='av-share-link av-social-link-facebook' ><a target=\"_blank\" aria-label=\"Compartir en Facebook\" href='https:\/\/www.facebook.com\/sharer.php?u=https:\/\/radiorevelacionfm.cl\/?p=18298&#038;t=Postula%20al%20Proceso%20de%20Admisi%C3%B3n%202023%20para%20Asistente%20Policial%20de%20la%20PDI' aria-hidden='false' data-av_icon='\ue8f3' data-av_iconfont='entypo-fontello' title='' data-avia-related-tooltip='Compartir en Facebook' rel=\"noopener\"><span class='avia_hidden_link_text'>Compartir en Facebook<\/span><\/a><\/li><li class='av-share-link av-social-link-twitter' ><a target=\"_blank\" aria-label=\"Compartir en Twitter\" href='https:\/\/twitter.com\/share?text=Postula%20al%20Proceso%20de%20Admisi%C3%B3n%202023%20para%20Asistente%20Policial%20de%20la%20PDI&#038;url=https:\/\/radiorevelacionfm.cl\/?p=18298' aria-hidden='false' data-av_icon='\ue8f1' data-av_iconfont='entypo-fontello' title='' data-avia-related-tooltip='Compartir en Twitter' rel=\"noopener\"><span class='avia_hidden_link_text'>Compartir en Twitter<\/span><\/a><\/li><li class='av-share-link av-social-link-whatsapp' ><a target=\"_blank\" aria-label=\"Compartir en Whatsapp\" href='https:\/\/api.whatsapp.com\/send?text=https:\/\/radiorevelacionfm.cl\/?p=18298' aria-hidden='false' data-av_icon='\uf232' data-av_iconfont='entypo-fontello' title='' data-avia-related-tooltip='Compartir en Whatsapp' rel=\"noopener\"><span class='avia_hidden_link_text'>Compartir en Whatsapp<\/span><\/a><\/li><li class='av-share-link av-social-link-linkedin' ><a target=\"_blank\" aria-label=\"Compartir en LinkedIn\" href='https:\/\/linkedin.com\/shareArticle?mini=true&#038;title=Postula%20al%20Proceso%20de%20Admisi%C3%B3n%202023%20para%20Asistente%20Policial%20de%20la%20PDI&#038;url=https:\/\/radiorevelacionfm.cl\/?p=18298' aria-hidden='false' data-av_icon='\ue8fc' data-av_iconfont='entypo-fontello' title='' data-avia-related-tooltip='Compartir en LinkedIn' rel=\"noopener\"><span class='avia_hidden_link_text'>Compartir en LinkedIn<\/span><\/a><\/li><li class='av-share-link av-social-link-mail' ><a  aria-label=\"Compartir por correo\" href='mailto:?subject=Postula%20al%20Proceso%20de%20Admisi%C3%B3n%202023%20para%20Asistente%20Policial%20de%20la%20PDI&#038;body=https:\/\/radiorevelacionfm.cl\/?p=18298' aria-hidden='false' data-av_icon='\ue805' data-av_iconfont='entypo-fontello' title='' data-avia-related-tooltip='Compartir por correo'><span class='avia_hidden_link_text'>Compartir por correo<\/span><\/a><\/li><\/ul><\/div><\/div>\n<div  style='height:50px' class='hr hr-invisible   avia-builder-el-8  el_after_av_social_share  el_before_av_comments_list '><span class='hr-inner ' ><span class='hr-inner-style'><\/span><\/span><\/div>\n<div  class='av-buildercomment  av-blog-meta-html-info-disabled av-blog-meta-tag-disabled  '><\/div>\n","protected":false},"excerpt":{"rendered":"","protected":false},"author":1,"featured_media":18299,"comment_status":"open","ping_status":"open","sticky":false,"template":"","format":"standard","meta":{"footnotes":""},"categories":[36],"tags":[],"class_list":["post-18298","post","type-post","status-publish","format-standard","has-post-thumbnail","hentry","category-policial"],"jetpack_featured_media_url":"https:\/\/radiorevelacionfm.cl\/wp-content\/uploads\/2022\/06\/cecapro-1-1.jpg","_links":{"self":[{"href":"https:\/\/radiorevelacionfm.cl\/index.php?rest_route=\/wp\/v2\/posts\/18298","targetHints":{"allow":["GET"]}}],"collection":[{"href":"https:\/\/radiorevelacionfm.cl\/index.php?rest_route=\/wp\/v2\/posts"}],"about":[{"href":"https:\/\/radiorevelacionfm.cl\/index.php?rest_route=\/wp\/v2\/types\/post"}],"author":[{"embeddable":true,"href":"https:\/\/radiorevelacionfm.cl\/index.php?rest_route=\/wp\/v2\/users\/1"}],"replies":[{"embeddable":true,"href":"https:\/\/radiorevelacionfm.cl\/index.php?rest_route=%2Fwp%2Fv2%2Fcomments&post=18298"}],"version-history":[{"count":2,"href":"https:\/\/radiorevelacionfm.cl\/index.php?rest_route=\/wp\/v2\/posts\/18298\/revisions"}],"predecessor-version":[{"id":18304,"href":"https:\/\/radiorevelacionfm.cl\/index.php?rest_route=\/wp\/v2\/posts\/18298\/revisions\/18304"}],"wp:featuredmedia":[{"embeddable":true,"href":"https:\/\/radiorevelacionfm.cl\/index.php?rest_route=\/wp\/v2\/media\/18299"}],"wp:attachment":[{"href":"https:\/\/radiorevelacionfm.cl\/index.php?rest_route=%2Fwp%2Fv2%2Fmedia&parent=18298"}],"wp:term":[{"taxonomy":"category","embeddable":true,"href":"https:\/\/radiorevelacionfm.cl\/index.php?rest_route=%2Fwp%2Fv2%2Fcategories&post=18298"},{"taxonomy":"post_tag","embeddable":true,"href":"https:\/\/radiorevelacionfm.cl\/index.php?rest_route=%2Fwp%2Fv2%2Ftags&post=18298"}],"curies":[{"name":"wp","href":"https:\/\/api.w.org\/{rel}","templated":true}]}}