{"id":18291,"date":"2022-06-22T15:53:04","date_gmt":"2022-06-22T18:53:04","guid":{"rendered":"https:\/\/radiorevelacionfm.cl\/?p=18291"},"modified":"2022-06-22T15:53:04","modified_gmt":"2022-06-22T18:53:04","slug":"difunden-proyecto-de-transporte-publico-para-mejorar-conectividad-urbana-en-coyhaique","status":"publish","type":"post","link":"https:\/\/radiorevelacionfm.cl\/?p=18291","title":{"rendered":"Difunden proyecto de transporte p\u00fablico para mejorar conectividad urbana en Coyhaique"},"content":{"rendered":"<div class=\"flex_column av_one_full  flex_column_div av-zero-column-padding first  avia-builder-el-0  el_before_av_one_full  avia-builder-el-first  \" style='border-radius:0px; '><div  class='avia-image-container  av-styling-    avia-builder-el-1  avia-builder-el-no-sibling  avia-align-center '  itemprop=\"image\" itemscope=\"itemscope\" itemtype=\"https:\/\/schema.org\/ImageObject\"  ><div class='avia-image-container-inner'><div class='avia-image-overlay-wrap'><img decoding=\"async\" class='wp-image-18292 avia-img-lazy-loading-not-18292 avia_image' src=\"https:\/\/radiorevelacionfm.cl\/wp-content\/uploads\/2022\/06\/dsc_6034-1_optimized.jpg\" alt='' title='dsc_6034-(1)_optimized' height=\"600\" width=\"903\"  itemprop=\"thumbnailUrl\" srcset=\"https:\/\/radiorevelacionfm.cl\/wp-content\/uploads\/2022\/06\/dsc_6034-1_optimized.jpg 903w, https:\/\/radiorevelacionfm.cl\/wp-content\/uploads\/2022\/06\/dsc_6034-1_optimized-300x199.jpg 300w, https:\/\/radiorevelacionfm.cl\/wp-content\/uploads\/2022\/06\/dsc_6034-1_optimized-768x510.jpg 768w, https:\/\/radiorevelacionfm.cl\/wp-content\/uploads\/2022\/06\/dsc_6034-1_optimized-705x468.jpg 705w, https:\/\/radiorevelacionfm.cl\/wp-content\/uploads\/2022\/06\/dsc_6034-1_optimized-600x399.jpg 600w\" sizes=\"(max-width: 903px) 100vw, 903px\" \/><\/div><\/div><\/div><\/div><div class=\"flex_column av_one_full  flex_column_div av-zero-column-padding first  avia-builder-el-2  el_after_av_one_full  el_before_av_one_full  column-top-margin\" style='border-radius:0px; '><section class=\"av_textblock_section \"  itemscope=\"itemscope\" itemtype=\"https:\/\/schema.org\/BlogPosting\" itemprop=\"blogPost\" ><div class='avia_textblock  '   itemprop=\"text\" ><p style=\"text-align: center;\"><span style=\"font-size: 18pt;\"><b>Difunden proyecto de transporte p\u00fablico para mejorar conectividad urbana en Coyhaique<\/b><\/span><\/p>\n<div id=\"gtx-trans\" style=\"position: absolute; left: -50px; top: 4.31534px;\">\n<div class=\"gtx-trans-icon\"><\/div>\n<\/div>\n<\/div><\/section><\/div><div class=\"flex_column av_one_full  flex_column_div av-zero-column-padding first  avia-builder-el-4  el_after_av_one_full  el_before_av_hr  column-top-margin\" style='border-radius:0px; '><section class=\"av_textblock_section \"  itemscope=\"itemscope\" itemtype=\"https:\/\/schema.org\/BlogPosting\" itemprop=\"blogPost\" ><div class='avia_textblock  '   itemprop=\"text\" ><p style=\"font-weight: 400; text-align: justify;\">Uno de los principales desaf\u00edos en t\u00e9rminos de conectividad para la regi\u00f3n es la movilidad urbana, sobre todo en Coyhaique, donde nuevos sectores residenciales de la ciudad han quedado sin cobertura de transporte p\u00fablico. Esto dificulta el desplazamiento de vecinos, personas mayores y estudiantes que requieren asistir a sus trabajos, consultorios, lugares de estudio, etc.<\/p>\n<p style=\"font-weight: 400; text-align: justify;\">Haci\u00e9ndose cargo de esta necesidad, el Ministerio de Transporte y Telecomunicaciones ha dise\u00f1ado un proyecto de transporte p\u00fablico urbano enfocado principalmente en aquellas poblaciones que hoy no cuentan con ninguna forma de movilizaci\u00f3n colectiva.<\/p>\n<p style=\"font-weight: 400; text-align: justify;\">Para dar cuenta de este trabajo, se realizaron jornadas de participaci\u00f3n ciudadana en las que se inform\u00f3 de la propuesta que implementar\u00eda buses el\u00e9ctricos, sus trazados, frecuencias, horarios y tarifas. En esta convocatoria participaron dirigentes, adultos mayores y estudiantes de sectores como la Villa Los Glaciares, poblaciones Clotario Blest, Quinta Burgos, General Marchant, Pedro Aguirre Cerda, Gabriela Mistral, Barrio Seco y sector El Claro.<\/p>\n<p style=\"font-weight: 400; text-align: justify;\">La seremiTT Claudia Cantero eval\u00fao como un \u00e9xito las jornadas, que recogieron las variadas visiones y puntos de vista de los futuros beneficiados con esta propuesta de conectividad urbana: \u201cEstuvimos revisando el proyecto de conectividad que estamos desarrollando como seremi y como Ministerio de Transportes y Telecomunicaciones, de buses el\u00e9ctricos para Coyhaique. Es un proyecto muy bonito y estamos haciendo estas actividades con la comunidad porque queremos co-construir los trazados, frecuencias, tarifas. Queremos saber la opini\u00f3n de las personas para generar un proyecto amigable y lo m\u00e1s cercano a las necesidades que tiene la poblaci\u00f3n\u201d, enfatiz\u00f3.<\/p>\n<p style=\"font-weight: 400; text-align: justify;\">Como vecino de la Poblaci\u00f3n Clotario Blest, Luis Aguilar explic\u00f3 la situaci\u00f3n actual que afecta al sector: \u201cA veces cuesta encontrar locomoci\u00f3n hacia el centro. En mi caso que tengo un adulto mayor que es mi padre, a veces pido taxi para ir al consultorio y no llegan, y yo pierdo la hora. Entonces lo de un bus ser\u00eda muy bueno\u201d.<\/p>\n<p style=\"font-weight: 400; text-align: justify;\">Los estudiantes del Liceo Altos del Mackay afirmaron que los recorridos de buses facilitar\u00edan notablemente el transporte para sus compa\u00f1eros. Facundo Saldivia, Presidente del Centro de Alumnos de dicho establecimiento indic\u00f3 que \u201clos alumnos del Liceo est\u00e1n esparcidos por Coyhaique, algunos est\u00e1n en la Clotario Blest. Muchos de ellos no tienen plata para el colectivo y tienen que caminar, con todas las dificultades que hay en t\u00e9rminos de seguridad para poder transportarse en la ciudad, simplemente para tener una educaci\u00f3n. Finalmente se est\u00e1 dialogando\u201d, declar\u00f3.<\/p>\n<p style=\"font-weight: 400; text-align: justify;\">La vicepresidenta de los alumnos de este plantel educacional, Alejandra Cadag\u00e1n tambi\u00e9n se refiri\u00f3 positivamente a que la propuesta de transporte sea a trav\u00e9s de electromovilidad, dado el escenario de contaminaci\u00f3n atmosf\u00e9rica presente en Coyhaique: \u201cSumado a eso las tarifas van a ser m\u00e1s econ\u00f3micas y el combustible es demasiado caro, adem\u00e1s de reducir el uso del auto. El usar buses el\u00e9ctricos es mucho m\u00e1s conveniente\u201d.<\/p>\n<p style=\"font-weight: 400; text-align: justify;\">Ariel San Mart\u00edn, Presidente de la Junta de Vecinos Quinta Burgos, valor\u00f3 que el dise\u00f1o haya sido presentado previamente para recoger algunas indicaciones de sus futuros beneficiarios: \u201cMe parece excelente esta iniciativa y que bueno que sea compartido con la ciudadan\u00eda, porque uno ve los pros y los contras de este proyecto. As\u00ed favorecer a Coyhaique, para la descongesti\u00f3n, la movilidad dentro de la ciudad y el buen material que estar\u00eda llegando. Ser\u00eda genial contar con buses el\u00e9ctricos\u201d, destac\u00f3.<\/p>\n<p style=\"font-weight: 400; text-align: justify;\">Asimismo, la presidenta del Comit\u00e9 Las Araucarias, del sector alto de Coyhaique, Nidia Coby agreg\u00f3 que\u00a0\u201ces s\u00faper \u00a0bueno que consulten sobre todo los horarios, las rutas,\u00a0 porque hay muchos estudiantes y personas que se desplazan diariamente, as\u00ed que ojala resulte todo bien\u201d.<\/p>\n<p style=\"font-weight: 400; text-align: justify;\">Luego de este proceso, y evaluar las observaciones que puedan ser incluidas en el proyecto, se dise\u00f1ar\u00e1 el proyecto final, el cual ser\u00eda ingresado para toma de raz\u00f3n de Contralor\u00eda antes de fin de a\u00f1o.<\/p>\n<\/div><\/section><\/div><div  style='height:50px' class='hr hr-invisible   avia-builder-el-6  el_after_av_one_full  el_before_av_social_share '><span class='hr-inner ' ><span class='hr-inner-style'><\/span><\/span><\/div><\/p>\n<div  class='av-social-sharing-box  avia-builder-el-7  el_after_av_hr  el_before_av_hr  '><div class='av-share-box'><h5 class='av-share-link-description av-no-toc '>Compartir esta noticia<\/h5><ul class='av-share-box-list noLightbox'><li class='av-share-link av-social-link-facebook' ><a target=\"_blank\" aria-label=\"Compartir en Facebook\" href='https:\/\/www.facebook.com\/sharer.php?u=https:\/\/radiorevelacionfm.cl\/?p=18291&#038;t=Difunden%20proyecto%20de%20transporte%20p%C3%BAblico%20para%20mejorar%20conectividad%20urbana%20en%20Coyhaique' aria-hidden='false' data-av_icon='\ue8f3' data-av_iconfont='entypo-fontello' title='' data-avia-related-tooltip='Compartir en Facebook' rel=\"noopener\"><span class='avia_hidden_link_text'>Compartir en Facebook<\/span><\/a><\/li><li class='av-share-link av-social-link-twitter' ><a target=\"_blank\" aria-label=\"Compartir en Twitter\" href='https:\/\/twitter.com\/share?text=Difunden%20proyecto%20de%20transporte%20p%C3%BAblico%20para%20mejorar%20conectividad%20urbana%20en%20Coyhaique&#038;url=https:\/\/radiorevelacionfm.cl\/?p=18291' aria-hidden='false' data-av_icon='\ue8f1' data-av_iconfont='entypo-fontello' title='' data-avia-related-tooltip='Compartir en Twitter' rel=\"noopener\"><span class='avia_hidden_link_text'>Compartir en Twitter<\/span><\/a><\/li><li class='av-share-link av-social-link-whatsapp' ><a target=\"_blank\" aria-label=\"Compartir en Whatsapp\" href='https:\/\/api.whatsapp.com\/send?text=https:\/\/radiorevelacionfm.cl\/?p=18291' aria-hidden='false' data-av_icon='\uf232' data-av_iconfont='entypo-fontello' title='' data-avia-related-tooltip='Compartir en Whatsapp' rel=\"noopener\"><span class='avia_hidden_link_text'>Compartir en Whatsapp<\/span><\/a><\/li><li class='av-share-link av-social-link-linkedin' ><a target=\"_blank\" aria-label=\"Compartir en LinkedIn\" href='https:\/\/linkedin.com\/shareArticle?mini=true&#038;title=Difunden%20proyecto%20de%20transporte%20p%C3%BAblico%20para%20mejorar%20conectividad%20urbana%20en%20Coyhaique&#038;url=https:\/\/radiorevelacionfm.cl\/?p=18291' aria-hidden='false' data-av_icon='\ue8fc' data-av_iconfont='entypo-fontello' title='' data-avia-related-tooltip='Compartir en LinkedIn' rel=\"noopener\"><span class='avia_hidden_link_text'>Compartir en LinkedIn<\/span><\/a><\/li><li class='av-share-link av-social-link-mail' ><a  aria-label=\"Compartir por correo\" href='mailto:?subject=Difunden%20proyecto%20de%20transporte%20p%C3%BAblico%20para%20mejorar%20conectividad%20urbana%20en%20Coyhaique&#038;body=https:\/\/radiorevelacionfm.cl\/?p=18291' aria-hidden='false' data-av_icon='\ue805' data-av_iconfont='entypo-fontello' title='' data-avia-related-tooltip='Compartir por correo'><span class='avia_hidden_link_text'>Compartir por correo<\/span><\/a><\/li><\/ul><\/div><\/div>\n<div  style='height:50px' class='hr hr-invisible   avia-builder-el-8  el_after_av_social_share  el_before_av_comments_list '><span class='hr-inner ' ><span class='hr-inner-style'><\/span><\/span><\/div>\n<div  class='av-buildercomment  av-blog-meta-html-info-disabled av-blog-meta-tag-disabled  '><\/div>\n","protected":false},"excerpt":{"rendered":"","protected":false},"author":1,"featured_media":18292,"comment_status":"open","ping_status":"open","sticky":false,"template":"","format":"standard","meta":{"footnotes":""},"categories":[59],"tags":[],"class_list":["post-18291","post","type-post","status-publish","format-standard","has-post-thumbnail","hentry","category-transporte"],"jetpack_featured_media_url":"https:\/\/radiorevelacionfm.cl\/wp-content\/uploads\/2022\/06\/dsc_6034-1_optimized.jpg","_links":{"self":[{"href":"https:\/\/radiorevelacionfm.cl\/index.php?rest_route=\/wp\/v2\/posts\/18291","targetHints":{"allow":["GET"]}}],"collection":[{"href":"https:\/\/radiorevelacionfm.cl\/index.php?rest_route=\/wp\/v2\/posts"}],"about":[{"href":"https:\/\/radiorevelacionfm.cl\/index.php?rest_route=\/wp\/v2\/types\/post"}],"author":[{"embeddable":true,"href":"https:\/\/radiorevelacionfm.cl\/index.php?rest_route=\/wp\/v2\/users\/1"}],"replies":[{"embeddable":true,"href":"https:\/\/radiorevelacionfm.cl\/index.php?rest_route=%2Fwp%2Fv2%2Fcomments&post=18291"}],"version-history":[{"count":2,"href":"https:\/\/radiorevelacionfm.cl\/index.php?rest_route=\/wp\/v2\/posts\/18291\/revisions"}],"predecessor-version":[{"id":18294,"href":"https:\/\/radiorevelacionfm.cl\/index.php?rest_route=\/wp\/v2\/posts\/18291\/revisions\/18294"}],"wp:featuredmedia":[{"embeddable":true,"href":"https:\/\/radiorevelacionfm.cl\/index.php?rest_route=\/wp\/v2\/media\/18292"}],"wp:attachment":[{"href":"https:\/\/radiorevelacionfm.cl\/index.php?rest_route=%2Fwp%2Fv2%2Fmedia&parent=18291"}],"wp:term":[{"taxonomy":"category","embeddable":true,"href":"https:\/\/radiorevelacionfm.cl\/index.php?rest_route=%2Fwp%2Fv2%2Fcategories&post=18291"},{"taxonomy":"post_tag","embeddable":true,"href":"https:\/\/radiorevelacionfm.cl\/index.php?rest_route=%2Fwp%2Fv2%2Ftags&post=18291"}],"curies":[{"name":"wp","href":"https:\/\/api.w.org\/{rel}","templated":true}]}}