{"id":18272,"date":"2022-06-22T14:18:34","date_gmt":"2022-06-22T17:18:34","guid":{"rendered":"https:\/\/radiorevelacionfm.cl\/?p=18272"},"modified":"2022-06-22T14:18:34","modified_gmt":"2022-06-22T17:18:34","slug":"proyecto-patagonia-afianza-conectividad-de-la-ciencia-en-aysen","status":"publish","type":"post","link":"https:\/\/radiorevelacionfm.cl\/?p=18272","title":{"rendered":"Proyecto Patagonia afianza conectividad de la ciencia en Ays\u00e9n"},"content":{"rendered":"<div class=\"flex_column av_one_full  flex_column_div av-zero-column-padding first  avia-builder-el-0  el_before_av_one_full  avia-builder-el-first  \" style='border-radius:0px; '><div  class='avia-image-container  av-styling-    avia-builder-el-1  avia-builder-el-no-sibling  avia-align-center '  itemprop=\"image\" itemscope=\"itemscope\" itemtype=\"https:\/\/schema.org\/ImageObject\"  ><div class='avia-image-container-inner'><div class='avia-image-overlay-wrap'><img decoding=\"async\" class='wp-image-18273 avia-img-lazy-loading-not-18273 avia_image' src=\"https:\/\/radiorevelacionfm.cl\/wp-content\/uploads\/2022\/06\/rodrigo-araya-morales-delegado-presidencial-regional-seremi-de-ciencia-31-1_optimized.jpg\" alt='' title='rodrigo-araya-morales,-delegado-presidencial-regional,-seremi-de-ciencia-(3)1-(1)_optimized' height=\"600\" width=\"1133\"  itemprop=\"thumbnailUrl\" srcset=\"https:\/\/radiorevelacionfm.cl\/wp-content\/uploads\/2022\/06\/rodrigo-araya-morales-delegado-presidencial-regional-seremi-de-ciencia-31-1_optimized.jpg 1133w, https:\/\/radiorevelacionfm.cl\/wp-content\/uploads\/2022\/06\/rodrigo-araya-morales-delegado-presidencial-regional-seremi-de-ciencia-31-1_optimized-300x159.jpg 300w, https:\/\/radiorevelacionfm.cl\/wp-content\/uploads\/2022\/06\/rodrigo-araya-morales-delegado-presidencial-regional-seremi-de-ciencia-31-1_optimized-1030x545.jpg 1030w, https:\/\/radiorevelacionfm.cl\/wp-content\/uploads\/2022\/06\/rodrigo-araya-morales-delegado-presidencial-regional-seremi-de-ciencia-31-1_optimized-768x407.jpg 768w, https:\/\/radiorevelacionfm.cl\/wp-content\/uploads\/2022\/06\/rodrigo-araya-morales-delegado-presidencial-regional-seremi-de-ciencia-31-1_optimized-710x375.jpg 710w, https:\/\/radiorevelacionfm.cl\/wp-content\/uploads\/2022\/06\/rodrigo-araya-morales-delegado-presidencial-regional-seremi-de-ciencia-31-1_optimized-705x373.jpg 705w, https:\/\/radiorevelacionfm.cl\/wp-content\/uploads\/2022\/06\/rodrigo-araya-morales-delegado-presidencial-regional-seremi-de-ciencia-31-1_optimized-600x318.jpg 600w\" sizes=\"(max-width: 1133px) 100vw, 1133px\" \/><\/div><\/div><\/div><\/div><div class=\"flex_column av_one_full  flex_column_div av-zero-column-padding first  avia-builder-el-2  el_after_av_one_full  el_before_av_one_full  column-top-margin\" style='border-radius:0px; '><section class=\"av_textblock_section \"  itemscope=\"itemscope\" itemtype=\"https:\/\/schema.org\/BlogPosting\" itemprop=\"blogPost\" ><div class='avia_textblock  '   itemprop=\"text\" ><p style=\"text-align: center;\"><span style=\"font-size: 18pt;\"><b><span lang=\"ES\">Proyecto Patagonia afianza conectividad de la ciencia\u00a0en Ays\u00e9n<\/span><\/b><\/span><\/p>\n<div id=\"gtx-trans\" style=\"position: absolute; left: -50px; top: 4.31534px;\">\n<div class=\"gtx-trans-icon\"><\/div>\n<\/div>\n<\/div><\/section><\/div><div class=\"flex_column av_one_full  flex_column_div av-zero-column-padding first  avia-builder-el-4  el_after_av_one_full  el_before_av_hr  column-top-margin\" style='border-radius:0px; '><section class=\"av_textblock_section \"  itemscope=\"itemscope\" itemtype=\"https:\/\/schema.org\/BlogPosting\" itemprop=\"blogPost\" ><div class='avia_textblock  '   itemprop=\"text\" ><p style=\"font-weight: 400; text-align: justify;\">Una red exclusivamente destinada al tr\u00e1fico de informaci\u00f3n cient\u00edfica desde y hacia el pa\u00eds y el mundo, se est\u00e1 instalando en la Regi\u00f3n de Ays\u00e9n como parte del Proyecto Patagonia, impulsado por el Ministerio de Ciencia, la Agencia Nacional de Investigaci\u00f3n y Desarrollo (ANID) y la Red Universitaria Nacional (REUNA).<\/p>\n<p style=\"font-weight: 400; text-align: justify;\">La iniciativa permitir\u00e1 cerrar la brecha digital que tiene el territorio, a trav\u00e9s de la provisi\u00f3n de infraestructura habilitante en GTD Telsur, atendiendo al alto potencial cient\u00edfico que tiene la Macrozona Austral, su rol estrat\u00e9gico para enfrentar la crisis clim\u00e1tica y ventajas comparativas mundiales como Campo de Hielo.<\/p>\n<p style=\"font-weight: 400; text-align: justify;\">Para el Delegado Presidencial Regional, Rodrigo Araya Morales, se trata de un paso de suma relevancia para el fortalecimiento de la ciencia, fundamental para un desarrollo equitativo de los territorios.<\/p>\n<p style=\"font-weight: 400; text-align: justify;\">\u201cHay centros de investigaci\u00f3n que se van a beneficiar con esto y con nuestra seremi de Ciencia vamos a trabajar y establecer planes de trabajo sobre c\u00f3mo se va a desarrollar -en este per\u00edodo de cuatro a\u00f1os de nuestro gobierno-, la investigaci\u00f3n y las facilidades para que nuestra regi\u00f3n pueda progresar en eso. Nuestro Presidente Gabriel Boric lo dijo en la Cuenta P\u00fablica, llegar idealmente a un uno por ciento del PIB (Producto Interno Bruto) en el Ministerio de Ciencia, es fundamental para el desarrollo de nuestra regi\u00f3n y de nuestros territorios de manera equitativa\u201d, expres\u00f3 Rodrigo Araya.<\/p>\n<p style=\"font-weight: 400; text-align: justify;\">Paola Arellano, directora ejecutiva de REUNA, explic\u00f3 que la red permitir\u00e1 transmitir informaci\u00f3n entre investigadores, acad\u00e9micos, estudiantes, compartir recursos, experiencias y generar nuevos proyectos de investigaci\u00f3n y educaci\u00f3n.<\/p>\n<p style=\"font-weight: 400; text-align: justify;\">\u201cEstamos trabajando en la implementaci\u00f3n de la Red de Investigaci\u00f3n y Educaci\u00f3n de la Macrozona Austral, llamada proyecto Patagonia, un proyecto apoyado por el Ministerio de Ciencias, a trav\u00e9s de ANID y que busca conectar a la regi\u00f3n de Ays\u00e9n y la regi\u00f3n de Magallanes y la Ant\u00e1rtica, con las redes de investigaci\u00f3n y educaci\u00f3n a nivel mundial. Nuestra primera meta va a ser instalar el nodo o el punto de presencia en esta regi\u00f3n e interconectar las instituciones que hacen ciencia ac\u00e1 con las nacionales y con las internacionales\u201d, detall\u00f3.<\/p>\n<p style=\"font-weight: 400; text-align: justify;\">La seremi de Ciencia, Tecnolog\u00eda, Conocimiento e Innovaci\u00f3n, Ver\u00f3nica Vallejos, dijo que la Macrozona Austral, tiene un alto potencial cient\u00edfico, cumple un rol estrat\u00e9gico para enfrentar la crisis clim\u00e1tica y tiene ventajas comparativas mundiales, por lo que es relevante fortalecer la relaci\u00f3n en la regi\u00f3n, con el resto del pa\u00eds y el mundo.<\/p>\n<p style=\"font-weight: 400; text-align: justify;\">\u201cA nuestras autoridades, a los equipos con los que nos toca trabajar directamente, los centros de investigaci\u00f3n, la universidad; tratar de realizar, adem\u00e1s, actividades con la comunidad, poque tambi\u00e9n queremos posibilitar la bajada de informaci\u00f3n cient\u00edfica hacia las personas. Articular, en cierta medida, el trabajo de la investigaci\u00f3n cient\u00edfica de Chile, en particular, de la regi\u00f3n, que es lo que nos interesa y ver c\u00f3mo seguimos en la articulaci\u00f3n con los otros territorios dentro de la regi\u00f3n\u201d, enfatiz\u00f3.<\/p>\n<p style=\"font-weight: 400; text-align: justify;\">Rodrigo Araya recalc\u00f3 que esta nueva posibilidad de conectividad digital ir\u00e1 en directo beneficio de los centros de estudio e investigaci\u00f3n presentes en Ays\u00e9n.<\/p>\n<p style=\"font-weight: 400; text-align: justify;\">\u201cNosotros tenemos grandes investigadores en nuestra regi\u00f3n, tenemos centros que est\u00e1n en pleno desarrollo, una Universidad de Ays\u00e9n que tiene pocos a\u00f1os de existencia pero que est\u00e1 ad portas de iniciar la construcci\u00f3n de su edificio, una Corporaci\u00f3n de Ecosistemas de la Patagonia, CIEP, que tiene investigadores con alianzas internacionales, la Universidad Austral instalada en la regi\u00f3n haciendo investigaci\u00f3n tambi\u00e9n, un Centro de Formaci\u00f3n T\u00e9cnica con una potencialidad importancia, la Universidad de Magallanes, Inacap\u201d, puntualiz\u00f3.<\/p>\n<p style=\"font-weight: 400; text-align: justify;\">Cabe se\u00f1alar que la misi\u00f3n principal de la Seremi de la Macrozona Austral es el desarrollo del territorio a trav\u00e9s de la ciencia, el conocimiento, la tecnolog\u00eda y la innovaci\u00f3n, demostrando con evidencia que el uso del conocimiento generado en la regi\u00f3n y para la regi\u00f3n mejora la calidad de vida de sus habitantes.<\/p>\n<\/div><\/section><\/div><div  style='height:50px' class='hr hr-invisible   avia-builder-el-6  el_after_av_one_full  el_before_av_social_share '><span class='hr-inner ' ><span class='hr-inner-style'><\/span><\/span><\/div><\/p>\n<div  class='av-social-sharing-box  avia-builder-el-7  el_after_av_hr  el_before_av_hr  '><div class='av-share-box'><h5 class='av-share-link-description av-no-toc '>Compartir esta noticia<\/h5><ul class='av-share-box-list noLightbox'><li class='av-share-link av-social-link-facebook' ><a target=\"_blank\" aria-label=\"Compartir en Facebook\" href='https:\/\/www.facebook.com\/sharer.php?u=https:\/\/radiorevelacionfm.cl\/?p=18272&#038;t=Proyecto%20Patagonia%20afianza%20conectividad%20de%20la%20ciencia%20en%20Ays%C3%A9n' aria-hidden='false' data-av_icon='\ue8f3' data-av_iconfont='entypo-fontello' title='' data-avia-related-tooltip='Compartir en Facebook' rel=\"noopener\"><span class='avia_hidden_link_text'>Compartir en Facebook<\/span><\/a><\/li><li class='av-share-link av-social-link-twitter' ><a target=\"_blank\" aria-label=\"Compartir en Twitter\" href='https:\/\/twitter.com\/share?text=Proyecto%20Patagonia%20afianza%20conectividad%20de%20la%20ciencia%20en%20Ays%C3%A9n&#038;url=https:\/\/radiorevelacionfm.cl\/?p=18272' aria-hidden='false' data-av_icon='\ue8f1' data-av_iconfont='entypo-fontello' title='' data-avia-related-tooltip='Compartir en Twitter' rel=\"noopener\"><span class='avia_hidden_link_text'>Compartir en Twitter<\/span><\/a><\/li><li class='av-share-link av-social-link-whatsapp' ><a target=\"_blank\" aria-label=\"Compartir en Whatsapp\" href='https:\/\/api.whatsapp.com\/send?text=https:\/\/radiorevelacionfm.cl\/?p=18272' aria-hidden='false' data-av_icon='\uf232' data-av_iconfont='entypo-fontello' title='' data-avia-related-tooltip='Compartir en Whatsapp' rel=\"noopener\"><span class='avia_hidden_link_text'>Compartir en Whatsapp<\/span><\/a><\/li><li class='av-share-link av-social-link-linkedin' ><a target=\"_blank\" aria-label=\"Compartir en LinkedIn\" href='https:\/\/linkedin.com\/shareArticle?mini=true&#038;title=Proyecto%20Patagonia%20afianza%20conectividad%20de%20la%20ciencia%20en%20Ays%C3%A9n&#038;url=https:\/\/radiorevelacionfm.cl\/?p=18272' aria-hidden='false' data-av_icon='\ue8fc' data-av_iconfont='entypo-fontello' title='' data-avia-related-tooltip='Compartir en LinkedIn' rel=\"noopener\"><span class='avia_hidden_link_text'>Compartir en LinkedIn<\/span><\/a><\/li><li class='av-share-link av-social-link-mail' ><a  aria-label=\"Compartir por correo\" href='mailto:?subject=Proyecto%20Patagonia%20afianza%20conectividad%20de%20la%20ciencia%20en%20Ays%C3%A9n&#038;body=https:\/\/radiorevelacionfm.cl\/?p=18272' aria-hidden='false' data-av_icon='\ue805' data-av_iconfont='entypo-fontello' title='' data-avia-related-tooltip='Compartir por correo'><span class='avia_hidden_link_text'>Compartir por correo<\/span><\/a><\/li><\/ul><\/div><\/div>\n<div  style='height:50px' class='hr hr-invisible   avia-builder-el-8  el_after_av_social_share  el_before_av_comments_list '><span class='hr-inner ' ><span class='hr-inner-style'><\/span><\/span><\/div>\n<div  class='av-buildercomment  av-blog-meta-html-info-disabled av-blog-meta-tag-disabled  '><\/div>\n","protected":false},"excerpt":{"rendered":"","protected":false},"author":1,"featured_media":18273,"comment_status":"open","ping_status":"open","sticky":false,"template":"","format":"standard","meta":{"footnotes":""},"categories":[38],"tags":[],"class_list":["post-18272","post","type-post","status-publish","format-standard","has-post-thumbnail","hentry","category-regional"],"jetpack_featured_media_url":"https:\/\/radiorevelacionfm.cl\/wp-content\/uploads\/2022\/06\/rodrigo-araya-morales-delegado-presidencial-regional-seremi-de-ciencia-31-1_optimized.jpg","_links":{"self":[{"href":"https:\/\/radiorevelacionfm.cl\/index.php?rest_route=\/wp\/v2\/posts\/18272","targetHints":{"allow":["GET"]}}],"collection":[{"href":"https:\/\/radiorevelacionfm.cl\/index.php?rest_route=\/wp\/v2\/posts"}],"about":[{"href":"https:\/\/radiorevelacionfm.cl\/index.php?rest_route=\/wp\/v2\/types\/post"}],"author":[{"embeddable":true,"href":"https:\/\/radiorevelacionfm.cl\/index.php?rest_route=\/wp\/v2\/users\/1"}],"replies":[{"embeddable":true,"href":"https:\/\/radiorevelacionfm.cl\/index.php?rest_route=%2Fwp%2Fv2%2Fcomments&post=18272"}],"version-history":[{"count":2,"href":"https:\/\/radiorevelacionfm.cl\/index.php?rest_route=\/wp\/v2\/posts\/18272\/revisions"}],"predecessor-version":[{"id":18275,"href":"https:\/\/radiorevelacionfm.cl\/index.php?rest_route=\/wp\/v2\/posts\/18272\/revisions\/18275"}],"wp:featuredmedia":[{"embeddable":true,"href":"https:\/\/radiorevelacionfm.cl\/index.php?rest_route=\/wp\/v2\/media\/18273"}],"wp:attachment":[{"href":"https:\/\/radiorevelacionfm.cl\/index.php?rest_route=%2Fwp%2Fv2%2Fmedia&parent=18272"}],"wp:term":[{"taxonomy":"category","embeddable":true,"href":"https:\/\/radiorevelacionfm.cl\/index.php?rest_route=%2Fwp%2Fv2%2Fcategories&post=18272"},{"taxonomy":"post_tag","embeddable":true,"href":"https:\/\/radiorevelacionfm.cl\/index.php?rest_route=%2Fwp%2Fv2%2Ftags&post=18272"}],"curies":[{"name":"wp","href":"https:\/\/api.w.org\/{rel}","templated":true}]}}