{"id":18268,"date":"2022-06-22T13:07:02","date_gmt":"2022-06-22T16:07:02","guid":{"rendered":"https:\/\/radiorevelacionfm.cl\/?p=18268"},"modified":"2022-06-22T13:07:02","modified_gmt":"2022-06-22T16:07:02","slug":"alcalde-uribe-abogo-por-un-cambio-al-programa-de-recambio-de-calefactores-en-el-ministerio-de-medio-ambiente","status":"publish","type":"post","link":"https:\/\/radiorevelacionfm.cl\/?p=18268","title":{"rendered":"Alcalde Uribe abog\u00f3 por un cambio al programa de recambio de calefactores en el Ministerio de Medio Ambiente"},"content":{"rendered":"<div class=\"flex_column av_one_full  flex_column_div av-zero-column-padding first  avia-builder-el-0  el_before_av_one_full  avia-builder-el-first  \" style='border-radius:0px; '><div  class='avia-image-container  av-styling-    avia-builder-el-1  avia-builder-el-no-sibling  avia-align-center '  itemprop=\"image\" itemscope=\"itemscope\" itemtype=\"https:\/\/schema.org\/ImageObject\"  ><div class='avia-image-container-inner'><div class='avia-image-overlay-wrap'><img decoding=\"async\" class='wp-image-18269 avia-img-lazy-loading-not-18269 avia_image' src=\"https:\/\/radiorevelacionfm.cl\/wp-content\/uploads\/2022\/06\/Img-MMA-Muniaysen1-1-1-1.jpg\" alt='' title='Img-MMA-Muniaysen1-1 (1) (1)' height=\"600\" width=\"922\"  itemprop=\"thumbnailUrl\" srcset=\"https:\/\/radiorevelacionfm.cl\/wp-content\/uploads\/2022\/06\/Img-MMA-Muniaysen1-1-1-1.jpg 922w, https:\/\/radiorevelacionfm.cl\/wp-content\/uploads\/2022\/06\/Img-MMA-Muniaysen1-1-1-1-300x195.jpg 300w, https:\/\/radiorevelacionfm.cl\/wp-content\/uploads\/2022\/06\/Img-MMA-Muniaysen1-1-1-1-768x500.jpg 768w, https:\/\/radiorevelacionfm.cl\/wp-content\/uploads\/2022\/06\/Img-MMA-Muniaysen1-1-1-1-705x459.jpg 705w, https:\/\/radiorevelacionfm.cl\/wp-content\/uploads\/2022\/06\/Img-MMA-Muniaysen1-1-1-1-600x390.jpg 600w\" sizes=\"(max-width: 922px) 100vw, 922px\" \/><\/div><\/div><\/div><\/div><div class=\"flex_column av_one_full  flex_column_div av-zero-column-padding first  avia-builder-el-2  el_after_av_one_full  el_before_av_one_full  column-top-margin\" style='border-radius:0px; '><section class=\"av_textblock_section \"  itemscope=\"itemscope\" itemtype=\"https:\/\/schema.org\/BlogPosting\" itemprop=\"blogPost\" ><div class='avia_textblock  '   itemprop=\"text\" ><p style=\"text-align: center;\"><strong><span style=\"font-size: 18pt;\">Alcalde Uribe abog\u00f3 por un cambio al programa de recambio de calefactores en el Ministerio de Medio Ambiente<\/span><\/strong><\/p>\n<div id=\"gtx-trans\" style=\"position: absolute; left: -50px; top: 4.31534px;\">\n<div class=\"gtx-trans-icon\"><\/div>\n<\/div>\n<\/div><\/section><\/div><div class=\"flex_column av_one_full  flex_column_div av-zero-column-padding first  avia-builder-el-4  el_after_av_one_full  el_before_av_hr  column-top-margin\" style='border-radius:0px; '><section class=\"av_textblock_section \"  itemscope=\"itemscope\" itemtype=\"https:\/\/schema.org\/BlogPosting\" itemprop=\"blogPost\" ><div class='avia_textblock  '   itemprop=\"text\" ><p style=\"text-align: justify;\">En una amplia bater\u00eda de actividades, el l\u00edder comunal, Julio Uribe Alvarado tras su paso por Santiago abord\u00f3 el desarrollo de las reuniones sostenidas en favor de mejoras sustantivas para la calidad de vida que poseen los habitantes en la comuna porte\u00f1a. En este sentido, una de las tratativas tuvo lugar en el Ministerio de Medio Ambiente, lugar en el cual, en reuni\u00f3n con el Subsecretario de la cartera, Maximiliano Proa\u00f1o Ugalde y el equipo t\u00e9cnico, el alcalde de Ays\u00e9n fue enf\u00e1tico en solicitar cambios al principal eje de acci\u00f3n de descontaminaci\u00f3n ambiental que se traduce en el Programa de Recambio de Calefactores. Esto debido a la falta de pertinencia territorial que posee esta iniciativa, las demoras que presentan los proveedores en la instalaci\u00f3n y la cantidad de cupos disponibles.<\/p>\n<p style=\"text-align: justify;\">Al respecto, la primera autoridad de la comuna de Ays\u00e9n, Julio Uribe Alvarado destac\u00f3 que en la oportunidad \u201crevisando el tema que nos afecta de nuestra contaminaci\u00f3n como zona saturada. Hemos tenido una muy buena acogida por parte del subsecretario, tambi\u00e9n ha sido importante gestar un trabajo colaborativo con ellos para abordar los diferentes problemas como comuna, en especial con el programa de Recambio de calefactores que ha estado demasiado lento. Nosotros en las \u00faltimas inscripciones desde el municipio fueron de 1600 siendo 300 los beneficiados y de los cuales s\u00f3lo han podido entregar m\u00e1s all\u00e1 de 100 calefactores\u201d<\/p>\n<p style=\"text-align: justify;\">Por lo que, a rengl\u00f3n seguido, explic\u00f3 que adem\u00e1s de manifestar el importante retraso que presenta la instalaci\u00f3n de los nuevos equipos de calefacci\u00f3n en los usuarios beneficiados, solicit\u00f3 integrar al Ministerio de Vivienda y Urbanismo a la estrategia de descontaminaci\u00f3n por las pol\u00edticas existentes de Mejoramiento T\u00e9rmico para las viviendas autoconstruidas que existen principalmente en la zona centro de Puerto Ays\u00e9n.<\/p>\n<p style=\"text-align: justify;\">Finalmente, el Subsecretario de Medio Ambiente, Maximiliano Proa\u00f1o Ugalde, relat\u00f3 la grata reuni\u00f3n sostenida con el alcalde Uribe, \u201c\u00e9l nos manifest\u00f3 su voluntad de colaborar y poner a disposici\u00f3n al municipio para principalmente el programa de Recambio de calefactores, para ayudarnos a destrabar algunos temas con los que nos hemos encontrado. Este programa necesita ser redise\u00f1ado y potenciado porque sabemos la importancia que tiene para los ayseninos y queremos para el futuro que sea una iniciativa fortalecida y el trabajo en conjunto del municipio y el ministerio ser\u00e1 clave en ello\u201d, sentenci\u00f3 el representante gubernamental.<\/p>\n<\/div><\/section><\/div><div  style='height:50px' class='hr hr-invisible   avia-builder-el-6  el_after_av_one_full  el_before_av_social_share '><span class='hr-inner ' ><span class='hr-inner-style'><\/span><\/span><\/div><\/p>\n<div  class='av-social-sharing-box  avia-builder-el-7  el_after_av_hr  el_before_av_hr  '><div class='av-share-box'><h5 class='av-share-link-description av-no-toc '>Compartir esta noticia<\/h5><ul class='av-share-box-list noLightbox'><li class='av-share-link av-social-link-facebook' ><a target=\"_blank\" aria-label=\"Compartir en Facebook\" href='https:\/\/www.facebook.com\/sharer.php?u=https:\/\/radiorevelacionfm.cl\/?p=18268&#038;t=Alcalde%20Uribe%20abog%C3%B3%20por%20un%20cambio%20al%20programa%20de%20recambio%20de%20calefactores%20en%20el%20Ministerio%20de%20Medio%20Ambiente' aria-hidden='false' data-av_icon='\ue8f3' data-av_iconfont='entypo-fontello' title='' data-avia-related-tooltip='Compartir en Facebook' rel=\"noopener\"><span class='avia_hidden_link_text'>Compartir en Facebook<\/span><\/a><\/li><li class='av-share-link av-social-link-twitter' ><a target=\"_blank\" aria-label=\"Compartir en Twitter\" href='https:\/\/twitter.com\/share?text=Alcalde%20Uribe%20abog%C3%B3%20por%20un%20cambio%20al%20programa%20de%20recambio%20de%20calefactores%20en%20el%20Ministerio%20de%20Medio%20Ambiente&#038;url=https:\/\/radiorevelacionfm.cl\/?p=18268' aria-hidden='false' data-av_icon='\ue8f1' data-av_iconfont='entypo-fontello' title='' data-avia-related-tooltip='Compartir en Twitter' rel=\"noopener\"><span class='avia_hidden_link_text'>Compartir en Twitter<\/span><\/a><\/li><li class='av-share-link av-social-link-whatsapp' ><a target=\"_blank\" aria-label=\"Compartir en Whatsapp\" href='https:\/\/api.whatsapp.com\/send?text=https:\/\/radiorevelacionfm.cl\/?p=18268' aria-hidden='false' data-av_icon='\uf232' data-av_iconfont='entypo-fontello' title='' data-avia-related-tooltip='Compartir en Whatsapp' rel=\"noopener\"><span class='avia_hidden_link_text'>Compartir en Whatsapp<\/span><\/a><\/li><li class='av-share-link av-social-link-linkedin' ><a target=\"_blank\" aria-label=\"Compartir en LinkedIn\" href='https:\/\/linkedin.com\/shareArticle?mini=true&#038;title=Alcalde%20Uribe%20abog%C3%B3%20por%20un%20cambio%20al%20programa%20de%20recambio%20de%20calefactores%20en%20el%20Ministerio%20de%20Medio%20Ambiente&#038;url=https:\/\/radiorevelacionfm.cl\/?p=18268' aria-hidden='false' data-av_icon='\ue8fc' data-av_iconfont='entypo-fontello' title='' data-avia-related-tooltip='Compartir en LinkedIn' rel=\"noopener\"><span class='avia_hidden_link_text'>Compartir en LinkedIn<\/span><\/a><\/li><li class='av-share-link av-social-link-mail' ><a  aria-label=\"Compartir por correo\" href='mailto:?subject=Alcalde%20Uribe%20abog%C3%B3%20por%20un%20cambio%20al%20programa%20de%20recambio%20de%20calefactores%20en%20el%20Ministerio%20de%20Medio%20Ambiente&#038;body=https:\/\/radiorevelacionfm.cl\/?p=18268' aria-hidden='false' data-av_icon='\ue805' data-av_iconfont='entypo-fontello' title='' data-avia-related-tooltip='Compartir por correo'><span class='avia_hidden_link_text'>Compartir por correo<\/span><\/a><\/li><\/ul><\/div><\/div>\n<div  style='height:50px' class='hr hr-invisible   avia-builder-el-8  el_after_av_social_share  el_before_av_comments_list '><span class='hr-inner ' ><span class='hr-inner-style'><\/span><\/span><\/div>\n<div  class='av-buildercomment  av-blog-meta-html-info-disabled av-blog-meta-tag-disabled  '><\/div>\n","protected":false},"excerpt":{"rendered":"","protected":false},"author":1,"featured_media":18269,"comment_status":"open","ping_status":"open","sticky":false,"template":"","format":"standard","meta":{"footnotes":""},"categories":[38],"tags":[],"class_list":["post-18268","post","type-post","status-publish","format-standard","has-post-thumbnail","hentry","category-regional"],"jetpack_featured_media_url":"https:\/\/radiorevelacionfm.cl\/wp-content\/uploads\/2022\/06\/Img-MMA-Muniaysen1-1-1-1.jpg","_links":{"self":[{"href":"https:\/\/radiorevelacionfm.cl\/index.php?rest_route=\/wp\/v2\/posts\/18268","targetHints":{"allow":["GET"]}}],"collection":[{"href":"https:\/\/radiorevelacionfm.cl\/index.php?rest_route=\/wp\/v2\/posts"}],"about":[{"href":"https:\/\/radiorevelacionfm.cl\/index.php?rest_route=\/wp\/v2\/types\/post"}],"author":[{"embeddable":true,"href":"https:\/\/radiorevelacionfm.cl\/index.php?rest_route=\/wp\/v2\/users\/1"}],"replies":[{"embeddable":true,"href":"https:\/\/radiorevelacionfm.cl\/index.php?rest_route=%2Fwp%2Fv2%2Fcomments&post=18268"}],"version-history":[{"count":2,"href":"https:\/\/radiorevelacionfm.cl\/index.php?rest_route=\/wp\/v2\/posts\/18268\/revisions"}],"predecessor-version":[{"id":18271,"href":"https:\/\/radiorevelacionfm.cl\/index.php?rest_route=\/wp\/v2\/posts\/18268\/revisions\/18271"}],"wp:featuredmedia":[{"embeddable":true,"href":"https:\/\/radiorevelacionfm.cl\/index.php?rest_route=\/wp\/v2\/media\/18269"}],"wp:attachment":[{"href":"https:\/\/radiorevelacionfm.cl\/index.php?rest_route=%2Fwp%2Fv2%2Fmedia&parent=18268"}],"wp:term":[{"taxonomy":"category","embeddable":true,"href":"https:\/\/radiorevelacionfm.cl\/index.php?rest_route=%2Fwp%2Fv2%2Fcategories&post=18268"},{"taxonomy":"post_tag","embeddable":true,"href":"https:\/\/radiorevelacionfm.cl\/index.php?rest_route=%2Fwp%2Fv2%2Ftags&post=18268"}],"curies":[{"name":"wp","href":"https:\/\/api.w.org\/{rel}","templated":true}]}}