{"id":18258,"date":"2022-06-22T11:34:28","date_gmt":"2022-06-22T14:34:28","guid":{"rendered":"https:\/\/radiorevelacionfm.cl\/?p=18258"},"modified":"2022-06-22T11:34:28","modified_gmt":"2022-06-22T14:34:28","slug":"cchc-expuso-sobre-reactivacion-economica-y-entrego-propuestas-al-consejo-regional-de-aysen","status":"publish","type":"post","link":"https:\/\/radiorevelacionfm.cl\/?p=18258","title":{"rendered":"CChC expuso sobre reactivaci\u00f3n econ\u00f3mica y entreg\u00f3 propuestas al Consejo Regional de Ays\u00e9n"},"content":{"rendered":"<div class=\"flex_column av_one_full  flex_column_div av-zero-column-padding first  avia-builder-el-0  el_before_av_one_full  avia-builder-el-first  \" style='border-radius:0px; '><div  class='avia-image-container  av-styling-    avia-builder-el-1  avia-builder-el-no-sibling  avia-align-center '  itemprop=\"image\" itemscope=\"itemscope\" itemtype=\"https:\/\/schema.org\/ImageObject\"  ><div class='avia-image-container-inner'><div class='avia-image-overlay-wrap'><img decoding=\"async\" class='wp-image-18259 avia-img-lazy-loading-not-18259 avia_image' src=\"https:\/\/radiorevelacionfm.cl\/wp-content\/uploads\/2022\/06\/CChC-en-Gobierno-Regional-2v2-1.jpg\" alt='' title='CChC en Gobierno Regional 2v2 (1)' height=\"601\" width=\"1152\"  itemprop=\"thumbnailUrl\" srcset=\"https:\/\/radiorevelacionfm.cl\/wp-content\/uploads\/2022\/06\/CChC-en-Gobierno-Regional-2v2-1.jpg 1152w, https:\/\/radiorevelacionfm.cl\/wp-content\/uploads\/2022\/06\/CChC-en-Gobierno-Regional-2v2-1-300x157.jpg 300w, https:\/\/radiorevelacionfm.cl\/wp-content\/uploads\/2022\/06\/CChC-en-Gobierno-Regional-2v2-1-1030x537.jpg 1030w, https:\/\/radiorevelacionfm.cl\/wp-content\/uploads\/2022\/06\/CChC-en-Gobierno-Regional-2v2-1-768x401.jpg 768w, https:\/\/radiorevelacionfm.cl\/wp-content\/uploads\/2022\/06\/CChC-en-Gobierno-Regional-2v2-1-705x368.jpg 705w, https:\/\/radiorevelacionfm.cl\/wp-content\/uploads\/2022\/06\/CChC-en-Gobierno-Regional-2v2-1-600x313.jpg 600w\" sizes=\"(max-width: 1152px) 100vw, 1152px\" \/><\/div><\/div><\/div><\/div><div class=\"flex_column av_one_full  flex_column_div av-zero-column-padding first  avia-builder-el-2  el_after_av_one_full  el_before_av_one_full  column-top-margin\" style='border-radius:0px; '><section class=\"av_textblock_section \"  itemscope=\"itemscope\" itemtype=\"https:\/\/schema.org\/BlogPosting\" itemprop=\"blogPost\" ><div class='avia_textblock  '   itemprop=\"text\" ><p style=\"text-align: center;\"><span style=\"font-size: 18pt;\"><b>CChC expuso sobre reactivaci\u00f3n econ\u00f3mica y entreg\u00f3 propuestas al Consejo Regional de Ays\u00e9n<\/b><\/span><\/p>\n<div id=\"gtx-trans\" style=\"position: absolute; left: -50px; top: 4.31534px;\">\n<div class=\"gtx-trans-icon\"><\/div>\n<\/div>\n<\/div><\/section><\/div><div class=\"flex_column av_one_full  flex_column_div av-zero-column-padding first  avia-builder-el-4  el_after_av_one_full  el_before_av_hr  column-top-margin\" style='border-radius:0px; '><section class=\"av_textblock_section \"  itemscope=\"itemscope\" itemtype=\"https:\/\/schema.org\/BlogPosting\" itemprop=\"blogPost\" ><div class='avia_textblock  '   itemprop=\"text\" ><p style=\"font-weight: 400; text-align: justify;\">Desde el gremio de la construcci\u00f3n tambi\u00e9n han planteado sus propuestas y el contexto regional al Delegado Presidencial Regional, el SEREMI de Obras P\u00fablicas e incluso al senador, David Sandoval, anteriormente.<\/p>\n<p style=\"font-weight: 400; text-align: justify;\">Tras recibir la invitaci\u00f3n de la Comisi\u00f3n de Infraestructura, Transportes y Telecomunicaciones del Consejo Regional de Ays\u00e9n, la C\u00e1mara Chilena de la Construcci\u00f3n sede Coyhaique, expuso al cuerpo colegiado, sobre la reactivaci\u00f3n econ\u00f3mica de la industria. Abordando tambi\u00e9n los factores que han afectado al rubro, como el alza sostenida de los materiales de construcci\u00f3n, ejecuci\u00f3n y t\u00e9rminos anticipados de proyectos en la regi\u00f3n, adem\u00e1s de entregar una serie de propuestas orientadas a esta reactivaci\u00f3n.<\/p>\n<p style=\"font-weight: 400; text-align: justify;\">Sobre la participaci\u00f3n en la sesi\u00f3n del Consejo Regional, el presidente de la C\u00e1mara Chilena de la Construcci\u00f3n, Manuel Suazo, coment\u00f3 que \u201cfuimos invitados por la comisi\u00f3n de infraestructura, transportes y telecomunicaciones a exponer como gremio acerca de lo que nos est\u00e1 afectando en este momento, en el desarrollo de obras y adjudicaci\u00f3n de nuevas obras, que es el alza sostenida que hemos tenido en los materiales de construcci\u00f3n, as\u00ed como tambi\u00e9n de la escasez y alto costo en la mano de obra. Estos son datos que los hemos venido presentando hace varios meses, pero el impacto real lo estamos viviendo ahora\u201d.<\/p>\n<p style=\"font-weight: 400; text-align: justify;\">\u201cDicho impacto ha sido que tenemos obras que se han visto muy complicadas en su ejecuci\u00f3n, incluso algunas no han llegado a t\u00e9rmino y otras est\u00e1n paralizadas. Por ello, hemos puesto especial \u00e9nfasis en que, si los presupuestos no son actualizados por las unidades mandantes como MOP, SERVIU o las Municipalidades, va a suceder que aquellas obras que tantos avances traen para nuestra regi\u00f3n, no se podr\u00e1n ejecutar porque los presupuestos van a quedar muy cortos\u201d, agreg\u00f3.<\/p>\n<p style=\"font-weight: 400; text-align: justify;\">En esa l\u00ednea, enfatiz\u00f3 Suazo que \u201cel llamado hecho a las autoridades y as\u00ed lo han entendido tambi\u00e9n, es que debemos buscar la forma de c\u00f3mo destrabar esto, dado que la inversi\u00f3n est\u00e1. Cabe destacar, que este a\u00f1o tenemos una inversi\u00f3n hist\u00f3rica en la regi\u00f3n, el MOP tiene alrededor de $110 mil millones y el Gobierno Regional $65 mil millones, pero sino se logran actualizar los presupuestos, las obras no se van a poder ejecutar, por lo tanto, toda esa inversi\u00f3n que tenemos aprobada no se podr\u00e1 realizar, es decir, ning\u00fan jard\u00edn, ning\u00fan hospital o ning\u00fan camino. Teniendo como efecto, que no tendremos reactivaci\u00f3n econ\u00f3mica, generaci\u00f3n de m\u00e1s puestos de trabajo y activaci\u00f3n de econom\u00edas locales, porque sabemos que donde va una empresa constructora a desarrollar una obra, se dinamizan las econom\u00edas locales y todo ese c\u00edrculo virtuoso se ver\u00eda afectado\u201d.<\/p>\n<p style=\"font-weight: 400; text-align: justify;\">Respecto de las propuestas entregadas al cuerpo colegiado del Gobierno Regional, el dirigente gremial, detall\u00f3 que \u201cplanteamos que se logren suplementar los presupuestos que ya est\u00e1n ejecuci\u00f3n, le hemos dado a conocer a los consejeros regionales que esto ha sido reconocido por el MINVU y los proyectos habitacionales, ya tuvieron un incremento y se est\u00e1 estudiando un segundo incremento, entonces, se pueden hacer tambi\u00e9n en obras MOP y Municipales con financiamientos FNDR. Es decir, poder suplementar las obras que est\u00e1n en ejecuci\u00f3n y las obras que ser\u00e1n pr\u00f3ximamente licitadas, puedan tener sus presupuestos actualizados\u201d.<\/p>\n<\/div><\/section><\/div><div  style='height:50px' class='hr hr-invisible   avia-builder-el-6  el_after_av_one_full  el_before_av_social_share '><span class='hr-inner ' ><span class='hr-inner-style'><\/span><\/span><\/div><\/p>\n<div  class='av-social-sharing-box  avia-builder-el-7  el_after_av_hr  el_before_av_hr  '><div class='av-share-box'><h5 class='av-share-link-description av-no-toc '>Compartir esta noticia<\/h5><ul class='av-share-box-list noLightbox'><li class='av-share-link av-social-link-facebook' ><a target=\"_blank\" aria-label=\"Compartir en Facebook\" href='https:\/\/www.facebook.com\/sharer.php?u=https:\/\/radiorevelacionfm.cl\/?p=18258&#038;t=CChC%20expuso%20sobre%20reactivaci%C3%B3n%20econ%C3%B3mica%20y%20entreg%C3%B3%20propuestas%20al%20Consejo%20Regional%20de%20Ays%C3%A9n' aria-hidden='false' data-av_icon='\ue8f3' data-av_iconfont='entypo-fontello' title='' data-avia-related-tooltip='Compartir en Facebook' rel=\"noopener\"><span class='avia_hidden_link_text'>Compartir en Facebook<\/span><\/a><\/li><li class='av-share-link av-social-link-twitter' ><a target=\"_blank\" aria-label=\"Compartir en Twitter\" href='https:\/\/twitter.com\/share?text=CChC%20expuso%20sobre%20reactivaci%C3%B3n%20econ%C3%B3mica%20y%20entreg%C3%B3%20propuestas%20al%20Consejo%20Regional%20de%20Ays%C3%A9n&#038;url=https:\/\/radiorevelacionfm.cl\/?p=18258' aria-hidden='false' data-av_icon='\ue8f1' data-av_iconfont='entypo-fontello' title='' data-avia-related-tooltip='Compartir en Twitter' rel=\"noopener\"><span class='avia_hidden_link_text'>Compartir en Twitter<\/span><\/a><\/li><li class='av-share-link av-social-link-whatsapp' ><a target=\"_blank\" aria-label=\"Compartir en Whatsapp\" href='https:\/\/api.whatsapp.com\/send?text=https:\/\/radiorevelacionfm.cl\/?p=18258' aria-hidden='false' data-av_icon='\uf232' data-av_iconfont='entypo-fontello' title='' data-avia-related-tooltip='Compartir en Whatsapp' rel=\"noopener\"><span class='avia_hidden_link_text'>Compartir en Whatsapp<\/span><\/a><\/li><li class='av-share-link av-social-link-linkedin' ><a target=\"_blank\" aria-label=\"Compartir en LinkedIn\" href='https:\/\/linkedin.com\/shareArticle?mini=true&#038;title=CChC%20expuso%20sobre%20reactivaci%C3%B3n%20econ%C3%B3mica%20y%20entreg%C3%B3%20propuestas%20al%20Consejo%20Regional%20de%20Ays%C3%A9n&#038;url=https:\/\/radiorevelacionfm.cl\/?p=18258' aria-hidden='false' data-av_icon='\ue8fc' data-av_iconfont='entypo-fontello' title='' data-avia-related-tooltip='Compartir en LinkedIn' rel=\"noopener\"><span class='avia_hidden_link_text'>Compartir en LinkedIn<\/span><\/a><\/li><li class='av-share-link av-social-link-mail' ><a  aria-label=\"Compartir por correo\" href='mailto:?subject=CChC%20expuso%20sobre%20reactivaci%C3%B3n%20econ%C3%B3mica%20y%20entreg%C3%B3%20propuestas%20al%20Consejo%20Regional%20de%20Ays%C3%A9n&#038;body=https:\/\/radiorevelacionfm.cl\/?p=18258' aria-hidden='false' data-av_icon='\ue805' data-av_iconfont='entypo-fontello' title='' data-avia-related-tooltip='Compartir por correo'><span class='avia_hidden_link_text'>Compartir por correo<\/span><\/a><\/li><\/ul><\/div><\/div>\n<div  style='height:50px' class='hr hr-invisible   avia-builder-el-8  el_after_av_social_share  el_before_av_comments_list '><span class='hr-inner ' ><span class='hr-inner-style'><\/span><\/span><\/div>\n<div  class='av-buildercomment  av-blog-meta-html-info-disabled av-blog-meta-tag-disabled  '><\/div>\n","protected":false},"excerpt":{"rendered":"","protected":false},"author":1,"featured_media":18259,"comment_status":"open","ping_status":"open","sticky":false,"template":"","format":"standard","meta":{"footnotes":""},"categories":[38],"tags":[],"class_list":["post-18258","post","type-post","status-publish","format-standard","has-post-thumbnail","hentry","category-regional"],"jetpack_featured_media_url":"https:\/\/radiorevelacionfm.cl\/wp-content\/uploads\/2022\/06\/CChC-en-Gobierno-Regional-2v2-1.jpg","_links":{"self":[{"href":"https:\/\/radiorevelacionfm.cl\/index.php?rest_route=\/wp\/v2\/posts\/18258","targetHints":{"allow":["GET"]}}],"collection":[{"href":"https:\/\/radiorevelacionfm.cl\/index.php?rest_route=\/wp\/v2\/posts"}],"about":[{"href":"https:\/\/radiorevelacionfm.cl\/index.php?rest_route=\/wp\/v2\/types\/post"}],"author":[{"embeddable":true,"href":"https:\/\/radiorevelacionfm.cl\/index.php?rest_route=\/wp\/v2\/users\/1"}],"replies":[{"embeddable":true,"href":"https:\/\/radiorevelacionfm.cl\/index.php?rest_route=%2Fwp%2Fv2%2Fcomments&post=18258"}],"version-history":[{"count":2,"href":"https:\/\/radiorevelacionfm.cl\/index.php?rest_route=\/wp\/v2\/posts\/18258\/revisions"}],"predecessor-version":[{"id":18267,"href":"https:\/\/radiorevelacionfm.cl\/index.php?rest_route=\/wp\/v2\/posts\/18258\/revisions\/18267"}],"wp:featuredmedia":[{"embeddable":true,"href":"https:\/\/radiorevelacionfm.cl\/index.php?rest_route=\/wp\/v2\/media\/18259"}],"wp:attachment":[{"href":"https:\/\/radiorevelacionfm.cl\/index.php?rest_route=%2Fwp%2Fv2%2Fmedia&parent=18258"}],"wp:term":[{"taxonomy":"category","embeddable":true,"href":"https:\/\/radiorevelacionfm.cl\/index.php?rest_route=%2Fwp%2Fv2%2Fcategories&post=18258"},{"taxonomy":"post_tag","embeddable":true,"href":"https:\/\/radiorevelacionfm.cl\/index.php?rest_route=%2Fwp%2Fv2%2Ftags&post=18258"}],"curies":[{"name":"wp","href":"https:\/\/api.w.org\/{rel}","templated":true}]}}