{"id":18250,"date":"2022-06-21T17:17:49","date_gmt":"2022-06-21T20:17:49","guid":{"rendered":"https:\/\/radiorevelacionfm.cl\/?p=18250"},"modified":"2022-06-21T17:39:45","modified_gmt":"2022-06-21T20:39:45","slug":"alcalde-planteo-a-ministra-necesidad-de-que-subcomisaria-de-cisnes-se-trasforme-en-comisaria","status":"publish","type":"post","link":"https:\/\/radiorevelacionfm.cl\/?p=18250","title":{"rendered":"Alcalde plante\u00f3 a Ministra Siches necesidad de que Subcomisaria de Cisnes se trasforme en Comisaria"},"content":{"rendered":"<div class=\"flex_column av_one_full  flex_column_div av-zero-column-padding first  avia-builder-el-0  el_before_av_one_full  avia-builder-el-first  \" style='border-radius:0px; '><div  class='avia-image-container  av-styling-    avia-builder-el-1  avia-builder-el-no-sibling  avia-align-center '  itemprop=\"image\" itemscope=\"itemscope\" itemtype=\"https:\/\/schema.org\/ImageObject\"  ><div class='avia-image-container-inner'><div class='avia-image-overlay-wrap'><img decoding=\"async\" class='wp-image-18251 avia-img-lazy-loading-not-18251 avia_image' src=\"https:\/\/radiorevelacionfm.cl\/wp-content\/uploads\/2022\/06\/ALCALDE-ministra1-1-1.jpg\" alt='' title='ALCALDE ministra1 (1) (1)' height=\"600\" width=\"823\"  itemprop=\"thumbnailUrl\" srcset=\"https:\/\/radiorevelacionfm.cl\/wp-content\/uploads\/2022\/06\/ALCALDE-ministra1-1-1.jpg 823w, https:\/\/radiorevelacionfm.cl\/wp-content\/uploads\/2022\/06\/ALCALDE-ministra1-1-1-300x219.jpg 300w, https:\/\/radiorevelacionfm.cl\/wp-content\/uploads\/2022\/06\/ALCALDE-ministra1-1-1-768x560.jpg 768w, https:\/\/radiorevelacionfm.cl\/wp-content\/uploads\/2022\/06\/ALCALDE-ministra1-1-1-705x514.jpg 705w, https:\/\/radiorevelacionfm.cl\/wp-content\/uploads\/2022\/06\/ALCALDE-ministra1-1-1-600x437.jpg 600w\" sizes=\"(max-width: 823px) 100vw, 823px\" \/><\/div><\/div><\/div><\/div>\n<div class=\"flex_column av_one_full  flex_column_div av-zero-column-padding first  avia-builder-el-2  el_after_av_one_full  el_before_av_one_full  column-top-margin\" style='border-radius:0px; '><section class=\"av_textblock_section \"  itemscope=\"itemscope\" itemtype=\"https:\/\/schema.org\/BlogPosting\" itemprop=\"blogPost\" ><div class='avia_textblock  '   itemprop=\"text\" ><p style=\"text-align: center;\"><strong><span style=\"font-size: 18pt;\">Alcalde plante\u00f3 a Ministra Siches necesidad de que Subcomisaria de Cisnes se trasforme en Comisaria<\/span><\/strong><\/p>\n<div id=\"gtx-trans\" style=\"position: absolute; left: -50px; top: 4.31534px;\">\n<div class=\"gtx-trans-icon\"><\/div>\n<\/div>\n<\/div><\/section><\/div>\n<div class=\"flex_column av_one_full  flex_column_div av-zero-column-padding first  avia-builder-el-4  el_after_av_one_full  el_before_av_hr  column-top-margin\" style='border-radius:0px; '><section class=\"av_textblock_section \"  itemscope=\"itemscope\" itemtype=\"https:\/\/schema.org\/BlogPosting\" itemprop=\"blogPost\" ><div class='avia_textblock  '   itemprop=\"text\" ><p style=\"text-align: justify;\">Varias fueron las materias que el Alcalde Francisco Roncagliolo Lepio, puso sobre la mesa en la conversaci\u00f3n con la Ministra del Interior, Izkia Siches, dialogo en el que estuvieron presentes todos los Alcaldes de la regi\u00f3n representando a sus respectivas municipalidades, agrupadas en Aremu, como as\u00ed tambi\u00e9n participaron en las reuniones, la Gobernadora Regional, Andrea Mac\u00edas y todo el Consejo Regional de Ays\u00e9n.<\/p>\n<p style=\"text-align: justify;\">En primera instancia, el jefe comunal destac\u00f3 la posibilidad de plantear a la autoridad del nivel central diversos temas que tienen que ver con el crecimiento de la regi\u00f3n, desarrollo productivo, conectividad, seguridad p\u00fablica, entre otros. Todos estos son puntos que pueden, de una u otra manera, tener un mayor impulso bajo iniciativas como el PEDZE, que agilizan recursos, de forma m\u00e1s expedita y beneficiando a cada comuna del territorio.<\/p>\n<p style=\"text-align: justify;\">\u201cHay cosas que son relevantes, por ejemplo, el hecho de que la Ministra haya anunciado de que en vez de que el a\u00f1o pr\u00f3ximo va a ser la discusi\u00f3n del PEDZE y se haga este a\u00f1o, para nosotros es tremendamente importante. O sea, ya nos ponemos la ropa de trabajo para empezar ojal\u00e1 la quincena de agosto a levantar las iniciativas y a convocarnos tambi\u00e9n como Alcaldes, para poder comenzar a armar este tema y que nazcan iniciativas desde las comunas\u201d, manifest\u00f3 el Alcalde de Cisnes.<\/p>\n<p style=\"text-align: justify;\">Existen iniciativas que son muy necesarias, por ejemplo, en materias de seguridad publica el Alcalde Francisco Roncagliolo, se\u00f1al\u00f3 que pudo indicarle a la Ministra Siches, lo importante que ser\u00eda transformar la Subcomisaria de Carabineros de Cisnes en Comisaria, debido al amplio territorio que debe cubrir este recinto policial.<\/p>\n<p style=\"text-align: justify;\">\u201cLo que hemos pedido es que se considere que la Subcomisaria de Carabineros que nosotros tenemos en Puerto Cisnes, que atiende Lago Verde, la comuna de Cisnes y la comuna de Guaitecas, se eleve a Comisaria. Porque somos precisamente en esta zona, la puerta de entrada norte a la regi\u00f3n de Ays\u00e9n, terrestre y mar\u00edtima, comercial y tur\u00edstica. Por lo tanto, necesitamos que los medios y los recursos se establezcan de forma definitiva en esa zona y no dependamos de la Segunda Comisaria de Ays\u00e9n, que distrae un trabajo importante que se tiene que hacer precisamente en Ays\u00e9n. As\u00ed es que, en eso tambi\u00e9n la Ministra tom\u00f3 conocimiento y dijo que lo iba a ver con el General\u201d.<\/p>\n<p style=\"text-align: justify;\">El Alcalde de la comuna de Cisnes, Francisco Roncagliolo Lepio, dijo tambi\u00e9n que se pudo plantear a la Ministra Siches, la necesidad de instalar un recinto de la Armada de Chile en Puerto Ra\u00fal Mar\u00edn Balmaceda, con el objetivo de efectuar mayor control a las lanchas de otras regiones que vienen a extraer recursos al litoral de Ays\u00e9n.<\/p>\n<\/div><\/section><\/div><div  style='height:50px' class='hr hr-invisible   avia-builder-el-6  el_after_av_one_full  el_before_av_social_share '><span class='hr-inner ' ><span class='hr-inner-style'><\/span><\/span><\/div><\/p>\n<div  class='av-social-sharing-box  avia-builder-el-7  el_after_av_hr  el_before_av_hr  '><div class='av-share-box'><h5 class='av-share-link-description av-no-toc '>Compartir esta noticia<\/h5><ul class='av-share-box-list noLightbox'><li class='av-share-link av-social-link-facebook' ><a target=\"_blank\" aria-label=\"Compartir en Facebook\" href='https:\/\/www.facebook.com\/sharer.php?u=https:\/\/radiorevelacionfm.cl\/?p=18250&#038;t=Alcalde%20plante%C3%B3%20a%20Ministra%20Siches%20necesidad%20de%20que%20Subcomisaria%20de%20Cisnes%20se%20trasforme%20en%20Comisaria' aria-hidden='false' data-av_icon='\ue8f3' data-av_iconfont='entypo-fontello' title='' data-avia-related-tooltip='Compartir en Facebook' rel=\"noopener\"><span class='avia_hidden_link_text'>Compartir en Facebook<\/span><\/a><\/li><li class='av-share-link av-social-link-twitter' ><a target=\"_blank\" aria-label=\"Compartir en Twitter\" href='https:\/\/twitter.com\/share?text=Alcalde%20plante%C3%B3%20a%20Ministra%20Siches%20necesidad%20de%20que%20Subcomisaria%20de%20Cisnes%20se%20trasforme%20en%20Comisaria&#038;url=https:\/\/radiorevelacionfm.cl\/?p=18250' aria-hidden='false' data-av_icon='\ue8f1' data-av_iconfont='entypo-fontello' title='' data-avia-related-tooltip='Compartir en Twitter' rel=\"noopener\"><span class='avia_hidden_link_text'>Compartir en Twitter<\/span><\/a><\/li><li class='av-share-link av-social-link-whatsapp' ><a target=\"_blank\" aria-label=\"Compartir en Whatsapp\" href='https:\/\/api.whatsapp.com\/send?text=https:\/\/radiorevelacionfm.cl\/?p=18250' aria-hidden='false' data-av_icon='\uf232' data-av_iconfont='entypo-fontello' title='' data-avia-related-tooltip='Compartir en Whatsapp' rel=\"noopener\"><span class='avia_hidden_link_text'>Compartir en Whatsapp<\/span><\/a><\/li><li class='av-share-link av-social-link-linkedin' ><a target=\"_blank\" aria-label=\"Compartir en LinkedIn\" href='https:\/\/linkedin.com\/shareArticle?mini=true&#038;title=Alcalde%20plante%C3%B3%20a%20Ministra%20Siches%20necesidad%20de%20que%20Subcomisaria%20de%20Cisnes%20se%20trasforme%20en%20Comisaria&#038;url=https:\/\/radiorevelacionfm.cl\/?p=18250' aria-hidden='false' data-av_icon='\ue8fc' data-av_iconfont='entypo-fontello' title='' data-avia-related-tooltip='Compartir en LinkedIn' rel=\"noopener\"><span class='avia_hidden_link_text'>Compartir en LinkedIn<\/span><\/a><\/li><li class='av-share-link av-social-link-mail' ><a  aria-label=\"Compartir por correo\" href='mailto:?subject=Alcalde%20plante%C3%B3%20a%20Ministra%20Siches%20necesidad%20de%20que%20Subcomisaria%20de%20Cisnes%20se%20trasforme%20en%20Comisaria&#038;body=https:\/\/radiorevelacionfm.cl\/?p=18250' aria-hidden='false' data-av_icon='\ue805' data-av_iconfont='entypo-fontello' title='' data-avia-related-tooltip='Compartir por correo'><span class='avia_hidden_link_text'>Compartir por correo<\/span><\/a><\/li><\/ul><\/div><\/div>\n<div  style='height:50px' class='hr hr-invisible   avia-builder-el-8  el_after_av_social_share  el_before_av_comments_list '><span class='hr-inner ' ><span class='hr-inner-style'><\/span><\/span><\/div>\n<div  class='av-buildercomment  av-blog-meta-html-info-disabled av-blog-meta-tag-disabled  '><\/div>\n","protected":false},"excerpt":{"rendered":"","protected":false},"author":1,"featured_media":18251,"comment_status":"open","ping_status":"open","sticky":false,"template":"","format":"standard","meta":{"footnotes":""},"categories":[38],"tags":[],"class_list":["post-18250","post","type-post","status-publish","format-standard","has-post-thumbnail","hentry","category-regional"],"jetpack_featured_media_url":"https:\/\/radiorevelacionfm.cl\/wp-content\/uploads\/2022\/06\/ALCALDE-ministra1-1-1.jpg","_links":{"self":[{"href":"https:\/\/radiorevelacionfm.cl\/index.php?rest_route=\/wp\/v2\/posts\/18250","targetHints":{"allow":["GET"]}}],"collection":[{"href":"https:\/\/radiorevelacionfm.cl\/index.php?rest_route=\/wp\/v2\/posts"}],"about":[{"href":"https:\/\/radiorevelacionfm.cl\/index.php?rest_route=\/wp\/v2\/types\/post"}],"author":[{"embeddable":true,"href":"https:\/\/radiorevelacionfm.cl\/index.php?rest_route=\/wp\/v2\/users\/1"}],"replies":[{"embeddable":true,"href":"https:\/\/radiorevelacionfm.cl\/index.php?rest_route=%2Fwp%2Fv2%2Fcomments&post=18250"}],"version-history":[{"count":4,"href":"https:\/\/radiorevelacionfm.cl\/index.php?rest_route=\/wp\/v2\/posts\/18250\/revisions"}],"predecessor-version":[{"id":18255,"href":"https:\/\/radiorevelacionfm.cl\/index.php?rest_route=\/wp\/v2\/posts\/18250\/revisions\/18255"}],"wp:featuredmedia":[{"embeddable":true,"href":"https:\/\/radiorevelacionfm.cl\/index.php?rest_route=\/wp\/v2\/media\/18251"}],"wp:attachment":[{"href":"https:\/\/radiorevelacionfm.cl\/index.php?rest_route=%2Fwp%2Fv2%2Fmedia&parent=18250"}],"wp:term":[{"taxonomy":"category","embeddable":true,"href":"https:\/\/radiorevelacionfm.cl\/index.php?rest_route=%2Fwp%2Fv2%2Fcategories&post=18250"},{"taxonomy":"post_tag","embeddable":true,"href":"https:\/\/radiorevelacionfm.cl\/index.php?rest_route=%2Fwp%2Fv2%2Ftags&post=18250"}],"curies":[{"name":"wp","href":"https:\/\/api.w.org\/{rel}","templated":true}]}}