{"id":18246,"date":"2022-06-21T17:07:21","date_gmt":"2022-06-21T20:07:21","guid":{"rendered":"https:\/\/radiorevelacionfm.cl\/?p=18246"},"modified":"2022-06-21T17:07:21","modified_gmt":"2022-06-21T20:07:21","slug":"nueva-directiva-regional-de-ps-realizo-conversatorio-por-la-nueva-constitucion","status":"publish","type":"post","link":"https:\/\/radiorevelacionfm.cl\/?p=18246","title":{"rendered":"Nueva Directiva Regional de PS realiz\u00f3 conversatorio por la Nueva Constituci\u00f3n"},"content":{"rendered":"<div class=\"flex_column av_one_full  flex_column_div av-zero-column-padding first  avia-builder-el-0  el_before_av_one_full  avia-builder-el-first  \" style='border-radius:0px; '><div  class='avia-image-container  av-styling-    avia-builder-el-1  avia-builder-el-no-sibling  avia-align-center '  itemprop=\"image\" itemscope=\"itemscope\" itemtype=\"https:\/\/schema.org\/ImageObject\"  ><div class='avia-image-container-inner'><div class='avia-image-overlay-wrap'><img decoding=\"async\" class='wp-image-18247 avia-img-lazy-loading-not-18247 avia_image' src=\"https:\/\/radiorevelacionfm.cl\/wp-content\/uploads\/2022\/06\/actividad-ps-1-1_optimized.jpeg\" alt='' title='actividad-ps-1-(1)_optimized' height=\"600\" width=\"900\"  itemprop=\"thumbnailUrl\" srcset=\"https:\/\/radiorevelacionfm.cl\/wp-content\/uploads\/2022\/06\/actividad-ps-1-1_optimized.jpeg 900w, https:\/\/radiorevelacionfm.cl\/wp-content\/uploads\/2022\/06\/actividad-ps-1-1_optimized-300x200.jpeg 300w, https:\/\/radiorevelacionfm.cl\/wp-content\/uploads\/2022\/06\/actividad-ps-1-1_optimized-768x512.jpeg 768w, https:\/\/radiorevelacionfm.cl\/wp-content\/uploads\/2022\/06\/actividad-ps-1-1_optimized-705x470.jpeg 705w, https:\/\/radiorevelacionfm.cl\/wp-content\/uploads\/2022\/06\/actividad-ps-1-1_optimized-600x400.jpeg 600w\" sizes=\"(max-width: 900px) 100vw, 900px\" \/><\/div><\/div><\/div><\/div>\n<div class=\"flex_column av_one_full  flex_column_div av-zero-column-padding first  avia-builder-el-2  el_after_av_one_full  el_before_av_one_full  column-top-margin\" style='border-radius:0px; '><section class=\"av_textblock_section \"  itemscope=\"itemscope\" itemtype=\"https:\/\/schema.org\/BlogPosting\" itemprop=\"blogPost\" ><div class='avia_textblock  '   itemprop=\"text\" ><p style=\"text-align: center;\"><strong><span style=\"font-size: 18pt;\">Nueva Directiva Regional de PS realiz\u00f3 conversatorio por la Nueva Constituci\u00f3n<\/span><\/strong><\/p>\n<div id=\"gtx-trans\" style=\"position: absolute; left: -50px; top: 4.31534px;\">\n<div class=\"gtx-trans-icon\"><\/div>\n<\/div>\n<\/div><\/section><\/div>\n<div class=\"flex_column av_one_full  flex_column_div av-zero-column-padding first  avia-builder-el-4  el_after_av_one_full  el_before_av_hr  column-top-margin\" style='border-radius:0px; '><section class=\"av_textblock_section \"  itemscope=\"itemscope\" itemtype=\"https:\/\/schema.org\/BlogPosting\" itemprop=\"blogPost\" ><div class='avia_textblock  '   itemprop=\"text\" ><p style=\"text-align: justify;\">La nueva Directiva Regional del Partido Socialista y en el marco de su propuesta de trabajo, realiz\u00f3 su primera actividad de difusi\u00f3n de la Nueva Constituci\u00f3n, jornada que se desarroll\u00f3 en el Sindicato de la Construcci\u00f3n de Coyhaique.<\/p>\n<p style=\"text-align: justify;\">La convocatoria cont\u00f3 con la presencia del Convencional PS, Tom\u00e1s Laibe S\u00e1ez y con una gran participaci\u00f3n de militantes, simpatizantes e independientes, quienes escucharon atentamente la exposici\u00f3n del Convencional, para dar paso a un interesante conversatorio, prolong\u00e1ndose la cita por cerca de dos horas.<\/p>\n<p style=\"text-align: justify;\">La presidenta regional del Partido Socialista, Marisol Mart\u00ednez S\u00e1nchez, realiz\u00f3 un positivo balance de la jornada, tendiente a informar y conocer los detalles de la Nueva Constituci\u00f3n.<\/p>\n<p style=\"text-align: justify;\">\u201cComo nueva directiva del Partido Socialista regi\u00f3n de Ays\u00e9n, hemos asumido como una de nuestras tareas, el informarnos adecuadamente y comenzar un proceso de difusi\u00f3n de la Nueva Constituci\u00f3n. Para ello, convocamos el d\u00eda viernes reci\u00e9n pasado a un conversatorio junto a nuestro Convencional Constituyente, Tomas Laibe. Estamos muy contentos de la convocatoria que tuvimos, lo que nos permiti\u00f3 aclarar dudas en distintas materias como pueblos originarios, pensiones, derechos a la tierra, derechos laborales, materias en ecolog\u00eda y recursos naturales. Por ello, creemos que es sumamente importante seguir trabajando en la difusi\u00f3n del nuevo texto de la Constituci\u00f3n, lo que nos asegurar\u00e1 que la comunidad estar\u00e1 muy bien informada y en condiciones de votar\u00a0 el 4 de septiembre\u201d.<\/p>\n<p style=\"text-align: justify;\">En tanto, el Convencional PS, Tomas Laibe S\u00e1ez, coment\u00f3 sobre la actividad, \u201ctuvimos una gran jornada de encuentro y reflexi\u00f3n sobre la Nueva Constituci\u00f3n, en la que participaron militantes e independientes. Estamos convencidos de que tenemos la posibilidad de dejar atr\u00e1s una Constituci\u00f3n impuesta en dictadura y que tiene cerrojos, para iniciar una nueva vida en sociedad, con una Constituci\u00f3n nacida en democracia y que tiene como pilar fundamental un Estado social y democr\u00e1tico de derecho. Este encuentro es el puntapi\u00e9 inicial de lo que ser\u00e1 el trabajo de los y las socialistas en todo Chile y en nuestra regi\u00f3n, para difundir el texto constitucional de cara al momento hist\u00f3rico que viviremos el pr\u00f3ximo 4 de septiembre\u201d.<\/p>\n<p style=\"text-align: justify;\">El cierre de la actividad estuvo a cargo de la gobernadora, militante PS. Andrea Mac\u00edas Palma, quien agradeci\u00f3 la presencia del Convencional Tom\u00e1s Laibe, recalcando lo que significa para los socialistas poder tener una Constituci\u00f3n democr\u00e1tica dejando atr\u00e1s la Constituci\u00f3n de la dictadura y del rol que tenemos las fuerzas progresistas de trabajar por la Nueva Constituci\u00f3n, informando fidedignamente a la comunidad sobre el nuevo texto.<\/p>\n<p style=\"text-align: justify;\">Es importante se\u00f1alar que previo a esta actividad, se constituy\u00f3 formalmente la nueva directiva del Partido Socialista en la regi\u00f3n de Ays\u00e9n, quedando como presidenta Marisol Mart\u00ednez S\u00e1nchez, secretario Harlan Rivas Mu\u00f1oz, vicepresidenta de la mujer Aracely Guala Arroyo, en comunicaciones M\u00f3nica Hermosilla Ocampo y Javier Gonz\u00e1lez Barr\u00eda, mientras que en capacitaci\u00f3n y formaci\u00f3n pol\u00edtica qued\u00f3 Milton Pinto Vidal y Ana Mar\u00eda Navarrete, como encargado de finanzas Luis Paredes Oyarzo.<\/p>\n<\/div><\/section><\/div><div  style='height:50px' class='hr hr-invisible   avia-builder-el-6  el_after_av_one_full  el_before_av_social_share '><span class='hr-inner ' ><span class='hr-inner-style'><\/span><\/span><\/div><\/p>\n<div  class='av-social-sharing-box  avia-builder-el-7  el_after_av_hr  el_before_av_hr  '><div class='av-share-box'><h5 class='av-share-link-description av-no-toc '>Compartir esta noticia<\/h5><ul class='av-share-box-list noLightbox'><li class='av-share-link av-social-link-facebook' ><a target=\"_blank\" aria-label=\"Compartir en Facebook\" href='https:\/\/www.facebook.com\/sharer.php?u=https:\/\/radiorevelacionfm.cl\/?p=18246&#038;t=Nueva%20Directiva%20Regional%20de%20PS%20realiz%C3%B3%20conversatorio%20por%20la%20Nueva%20Constituci%C3%B3n' aria-hidden='false' data-av_icon='\ue8f3' data-av_iconfont='entypo-fontello' title='' data-avia-related-tooltip='Compartir en Facebook' rel=\"noopener\"><span class='avia_hidden_link_text'>Compartir en Facebook<\/span><\/a><\/li><li class='av-share-link av-social-link-twitter' ><a target=\"_blank\" aria-label=\"Compartir en Twitter\" href='https:\/\/twitter.com\/share?text=Nueva%20Directiva%20Regional%20de%20PS%20realiz%C3%B3%20conversatorio%20por%20la%20Nueva%20Constituci%C3%B3n&#038;url=https:\/\/radiorevelacionfm.cl\/?p=18246' aria-hidden='false' data-av_icon='\ue8f1' data-av_iconfont='entypo-fontello' title='' data-avia-related-tooltip='Compartir en Twitter' rel=\"noopener\"><span class='avia_hidden_link_text'>Compartir en Twitter<\/span><\/a><\/li><li class='av-share-link av-social-link-whatsapp' ><a target=\"_blank\" aria-label=\"Compartir en Whatsapp\" href='https:\/\/api.whatsapp.com\/send?text=https:\/\/radiorevelacionfm.cl\/?p=18246' aria-hidden='false' data-av_icon='\uf232' data-av_iconfont='entypo-fontello' title='' data-avia-related-tooltip='Compartir en Whatsapp' rel=\"noopener\"><span class='avia_hidden_link_text'>Compartir en Whatsapp<\/span><\/a><\/li><li class='av-share-link av-social-link-linkedin' ><a target=\"_blank\" aria-label=\"Compartir en LinkedIn\" href='https:\/\/linkedin.com\/shareArticle?mini=true&#038;title=Nueva%20Directiva%20Regional%20de%20PS%20realiz%C3%B3%20conversatorio%20por%20la%20Nueva%20Constituci%C3%B3n&#038;url=https:\/\/radiorevelacionfm.cl\/?p=18246' aria-hidden='false' data-av_icon='\ue8fc' data-av_iconfont='entypo-fontello' title='' data-avia-related-tooltip='Compartir en LinkedIn' rel=\"noopener\"><span class='avia_hidden_link_text'>Compartir en LinkedIn<\/span><\/a><\/li><li class='av-share-link av-social-link-mail' ><a  aria-label=\"Compartir por correo\" href='mailto:?subject=Nueva%20Directiva%20Regional%20de%20PS%20realiz%C3%B3%20conversatorio%20por%20la%20Nueva%20Constituci%C3%B3n&#038;body=https:\/\/radiorevelacionfm.cl\/?p=18246' aria-hidden='false' data-av_icon='\ue805' data-av_iconfont='entypo-fontello' title='' data-avia-related-tooltip='Compartir por correo'><span class='avia_hidden_link_text'>Compartir por correo<\/span><\/a><\/li><\/ul><\/div><\/div>\n<div  style='height:50px' class='hr hr-invisible   avia-builder-el-8  el_after_av_social_share  el_before_av_comments_list '><span class='hr-inner ' ><span class='hr-inner-style'><\/span><\/span><\/div>\n<div  class='av-buildercomment  av-blog-meta-html-info-disabled av-blog-meta-tag-disabled  '><\/div>\n","protected":false},"excerpt":{"rendered":"","protected":false},"author":1,"featured_media":18247,"comment_status":"open","ping_status":"open","sticky":false,"template":"","format":"standard","meta":{"footnotes":""},"categories":[35],"tags":[],"class_list":["post-18246","post","type-post","status-publish","format-standard","has-post-thumbnail","hentry","category-politica"],"jetpack_featured_media_url":"https:\/\/radiorevelacionfm.cl\/wp-content\/uploads\/2022\/06\/actividad-ps-1-1_optimized.jpeg","_links":{"self":[{"href":"https:\/\/radiorevelacionfm.cl\/index.php?rest_route=\/wp\/v2\/posts\/18246","targetHints":{"allow":["GET"]}}],"collection":[{"href":"https:\/\/radiorevelacionfm.cl\/index.php?rest_route=\/wp\/v2\/posts"}],"about":[{"href":"https:\/\/radiorevelacionfm.cl\/index.php?rest_route=\/wp\/v2\/types\/post"}],"author":[{"embeddable":true,"href":"https:\/\/radiorevelacionfm.cl\/index.php?rest_route=\/wp\/v2\/users\/1"}],"replies":[{"embeddable":true,"href":"https:\/\/radiorevelacionfm.cl\/index.php?rest_route=%2Fwp%2Fv2%2Fcomments&post=18246"}],"version-history":[{"count":3,"href":"https:\/\/radiorevelacionfm.cl\/index.php?rest_route=\/wp\/v2\/posts\/18246\/revisions"}],"predecessor-version":[{"id":18254,"href":"https:\/\/radiorevelacionfm.cl\/index.php?rest_route=\/wp\/v2\/posts\/18246\/revisions\/18254"}],"wp:featuredmedia":[{"embeddable":true,"href":"https:\/\/radiorevelacionfm.cl\/index.php?rest_route=\/wp\/v2\/media\/18247"}],"wp:attachment":[{"href":"https:\/\/radiorevelacionfm.cl\/index.php?rest_route=%2Fwp%2Fv2%2Fmedia&parent=18246"}],"wp:term":[{"taxonomy":"category","embeddable":true,"href":"https:\/\/radiorevelacionfm.cl\/index.php?rest_route=%2Fwp%2Fv2%2Fcategories&post=18246"},{"taxonomy":"post_tag","embeddable":true,"href":"https:\/\/radiorevelacionfm.cl\/index.php?rest_route=%2Fwp%2Fv2%2Ftags&post=18246"}],"curies":[{"name":"wp","href":"https:\/\/api.w.org\/{rel}","templated":true}]}}