{"id":18243,"date":"2022-06-21T16:41:35","date_gmt":"2022-06-21T19:41:35","guid":{"rendered":"https:\/\/radiorevelacionfm.cl\/?p=18243"},"modified":"2022-06-21T16:41:35","modified_gmt":"2022-06-21T19:41:35","slug":"destacan-anuncio-de-homologacion-de-vacunas-para-extranjeros-en-un-maximo-de-48-horas","status":"publish","type":"post","link":"https:\/\/radiorevelacionfm.cl\/?p=18243","title":{"rendered":"Destacan anuncio de homologaci\u00f3n de vacunas para extranjeros en un m\u00e1ximo de 48 horas"},"content":{"rendered":"<div class=\"flex_column av_one_full  flex_column_div av-zero-column-padding first  avia-builder-el-0  el_before_av_one_full  avia-builder-el-first  \" style='border-radius:0px; '><div  class='avia-image-container  av-styling-    avia-builder-el-1  avia-builder-el-no-sibling  avia-align-center '  itemprop=\"image\" itemscope=\"itemscope\" itemtype=\"https:\/\/schema.org\/ImageObject\"  ><div class='avia-image-container-inner'><div class='avia-image-overlay-wrap'><img decoding=\"async\" class='wp-image-18244 avia-img-lazy-loading-not-18244 avia_image' src=\"https:\/\/radiorevelacionfm.cl\/wp-content\/uploads\/2022\/06\/220621-Seremi-de-Economia-Rosa-Machacan-1-1.jpg\" alt='' title='220621 Seremi de Econom\u00eda Rosa Machac\u00e1n (1) (1)' height=\"600\" width=\"909\"  itemprop=\"thumbnailUrl\" srcset=\"https:\/\/radiorevelacionfm.cl\/wp-content\/uploads\/2022\/06\/220621-Seremi-de-Economia-Rosa-Machacan-1-1.jpg 909w, https:\/\/radiorevelacionfm.cl\/wp-content\/uploads\/2022\/06\/220621-Seremi-de-Economia-Rosa-Machacan-1-1-300x198.jpg 300w, https:\/\/radiorevelacionfm.cl\/wp-content\/uploads\/2022\/06\/220621-Seremi-de-Economia-Rosa-Machacan-1-1-768x507.jpg 768w, https:\/\/radiorevelacionfm.cl\/wp-content\/uploads\/2022\/06\/220621-Seremi-de-Economia-Rosa-Machacan-1-1-705x465.jpg 705w, https:\/\/radiorevelacionfm.cl\/wp-content\/uploads\/2022\/06\/220621-Seremi-de-Economia-Rosa-Machacan-1-1-600x396.jpg 600w\" sizes=\"(max-width: 909px) 100vw, 909px\" \/><\/div><\/div><\/div><\/div><div class=\"flex_column av_one_full  flex_column_div av-zero-column-padding first  avia-builder-el-2  el_after_av_one_full  el_before_av_one_full  column-top-margin\" style='border-radius:0px; '><section class=\"av_textblock_section \"  itemscope=\"itemscope\" itemtype=\"https:\/\/schema.org\/BlogPosting\" itemprop=\"blogPost\" ><div class='avia_textblock  '   itemprop=\"text\" ><p style=\"text-align: center;\"><strong><span style=\"font-size: 18pt;\">Destacan anuncio de homologaci\u00f3n de vacunas para extranjeros en un m\u00e1ximo de 48 horas<\/span><\/strong><\/p>\n<div id=\"gtx-trans\" style=\"position: absolute; left: -50px; top: 4.31534px;\">\n<div class=\"gtx-trans-icon\"><\/div>\n<\/div>\n<\/div><\/section><\/div><div class=\"flex_column av_one_full  flex_column_div av-zero-column-padding first  avia-builder-el-4  el_after_av_one_full  el_before_av_hr  column-top-margin\" style='border-radius:0px; '><section class=\"av_textblock_section \"  itemscope=\"itemscope\" itemtype=\"https:\/\/schema.org\/BlogPosting\" itemprop=\"blogPost\" ><div class='avia_textblock  '   itemprop=\"text\" ><p style=\"font-weight: 400; text-align: justify;\">Con el objetivo\u00a0de mantener el resguardo sanitario al interior del pa\u00eds y permitir una mayor apertura que favorezca la reactivaci\u00f3n del turismo receptivo, la Subsecretar\u00eda de Salud P\u00fablica y la Subsecretar\u00eda de Turismo anunciaron modificaciones en el proceso de homologaci\u00f3n de vacunas solicitado para que\u00a0extranjeros\u00a0que visiten nuestro pa\u00eds accedan al\u00a0Pase de Movilidad.<\/p>\n<p style=\"font-weight: 400; text-align: justify;\">En este nuevo proceso, desde la solicitud en la plataforma\u00a0<a href=\"http:\/\/mevacuno.gob.cl\/\" data-saferedirecturl=\"https:\/\/www.google.com\/url?q=http:\/\/mevacuno.gob.cl&amp;source=gmail&amp;ust=1655925747074000&amp;usg=AOvVaw3zEtAGwe1c3E-TKra14zUI\">mevacuno.gob.cl<\/a>\u00a0hasta la entrega del resultado de la homologaci\u00f3n, existir\u00e1 una duraci\u00f3n m\u00e1xima de 48 horas h\u00e1biles. El nuevo mecanismo contempla que, de no cumplirse con el plazo estipulado, los turistas que est\u00e9n en evaluaci\u00f3n recibir\u00e1n de forma autom\u00e1tica un\u00a0Pase de Movilidad Temporal\u00a0que tendr\u00e1 la misma validez que el documento definitivo y tendr\u00e1 una vigencia m\u00e1xima de 96 horas desde la fecha y hora de solicitud a pesar de que la homologaci\u00f3n resulte rechazada antes del t\u00e9rmino de ese plazo.<\/p>\n<p style=\"font-weight: 400; text-align: justify;\">La Seremi de Econom\u00eda, Fomento y Turismo, Rosa Machacan, sostuvo que \u201ceste anuncio, que nace del trabajo colaborativo de las subsecretar\u00edas de turismo y salud, es sumamente relevante para la regi\u00f3n de Ays\u00e9n, donde es altamente importante el turismo receptivo. En periodo prepandemia la llegada de\u00a0turistas extranjeros\u00a0a establecimientos de alojamiento tur\u00edstico bordeaba el 30% en temporada alta.\u201d<\/p>\n<p style=\"font-weight: 400; text-align: justify;\">Patricio Bast\u00edas, el Director Regional de Servicio Nacional de Turismo agrega que \u201ces una muy buena noticia que el proceso de homologaci\u00f3n de vacunas se haya limitado a 48 horas, y que, en su efecto de no recibir esta homologaci\u00f3n, tener la posibilidad de contar con un pase de movilidad de 96 horas; creemos que va a venir a reactivar el turismo que hemos mantenido por mucho tiempo con todas las ciudades que contiguas a la frontera, es decir Argentina. Para nosotros, Argentina representa un mercado importante de turistas extranjeros as\u00ed que estamos muy esperanzados que este invierno se genere actividad con turistas de dicho pa\u00eds.\u201d<\/p>\n<p style=\"font-weight: 400; text-align: justify;\">Rosa Machac\u00e1n indic\u00f3 tambi\u00e9n que el Ministerio de Salud considerar\u00e1 el esquema de vacunaci\u00f3n del pa\u00eds de origen para realizar la homologaci\u00f3n. Se eximir\u00e1 del requisito de homologaci\u00f3n a los menores de 18 a\u00f1os que entren a Chile acompa\u00f1ados por sus padres o tutores que cuenten con la homologaci\u00f3n aceptada. Adem\u00e1s, cualquier turista que ingrese al pa\u00eds con un\u00a0Pase de Movilidad Temporal\u00a0y resulte con su homologaci\u00f3n rechazada, podr\u00e1 realizarse un PCR o un test de ant\u00edgenos en Chile y de ser negativo el resultado, este podr\u00e1 ser utilizado como\u00a0Pase de Movilidad\u00a0con los mismos beneficios que este posee para cualquier ciudadano. \u201cEste anuncio viene a dar certezas a los y las empresarias tur\u00edsticas que se vieron sumamente afectados por la reducci\u00f3n de turistas extranjeros durante este periodo de la pandemia, y que podamos avanzar en la reactivaci\u00f3n del sector en la regi\u00f3n\u201d finaliz\u00f3 la Seremi de Econom\u00eda.<\/p>\n<\/div><\/section><\/div><div  style='height:50px' class='hr hr-invisible   avia-builder-el-6  el_after_av_one_full  el_before_av_social_share '><span class='hr-inner ' ><span class='hr-inner-style'><\/span><\/span><\/div><\/p>\n<div  class='av-social-sharing-box  avia-builder-el-7  el_after_av_hr  el_before_av_hr  '><div class='av-share-box'><h5 class='av-share-link-description av-no-toc '>Compartir esta noticia<\/h5><ul class='av-share-box-list noLightbox'><li class='av-share-link av-social-link-facebook' ><a target=\"_blank\" aria-label=\"Compartir en Facebook\" href='https:\/\/www.facebook.com\/sharer.php?u=https:\/\/radiorevelacionfm.cl\/?p=18243&#038;t=Destacan%20anuncio%20de%20homologaci%C3%B3n%20de%20vacunas%20para%20extranjeros%20en%20un%20m%C3%A1ximo%20de%2048%20horas' aria-hidden='false' data-av_icon='\ue8f3' data-av_iconfont='entypo-fontello' title='' data-avia-related-tooltip='Compartir en Facebook' rel=\"noopener\"><span class='avia_hidden_link_text'>Compartir en Facebook<\/span><\/a><\/li><li class='av-share-link av-social-link-twitter' ><a target=\"_blank\" aria-label=\"Compartir en Twitter\" href='https:\/\/twitter.com\/share?text=Destacan%20anuncio%20de%20homologaci%C3%B3n%20de%20vacunas%20para%20extranjeros%20en%20un%20m%C3%A1ximo%20de%2048%20horas&#038;url=https:\/\/radiorevelacionfm.cl\/?p=18243' aria-hidden='false' data-av_icon='\ue8f1' data-av_iconfont='entypo-fontello' title='' data-avia-related-tooltip='Compartir en Twitter' rel=\"noopener\"><span class='avia_hidden_link_text'>Compartir en Twitter<\/span><\/a><\/li><li class='av-share-link av-social-link-whatsapp' ><a target=\"_blank\" aria-label=\"Compartir en Whatsapp\" href='https:\/\/api.whatsapp.com\/send?text=https:\/\/radiorevelacionfm.cl\/?p=18243' aria-hidden='false' data-av_icon='\uf232' data-av_iconfont='entypo-fontello' title='' data-avia-related-tooltip='Compartir en Whatsapp' rel=\"noopener\"><span class='avia_hidden_link_text'>Compartir en Whatsapp<\/span><\/a><\/li><li class='av-share-link av-social-link-linkedin' ><a target=\"_blank\" aria-label=\"Compartir en LinkedIn\" href='https:\/\/linkedin.com\/shareArticle?mini=true&#038;title=Destacan%20anuncio%20de%20homologaci%C3%B3n%20de%20vacunas%20para%20extranjeros%20en%20un%20m%C3%A1ximo%20de%2048%20horas&#038;url=https:\/\/radiorevelacionfm.cl\/?p=18243' aria-hidden='false' data-av_icon='\ue8fc' data-av_iconfont='entypo-fontello' title='' data-avia-related-tooltip='Compartir en LinkedIn' rel=\"noopener\"><span class='avia_hidden_link_text'>Compartir en LinkedIn<\/span><\/a><\/li><li class='av-share-link av-social-link-mail' ><a  aria-label=\"Compartir por correo\" href='mailto:?subject=Destacan%20anuncio%20de%20homologaci%C3%B3n%20de%20vacunas%20para%20extranjeros%20en%20un%20m%C3%A1ximo%20de%2048%20horas&#038;body=https:\/\/radiorevelacionfm.cl\/?p=18243' aria-hidden='false' data-av_icon='\ue805' data-av_iconfont='entypo-fontello' title='' data-avia-related-tooltip='Compartir por correo'><span class='avia_hidden_link_text'>Compartir por correo<\/span><\/a><\/li><\/ul><\/div><\/div>\n<div  style='height:50px' class='hr hr-invisible   avia-builder-el-8  el_after_av_social_share  el_before_av_comments_list '><span class='hr-inner ' ><span class='hr-inner-style'><\/span><\/span><\/div>\n<div  class='av-buildercomment  av-blog-meta-html-info-disabled av-blog-meta-tag-disabled  '><\/div>\n","protected":false},"excerpt":{"rendered":"","protected":false},"author":1,"featured_media":18244,"comment_status":"open","ping_status":"open","sticky":false,"template":"","format":"standard","meta":{"footnotes":""},"categories":[38],"tags":[],"class_list":["post-18243","post","type-post","status-publish","format-standard","has-post-thumbnail","hentry","category-regional"],"jetpack_featured_media_url":"https:\/\/radiorevelacionfm.cl\/wp-content\/uploads\/2022\/06\/220621-Seremi-de-Economia-Rosa-Machacan-1-1.jpg","_links":{"self":[{"href":"https:\/\/radiorevelacionfm.cl\/index.php?rest_route=\/wp\/v2\/posts\/18243","targetHints":{"allow":["GET"]}}],"collection":[{"href":"https:\/\/radiorevelacionfm.cl\/index.php?rest_route=\/wp\/v2\/posts"}],"about":[{"href":"https:\/\/radiorevelacionfm.cl\/index.php?rest_route=\/wp\/v2\/types\/post"}],"author":[{"embeddable":true,"href":"https:\/\/radiorevelacionfm.cl\/index.php?rest_route=\/wp\/v2\/users\/1"}],"replies":[{"embeddable":true,"href":"https:\/\/radiorevelacionfm.cl\/index.php?rest_route=%2Fwp%2Fv2%2Fcomments&post=18243"}],"version-history":[{"count":2,"href":"https:\/\/radiorevelacionfm.cl\/index.php?rest_route=\/wp\/v2\/posts\/18243\/revisions"}],"predecessor-version":[{"id":18249,"href":"https:\/\/radiorevelacionfm.cl\/index.php?rest_route=\/wp\/v2\/posts\/18243\/revisions\/18249"}],"wp:featuredmedia":[{"embeddable":true,"href":"https:\/\/radiorevelacionfm.cl\/index.php?rest_route=\/wp\/v2\/media\/18244"}],"wp:attachment":[{"href":"https:\/\/radiorevelacionfm.cl\/index.php?rest_route=%2Fwp%2Fv2%2Fmedia&parent=18243"}],"wp:term":[{"taxonomy":"category","embeddable":true,"href":"https:\/\/radiorevelacionfm.cl\/index.php?rest_route=%2Fwp%2Fv2%2Fcategories&post=18243"},{"taxonomy":"post_tag","embeddable":true,"href":"https:\/\/radiorevelacionfm.cl\/index.php?rest_route=%2Fwp%2Fv2%2Ftags&post=18243"}],"curies":[{"name":"wp","href":"https:\/\/api.w.org\/{rel}","templated":true}]}}