{"id":18236,"date":"2022-06-21T12:31:31","date_gmt":"2022-06-21T15:31:31","guid":{"rendered":"https:\/\/radiorevelacionfm.cl\/?p=18236"},"modified":"2022-06-21T12:31:31","modified_gmt":"2022-06-21T15:31:31","slug":"la-dificil-relacion-del-alcalde-de-cisnes-con-la-participacion-y-la-democracia","status":"publish","type":"post","link":"https:\/\/radiorevelacionfm.cl\/?p=18236","title":{"rendered":"La dif\u00edcil relaci\u00f3n del alcalde de Cisnes con la participaci\u00f3n y la democracia"},"content":{"rendered":"<div class=\"flex_column av_one_full  flex_column_div av-zero-column-padding first  avia-builder-el-0  el_before_av_one_full  avia-builder-el-first  \" style='border-radius:0px; '><div  class='avia-image-container  av-styling-    avia-builder-el-1  avia-builder-el-no-sibling  avia-align-center '  itemprop=\"image\" itemscope=\"itemscope\" itemtype=\"https:\/\/schema.org\/ImageObject\"  ><div class='avia-image-container-inner'><div class='avia-image-overlay-wrap'><img decoding=\"async\" class='wp-image-18237 avia-img-lazy-loading-not-18237 avia_image' src=\"https:\/\/radiorevelacionfm.cl\/wp-content\/uploads\/2022\/06\/alcalde-cisnes-1-1.jpg\" alt='' title='alcalde cisnes (1) (1)' height=\"600\" width=\"1188\"  itemprop=\"thumbnailUrl\" srcset=\"https:\/\/radiorevelacionfm.cl\/wp-content\/uploads\/2022\/06\/alcalde-cisnes-1-1.jpg 1188w, https:\/\/radiorevelacionfm.cl\/wp-content\/uploads\/2022\/06\/alcalde-cisnes-1-1-300x152.jpg 300w, https:\/\/radiorevelacionfm.cl\/wp-content\/uploads\/2022\/06\/alcalde-cisnes-1-1-1030x520.jpg 1030w, https:\/\/radiorevelacionfm.cl\/wp-content\/uploads\/2022\/06\/alcalde-cisnes-1-1-768x388.jpg 768w, https:\/\/radiorevelacionfm.cl\/wp-content\/uploads\/2022\/06\/alcalde-cisnes-1-1-705x356.jpg 705w, https:\/\/radiorevelacionfm.cl\/wp-content\/uploads\/2022\/06\/alcalde-cisnes-1-1-600x303.jpg 600w\" sizes=\"(max-width: 1188px) 100vw, 1188px\" \/><\/div><\/div><\/div><\/div><div class=\"flex_column av_one_full  flex_column_div av-zero-column-padding first  avia-builder-el-2  el_after_av_one_full  el_before_av_one_full  column-top-margin\" style='border-radius:0px; '><section class=\"av_textblock_section \"  itemscope=\"itemscope\" itemtype=\"https:\/\/schema.org\/BlogPosting\" itemprop=\"blogPost\" ><div class='avia_textblock  '   itemprop=\"text\" ><p style=\"text-align: center;\"><span style=\"font-size: 18pt;\"><b><span lang=\"ES\">La\u00a0<\/span><\/b><b><span lang=\"X-NONE\">dif\u00edcil\u00a0<\/span><\/b><b><span lang=\"ES\">relaci\u00f3n del alcalde de Cisnes con la participaci<\/span><\/b><b><span lang=\"X-NONE\">\u00f3n y la\u00a0<\/span><\/b><b><span lang=\"ES\">democracia<\/span><\/b><\/span><\/p>\n<div id=\"gtx-trans\" style=\"position: absolute; left: -50px; top: 4.31534px;\">\n<div class=\"gtx-trans-icon\"><\/div>\n<\/div>\n<\/div><\/section><\/div><div class=\"flex_column av_one_full  flex_column_div av-zero-column-padding first  avia-builder-el-4  el_after_av_one_full  el_before_av_hr  column-top-margin\" style='border-radius:0px; '><section class=\"av_textblock_section \"  itemscope=\"itemscope\" itemtype=\"https:\/\/schema.org\/BlogPosting\" itemprop=\"blogPost\" ><div class='avia_textblock  '   itemprop=\"text\" ><p class=\"v1MsoNormal\" style=\"text-align: justify;\"><span lang=\"ES\">La Contralor\u00eda Regional de Ays\u00e9n inici\u00f3 un \u00abprocedimiento disciplinario\u00bb en contra de la Municipalidad de Cisnes producto de irregularidades cometidas tanto en el marco de sus obligaciones en materia de participaci\u00f3n ciudadana como por incumplir instrucciones del \u00f3rgano fiscalizador. Mediante un oficio del 9 de junio de este a\u00f1o, dirigido al alcalde Francisco Roncagliolo, la entidad constat<\/span><span lang=\"X-NONE\">\u00f3\u00a0<\/span><span lang=\"ES\">c\u00f3mo el municipio no s\u00f3lo falt\u00f3 a sus responsabilidades sino que incluso ocult\u00f3 informaci\u00f3n a la Contralor\u00eda, cuando fue consultado por hechos denunciados.<\/span><\/p>\n<p class=\"v1MsoNormal\" style=\"text-align: justify;\"><span lang=\"ES\">Fue el 21 de noviembre de 2021 que el Comit\u00e9 Comunal de Protecci\u00f3n al Medio Ambiente de Puerto Cisnes solicit\u00f3 formalmente audiencia a la Municipalidad de Cisnes, con el fin de abordar diversas materias. Pero pasaron los meses y nunca obtuvieron respuesta alguna a su requerimiento.<\/span><\/p>\n<p class=\"v1MsoNormal\" style=\"text-align: justify;\"><span lang=\"ES\">Es por ello que el 18 de febrero de este a\u00f1o presentaron una denuncia ante la Contralor\u00eda Regional, organismo que solicit\u00f3 antecedentes al municipio. Tras un oficio de insistencia de la entidad, el 31 de marzo de 2022 el ayuntamiento comunic<\/span><span lang=\"X-NONE\">\u00f3\u00a0<\/span><span lang=\"ES\">que la solicitada reuni\u00f3n con el Comit\u00e9 Comunal de Protecci\u00f3n al Medio Ambiente se habr\u00eda materializado el 21 de enero de 2022.\u00a0 Con esto, se\u00f1alaron desde la entidad edilicia, se habr\u00eda cumplido lo requerido.<\/span><\/p>\n<p class=\"v1MsoNormal\" style=\"text-align: justify;\"><span lang=\"ES\">Sin embargo, al revisar los antecedentes del encuentro la Contralor<\/span><span lang=\"X-NONE\">\u00eda\u00a0<\/span><span lang=\"ES\">confirm<\/span><span lang=\"X-NONE\">\u00f3\u00a0<\/span><span lang=\"ES\">que \u00abla aludida reuni\u00f3n no tuvo por objeto dar respuesta a la solicitud de audiencia del Comit\u00e9 Comunal de Protecci\u00f3n al Medio Ambiente de Puerto Cisnes, sino que&#8230; se trat\u00f3 de una invitaci\u00f3n abierta a las agrupaciones y personas interesadas en participar en la conformaci\u00f3n de un Comit\u00e9 Ambiental Ciudadano Local, que tuvo como objetivo abordar y ser parte de acciones medioambientales locales y comunales\u00bb. Por ello, dictamin\u00f3 la el organismo, \u00abno resulta suficiente que, con ocasi\u00f3n de una asamblea p\u00fablica, en la que participaron algunos integrantes de la organizaci\u00f3n reclamante, se entienda por el aludido municipio que dio respuesta a la solicitud realizada por ella\u00bb.<\/span><\/p>\n<p class=\"v1MsoNormal\" style=\"text-align: justify;\"><span lang=\"ES\">Por todo esto, se conmin\u00f3 a \u00abla Municipalidad de Cisnes dar respuesta directa a todas las presentaciones del Comit\u00e9 Comunal de Protecci\u00f3n al Medio Ambiente de Puerto Cisnes que se encuentren pendientes en ese municipio\u00bb, d\u00e1ndole plazo hasta el jueves 16 de junio para cumplir esta obligaci\u00f3n.\u00a0<\/span><\/p>\n<p class=\"v1MsoNormal\" style=\"text-align: justify;\"><span lang=\"ES\">Seg\u00fan inform\u00f3 Mar\u00eda Jes\u00fas Fa\u00fandez Alcalde, secretaria de la agrupaci\u00f3n, tras el pronunciamiento de la Contralor\u00eda el municipio les contact<\/span><span lang=\"X-NONE\">\u00f3\u00a0<\/span><span lang=\"ES\">para coordinar una reuni\u00f3n, la que se concret<\/span><span lang=\"X-NONE\">\u00f3\u00a0<\/span><span lang=\"ES\">el 15 de junio. Siete meses despu<\/span><span lang=\"X-NONE\">\u00e9s de la solicitud original.<\/span><\/p>\n<p class=\"v1MsoNormal\" style=\"text-align: justify;\"><span lang=\"ES\">A la cita asistieron concejales de la Comisi\u00f3n de Medio Ambiente, la directora suplente de la Direcci<\/span><span lang=\"X-NONE\">\u00f3n de Desarrollo Comunitario,\u00a0<\/span><span lang=\"ES\">en representaci\u00f3n del alcalde, y el encargado municipal de Medio Ambiente.<\/span><\/p>\n<p class=\"v1MsoNormal\" style=\"text-align: justify;\"><span lang=\"ES\">Fa\u00fandez se\u00f1al<\/span><span lang=\"X-NONE\">\u00f3 que\u00a0<\/span><span lang=\"ES\">no hubo un reconocimiento expl<\/span><span lang=\"X-NONE\">\u00edcito\u00a0<\/span><span lang=\"ES\">de los directivos municipales del error cometido as<\/span><span lang=\"X-NONE\">\u00ed\u00a0<\/span><span lang=\"ES\">como tampoco disculpas por la falta de consideraci<\/span><span lang=\"X-NONE\">\u00f3n con una organizaci\u00f3n local. <\/span><span lang=\"ES\">Caso distinto fue la reacci<\/span><span lang=\"X-NONE\">\u00f3n de los\u00a0<\/span><span lang=\"ES\">concejales, con quienes han tenido una buena relaci<\/span><span lang=\"X-NONE\">\u00f3n.<\/span><\/p>\n<p class=\"v1MsoNormal\" style=\"text-align: justify;\"><span lang=\"ES\">\u00abEsto es un comienzo. Se ha concret<\/span><span lang=\"X-NONE\">\u00f3<\/span><span lang=\"ES\">\u00a0la reuni\u00f3n y hemos acordado con la municipalidad un compromiso de trabajo conjunto con reuniones peri\u00f3dicas para abordar tem\u00e1ticas como las ordenanzas de medio ambiente, retiro de chatarra de calles y la relaci\u00f3n con la salmonicultura, entro otros temas tan importantes como las campa\u00f1as de reciclaje comunitario que realizamos de manera aut\u00f3noma<\/span><span lang=\"ES\">\u00bb se\u00f1al<\/span><span lang=\"X-NONE\">\u00f3 la dirigenta.<\/span><\/p>\n<p class=\"v1MsoNormal\" style=\"text-align: justify;\"><span lang=\"ES\">En paralelo la tesorera del comit<\/span><span lang=\"X-NONE\">\u00e9<\/span><span lang=\"ES\">, Paz Palma Vera, indic<\/span><span lang=\"X-NONE\">\u00f3\u00a0<\/span><span lang=\"ES\">que se avanz<\/span><span lang=\"X-NONE\">\u00f3 en el motivo por el cual solicitaron a audiencia. <\/span><span lang=\"ES\">\u00abEl objetivo de la reuni\u00f3n era articularse con el municipio. Se hizo una encuesta a la ciudadan<\/span><span lang=\"X-NONE\">\u00eda\u00a0<\/span><span lang=\"ES\">que dio cuenta de los principales temas de inter\u00e9s de la comunidad en el \u00e1mbito ambiental, como es la tenencia responsable de mascotas y los problemas del vertedero, entre otros<\/span><span lang=\"ES\">\u00bb explic<\/span><span lang=\"X-NONE\">\u00f3.<\/span><\/p>\n<p class=\"v1MsoNormal\" style=\"text-align: justify;\"><span lang=\"ES\">\u00abLa idea es, de alguna forma, ser un nexo con la comunidad en lo que se refiere al medioambiente, que es una problem\u00e1tica que en la comuna ya no da para m\u00e1s, hay demasiadas situaciones complejas en todas las localidades\u00bb puntualiz<\/span><span lang=\"X-NONE\">\u00f3.<\/span><\/p>\n<p class=\"v1MsoNormal\" style=\"text-align: justify;\"><span lang=\"ES\">Por ello \u00abhay que trabajar con la gente y nosotros estamos dispuestos, dando nuestro tiempo como dirigentes, que trabajamos de forma gratuita, para colaborar con la municipalidad. Todo lo que nos ha enviado la municipalidad para difundir nosotros hemos colaborado, tanto en terreno como por redes sociales. Nuestra voluntad siempre ha sido trabajar de forma mancomunada y conciliadora para apoyar las gestiones que ya se est\u00e1n haciendo y las que se puedan hacer\u00bb concluy\u00f3.<\/span><\/p>\n<p class=\"v1MsoNormal\" style=\"text-align: justify;\"><span lang=\"ES\">Junto con instruirle a responder a la organizaci<\/span><span lang=\"X-NONE\">\u00f3n,\u00a0<\/span><span lang=\"ES\">la Contralor\u00eda determin\u00f3 iniciar un \u00abprocedimiento disciplinario\u00bb al interior del municipio \u00abpara efectos de determinar las eventuales responsabilidades administrativas comprometidas, tanto por el incumplimiento de lo instruido&#8230; como por haber omitido informar hechos relevantes a esta entidad fiscalizadora\u00bb.<\/span><\/p>\n<p class=\"v1MsoNormal\" style=\"text-align: justify;\"><span lang=\"ES\">\u00abEste dictamen sienta un precedente para las dem\u00e1s organizaciones, en el sentido de que todas las solicitudes formales deben ser respondidas en el \u00e1mbito, pertinencia y tiempo prudente por parte de la autoridad\u00bb coment<\/span><span lang=\"X-NONE\">\u00f3 el\u00a0<\/span><span lang=\"ES\">concejal Francisco Abarca Arap.<\/span><\/p>\n<p class=\"v1MsoNormal\" style=\"text-align: justify;\"><span lang=\"ES\">La resoluci\u00f3n de la Contralor\u00eda se sustenta en que los \u00f3rganos p\u00fablicos deben \u00abresponder a las solicitudes de los administrados lo que en derecho proceda, debiendo tomar una determinaci\u00f3n frente a lo pedido, sea acogi\u00e9ndolas o deneg\u00e1ndolas, o bien, en el evento de carecer de competencia, limitarse a declarar ese hecho, d\u00e1ndoles debido conocimiento de la respuesta dentro de un plazo prudencial, la que, por razones de certeza y buena t\u00e9cnica administrativa, debe constar por escrito\u00bb. \u00a0\u00a0<\/span><\/p>\n<p class=\"v1MsoNormal\" style=\"text-align: justify;\"><span lang=\"ES\">El incumplimiento de este deber puede derivar en sanci\u00f3n.<\/span><\/p>\n<p class=\"v1MsoNormal\" style=\"text-align: justify;\"><span lang=\"X-NONE\">\u00c9<\/span><span lang=\"ES\">ste es el segundo rev\u00e9s para el alcalde Francisco Roncagliolo durante las \u00faltimas semanas, en\u00a0<\/span><span lang=\"X-NONE\">\u00e1mbitos\u00a0<\/span><span lang=\"ES\">relacionados con la participaci\u00f3n ciudadana y el ejercicio democr<\/span><span lang=\"X-NONE\">\u00e1tico<\/span><span lang=\"ES\">.<\/span><\/p>\n<p class=\"v1MsoNormal\" style=\"text-align: justify;\"><span lang=\"ES\">Recientemente la Corte Suprema\u00a0<a href=\"https:\/\/www.diarioconstitucional.cl\/2022\/06\/10\/corte-suprema-falla-a-favor-de-concejales-de-cisnes-por-negarles-el-derecho-constitucional-de-expresarse-en-las-sesiones-del-concejo-municipal\/\" target=\"_blank\" rel=\"noopener noreferrer\">le oblig\u00f3<\/a>\u00a0a garantizar que los concejales puedan expresarse en las sesiones del Concejo Municipal, lo cual hab\u00eda estado impidiendo.\u00a0 En el dictamen le conden\u00f3 al pago de las costas de la tramitaci\u00f3n del recurso de protecci\u00f3n interpuesto por algunos representantes comunales ante la Corte de Apelaciones de Coyhaique.<\/span><\/p>\n<\/div><\/section><\/div><div  style='height:50px' class='hr hr-invisible   avia-builder-el-6  el_after_av_one_full  el_before_av_social_share '><span class='hr-inner ' ><span class='hr-inner-style'><\/span><\/span><\/div><\/p>\n<div  class='av-social-sharing-box  avia-builder-el-7  el_after_av_hr  el_before_av_hr  '><div class='av-share-box'><h5 class='av-share-link-description av-no-toc '>Compartir esta noticia<\/h5><ul class='av-share-box-list noLightbox'><li class='av-share-link av-social-link-facebook' ><a target=\"_blank\" aria-label=\"Compartir en Facebook\" href='https:\/\/www.facebook.com\/sharer.php?u=https:\/\/radiorevelacionfm.cl\/?p=18236&#038;t=La%20dif%C3%ADcil%20relaci%C3%B3n%20del%20alcalde%20de%20Cisnes%20con%20la%20participaci%C3%B3n%20y%20la%20democracia' aria-hidden='false' data-av_icon='\ue8f3' data-av_iconfont='entypo-fontello' title='' data-avia-related-tooltip='Compartir en Facebook' rel=\"noopener\"><span class='avia_hidden_link_text'>Compartir en Facebook<\/span><\/a><\/li><li class='av-share-link av-social-link-twitter' ><a target=\"_blank\" aria-label=\"Compartir en Twitter\" href='https:\/\/twitter.com\/share?text=La%20dif%C3%ADcil%20relaci%C3%B3n%20del%20alcalde%20de%20Cisnes%20con%20la%20participaci%C3%B3n%20y%20la%20democracia&#038;url=https:\/\/radiorevelacionfm.cl\/?p=18236' aria-hidden='false' data-av_icon='\ue8f1' data-av_iconfont='entypo-fontello' title='' data-avia-related-tooltip='Compartir en Twitter' rel=\"noopener\"><span class='avia_hidden_link_text'>Compartir en Twitter<\/span><\/a><\/li><li class='av-share-link av-social-link-whatsapp' ><a target=\"_blank\" aria-label=\"Compartir en Whatsapp\" href='https:\/\/api.whatsapp.com\/send?text=https:\/\/radiorevelacionfm.cl\/?p=18236' aria-hidden='false' data-av_icon='\uf232' data-av_iconfont='entypo-fontello' title='' data-avia-related-tooltip='Compartir en Whatsapp' rel=\"noopener\"><span class='avia_hidden_link_text'>Compartir en Whatsapp<\/span><\/a><\/li><li class='av-share-link av-social-link-linkedin' ><a target=\"_blank\" aria-label=\"Compartir en LinkedIn\" href='https:\/\/linkedin.com\/shareArticle?mini=true&#038;title=La%20dif%C3%ADcil%20relaci%C3%B3n%20del%20alcalde%20de%20Cisnes%20con%20la%20participaci%C3%B3n%20y%20la%20democracia&#038;url=https:\/\/radiorevelacionfm.cl\/?p=18236' aria-hidden='false' data-av_icon='\ue8fc' data-av_iconfont='entypo-fontello' title='' data-avia-related-tooltip='Compartir en LinkedIn' rel=\"noopener\"><span class='avia_hidden_link_text'>Compartir en LinkedIn<\/span><\/a><\/li><li class='av-share-link av-social-link-mail' ><a  aria-label=\"Compartir por correo\" href='mailto:?subject=La%20dif%C3%ADcil%20relaci%C3%B3n%20del%20alcalde%20de%20Cisnes%20con%20la%20participaci%C3%B3n%20y%20la%20democracia&#038;body=https:\/\/radiorevelacionfm.cl\/?p=18236' aria-hidden='false' data-av_icon='\ue805' data-av_iconfont='entypo-fontello' title='' data-avia-related-tooltip='Compartir por correo'><span class='avia_hidden_link_text'>Compartir por correo<\/span><\/a><\/li><\/ul><\/div><\/div>\n<div  style='height:50px' class='hr hr-invisible   avia-builder-el-8  el_after_av_social_share  el_before_av_comments_list '><span class='hr-inner ' ><span class='hr-inner-style'><\/span><\/span><\/div>\n<div  class='av-buildercomment  av-blog-meta-html-info-disabled av-blog-meta-tag-disabled  '><\/div>\n","protected":false},"excerpt":{"rendered":"","protected":false},"author":1,"featured_media":18237,"comment_status":"open","ping_status":"open","sticky":false,"template":"","format":"standard","meta":{"footnotes":""},"categories":[38],"tags":[],"class_list":["post-18236","post","type-post","status-publish","format-standard","has-post-thumbnail","hentry","category-regional"],"jetpack_featured_media_url":"https:\/\/radiorevelacionfm.cl\/wp-content\/uploads\/2022\/06\/alcalde-cisnes-1-1.jpg","_links":{"self":[{"href":"https:\/\/radiorevelacionfm.cl\/index.php?rest_route=\/wp\/v2\/posts\/18236","targetHints":{"allow":["GET"]}}],"collection":[{"href":"https:\/\/radiorevelacionfm.cl\/index.php?rest_route=\/wp\/v2\/posts"}],"about":[{"href":"https:\/\/radiorevelacionfm.cl\/index.php?rest_route=\/wp\/v2\/types\/post"}],"author":[{"embeddable":true,"href":"https:\/\/radiorevelacionfm.cl\/index.php?rest_route=\/wp\/v2\/users\/1"}],"replies":[{"embeddable":true,"href":"https:\/\/radiorevelacionfm.cl\/index.php?rest_route=%2Fwp%2Fv2%2Fcomments&post=18236"}],"version-history":[{"count":2,"href":"https:\/\/radiorevelacionfm.cl\/index.php?rest_route=\/wp\/v2\/posts\/18236\/revisions"}],"predecessor-version":[{"id":18239,"href":"https:\/\/radiorevelacionfm.cl\/index.php?rest_route=\/wp\/v2\/posts\/18236\/revisions\/18239"}],"wp:featuredmedia":[{"embeddable":true,"href":"https:\/\/radiorevelacionfm.cl\/index.php?rest_route=\/wp\/v2\/media\/18237"}],"wp:attachment":[{"href":"https:\/\/radiorevelacionfm.cl\/index.php?rest_route=%2Fwp%2Fv2%2Fmedia&parent=18236"}],"wp:term":[{"taxonomy":"category","embeddable":true,"href":"https:\/\/radiorevelacionfm.cl\/index.php?rest_route=%2Fwp%2Fv2%2Fcategories&post=18236"},{"taxonomy":"post_tag","embeddable":true,"href":"https:\/\/radiorevelacionfm.cl\/index.php?rest_route=%2Fwp%2Fv2%2Ftags&post=18236"}],"curies":[{"name":"wp","href":"https:\/\/api.w.org\/{rel}","templated":true}]}}