{"id":18233,"date":"2022-06-21T13:07:56","date_gmt":"2022-06-21T16:07:56","guid":{"rendered":"https:\/\/radiorevelacionfm.cl\/?p=18233"},"modified":"2022-06-21T13:16:09","modified_gmt":"2022-06-21T16:16:09","slug":"temperaturas-podrian-superar-los-10-grados-bajo-cero-en-la-region-de-aysen","status":"publish","type":"post","link":"https:\/\/radiorevelacionfm.cl\/?p=18233","title":{"rendered":"Ola de fr\u00edo: Temperaturas superar\u00edan los 10 grados bajo cero en la regi\u00f3n de Ays\u00e9n"},"content":{"rendered":"<div class=\"flex_column av_one_full  flex_column_div av-zero-column-padding first  avia-builder-el-0  el_before_av_one_full  avia-builder-el-first  \" style='border-radius:0px; '><div  class='avia-image-container  av-styling-    avia-builder-el-1  avia-builder-el-no-sibling  avia-align-center '  itemprop=\"image\" itemscope=\"itemscope\" itemtype=\"https:\/\/schema.org\/ImageObject\"  ><div class='avia-image-container-inner'><div class='avia-image-overlay-wrap'><img decoding=\"async\" class='wp-image-18234 avia-img-lazy-loading-not-18234 avia_image' src=\"https:\/\/radiorevelacionfm.cl\/wp-content\/uploads\/2022\/06\/Ruta-con-escarcha0-1-1.jpg\" alt='' title='Ruta-con-escarcha0 (1) (1)' height=\"600\" width=\"868\"  itemprop=\"thumbnailUrl\" srcset=\"https:\/\/radiorevelacionfm.cl\/wp-content\/uploads\/2022\/06\/Ruta-con-escarcha0-1-1.jpg 868w, https:\/\/radiorevelacionfm.cl\/wp-content\/uploads\/2022\/06\/Ruta-con-escarcha0-1-1-300x207.jpg 300w, https:\/\/radiorevelacionfm.cl\/wp-content\/uploads\/2022\/06\/Ruta-con-escarcha0-1-1-768x531.jpg 768w, https:\/\/radiorevelacionfm.cl\/wp-content\/uploads\/2022\/06\/Ruta-con-escarcha0-1-1-705x487.jpg 705w, https:\/\/radiorevelacionfm.cl\/wp-content\/uploads\/2022\/06\/Ruta-con-escarcha0-1-1-600x415.jpg 600w\" sizes=\"(max-width: 868px) 100vw, 868px\" \/><\/div><\/div><\/div><\/div>\n<div class=\"flex_column av_one_full  flex_column_div av-zero-column-padding first  avia-builder-el-2  el_after_av_one_full  el_before_av_one_full  column-top-margin\" style='border-radius:0px; '><section class=\"av_textblock_section \"  itemscope=\"itemscope\" itemtype=\"https:\/\/schema.org\/BlogPosting\" itemprop=\"blogPost\" ><div class='avia_textblock  '   itemprop=\"text\" ><p style=\"text-align: center;\"><strong><span style=\"font-size: 18pt;\">Ola de fr\u00edo: Temperaturas superar\u00edan los 10 grados bajo cero en la regi\u00f3n de Ays\u00e9n<\/span><\/strong><\/p>\n<div id=\"gtx-trans\" style=\"position: absolute; left: -50px; top: 4.31534px;\">\n<div class=\"gtx-trans-icon\"><\/div>\n<\/div>\n<\/div><\/section><\/div><div class=\"flex_column av_one_full  flex_column_div av-zero-column-padding first  avia-builder-el-4  el_after_av_one_full  el_before_av_hr  column-top-margin\" style='border-radius:0px; '><section class=\"av_textblock_section \"  itemscope=\"itemscope\" itemtype=\"https:\/\/schema.org\/BlogPosting\" itemprop=\"blogPost\" ><div class='avia_textblock  '   itemprop=\"text\" ><p style=\"text-align: justify;\">Entre los d\u00edas martes 21 y s\u00e1bado 25 de junio, no se esperan precipitaciones en la regi\u00f3n de Ays\u00e9n.<\/p>\n<p style=\"text-align: justify;\">Sin embargo, durante esos d\u00edas se pronostican heladas entre d\u00e9biles a moderadas en la regi\u00f3n, es decir que se esperan temperaturas m\u00ednimas que podr\u00edan estar en un rango entre 0\u00b0C a -8\u00b0C aproximadamente. Este periodo seco y fr\u00edo se deber\u00e1 a la presencia de una alta presi\u00f3n atmosf\u00e9rica frente al extremo sur de Chile, la cual bloquea el paso de ciclones y sistemas frontales (los que aportan precipitaci\u00f3n), adem\u00e1s de transportar aire muy fr\u00edo de latitudes m\u00e1s altas hacia la regi\u00f3n. Esta alta de bloqueo seguir\u00e1 estando presente hasta el viernes 24 y se espera que sea seguida por el paso de un cicl\u00f3n extratropical a principios de la pr\u00f3xima semana. Por otro lado, el \u00abdesprendimiento\u00bb de un anticicl\u00f3n migratorio desde esta alta de bloqueo, mantendr\u00e1 condiciones de alta estabilidad atmosf\u00e9rica en la regi\u00f3n entre los d\u00edas martes y jueves, lo cual favorecer\u00e1 el desarrollo de eventos cr\u00edticos de material particulado en Coyhaique (principalmente el d\u00eda martes 21). Evidentemente, la altura de la isoterma 0\u00b0C se mantendr\u00e1 a nivel superficial durante los pr\u00f3ximos d\u00edas, al menos hasta el d\u00eda 25 donde se espera que la alta presi\u00f3n logre cruzar el extremo sur del continente. Debido a las bajas temperaturas se reitera el llamado a tomar las precauciones correspondientes por heladas moderadas en la regi\u00f3n, espec\u00edficamente por el congelamiento de rutas, la exposici\u00f3n de poblaci\u00f3n vulnerable a bajas temperaturas y la afecci\u00f3n a predios agr\u00edcolas y ganaderos.<\/p>\n<p style=\"text-align: justify;\">Pron\u00f3stico obtenido el d\u00eda 20 de junio (a las 16:00) de la temperatura en algunas localidades de la regi\u00f3n de Ays\u00e9n. Los valores presentados pueden sobrestimar la magnitud de las heladas, sobre todo en localidades m\u00e1s costeras. (Fuente: <a href=\"https:\/\/www.meteored.cl\/\"><u>https:\/\/www.meteored.cl\/<\/u><\/a>).<\/p>\n<table>\n<tbody>\n<tr>\n<td rowspan=\"2\" width=\"83\"><strong>Localidad<\/strong><\/td>\n<td colspan=\"5\" width=\"580\"><strong>Temperatura m\u00ednima\/m\u00e1xima (\u00b0C)<\/strong><\/td>\n<\/tr>\n<tr>\n<td width=\"115\"><strong>Martes 21<\/strong><\/td>\n<td width=\"121\"><strong>Mi\u00e9rcoles<\/strong> <strong>22<\/strong><\/td>\n<td width=\"101\"><strong>Jueves 23<\/strong><\/td>\n<td width=\"111\"><strong>Viernes<\/strong> <strong>24<\/strong><\/td>\n<td width=\"132\"><strong>S\u00e1bado 25<\/strong><\/td>\n<\/tr>\n<tr>\n<td width=\"83\"><strong>P. Raul Marin<\/strong><\/td>\n<td width=\"115\">-1\/5<\/td>\n<td width=\"121\">-3\/6<\/td>\n<td width=\"101\">0\/7<\/td>\n<td width=\"111\">1\/6<\/td>\n<td width=\"132\">-1\/8<\/td>\n<\/tr>\n<tr>\n<td width=\"83\"><strong>La Junta<\/strong><\/td>\n<td width=\"115\">-7\/4<\/td>\n<td width=\"121\">-9\/4<\/td>\n<td width=\"101\">-4\/4<\/td>\n<td width=\"111\">-3\/4<\/td>\n<td width=\"132\">-5\/5<\/td>\n<\/tr>\n<tr>\n<td width=\"83\"><strong>Lago Verde<\/strong><\/td>\n<td width=\"115\">-8\/0<\/td>\n<td width=\"121\">-10\/1<\/td>\n<td width=\"101\">-6\/2<\/td>\n<td width=\"111\">-6\/1<\/td>\n<td width=\"132\">-7\/4<\/td>\n<\/tr>\n<tr>\n<td width=\"83\"><strong>Puyuhuapi<\/strong><\/td>\n<td width=\"115\">-4\/3<\/td>\n<td width=\"121\">-4\/4<\/td>\n<td width=\"101\">-3\/5<\/td>\n<td width=\"111\">-3\/4<\/td>\n<td width=\"132\">-2\/7<\/td>\n<\/tr>\n<tr>\n<td width=\"83\"><strong>Pto. Cisnes<\/strong><\/td>\n<td width=\"115\">-6\/3<\/td>\n<td width=\"121\">-8\/2<\/td>\n<td width=\"101\">-7\/3<\/td>\n<td width=\"111\">-4\/5<\/td>\n<td width=\"132\">-7\/5<\/td>\n<\/tr>\n<tr>\n<td width=\"83\"><strong>Pto.<\/strong> <strong>Ays\u00e9n<\/strong><\/td>\n<td width=\"115\">-9\/4<\/td>\n<td width=\"121\">-12\/5<\/td>\n<td width=\"101\">-11\/4<\/td>\n<td width=\"111\">-7\/6<\/td>\n<td width=\"132\">-9\/4<\/td>\n<\/tr>\n<\/tbody>\n<\/table>\n<table>\n<tbody>\n<tr>\n<td width=\"83\"><strong>Coyhaique<\/strong><\/td>\n<td width=\"115\">-10\/3<\/td>\n<td width=\"121\">-11\/4<\/td>\n<td width=\"101\">-11\/4<\/td>\n<td width=\"111\">-5\/3<\/td>\n<td width=\"132\">-8\/4<\/td>\n<\/tr>\n<tr>\n<td width=\"83\"><strong>Balmaceda<\/strong><\/td>\n<td width=\"115\">-6\/1<\/td>\n<td width=\"121\">-5\/3<\/td>\n<td width=\"101\">-6\/3<\/td>\n<td width=\"111\">-5\/2<\/td>\n<td width=\"132\">-5\/1<\/td>\n<\/tr>\n<tr>\n<td width=\"83\"><strong>Bah\u00eda Murta<\/strong><\/td>\n<td width=\"115\">-2\/2<\/td>\n<td width=\"121\">-3\/2<\/td>\n<td width=\"101\">-3\/2<\/td>\n<td width=\"111\">-3\/2<\/td>\n<td width=\"132\">-3\/3<\/td>\n<\/tr>\n<tr>\n<td width=\"83\"><strong>Pto. Guadal<\/strong><\/td>\n<td width=\"115\">-1\/3<\/td>\n<td width=\"121\">-2\/3<\/td>\n<td width=\"101\">-3\/3<\/td>\n<td width=\"111\">-3\/2<\/td>\n<td width=\"132\">-4\/2<\/td>\n<\/tr>\n<tr>\n<td width=\"83\"><strong>Chile Chico<\/strong><\/td>\n<td width=\"115\">-1\/2<\/td>\n<td width=\"121\">-3\/3<\/td>\n<td width=\"101\">-2\/2<\/td>\n<td width=\"111\">-2\/3<\/td>\n<td width=\"132\">-2\/3<\/td>\n<\/tr>\n<tr>\n<td width=\"83\"><strong>P. R. Tranquilo<\/strong><\/td>\n<td width=\"115\">-3\/2<\/td>\n<td width=\"121\">-3\/2<\/td>\n<td width=\"101\">-4\/1<\/td>\n<td width=\"111\">-4\/1<\/td>\n<td width=\"132\">-4\/1<\/td>\n<\/tr>\n<tr>\n<td width=\"83\"><strong>Cochrane<\/strong><\/td>\n<td width=\"115\">-8\/0<\/td>\n<td width=\"121\">-10\/0<\/td>\n<td width=\"101\">-9\/0<\/td>\n<td width=\"111\">-10\/1<\/td>\n<td width=\"132\">-10\/0<\/td>\n<\/tr>\n<tr>\n<td width=\"83\"><strong>Caleta Tortel<\/strong><\/td>\n<td width=\"115\">-7\/0<\/td>\n<td width=\"121\">-8\/-1<\/td>\n<td width=\"101\">-10\/-2<\/td>\n<td width=\"111\">-8\/-3<\/td>\n<td width=\"132\">-8\/0<\/td>\n<\/tr>\n<tr>\n<td width=\"83\"><strong>Villa O\u2019Higgins<\/strong><\/td>\n<td width=\"115\">-4\/0<\/td>\n<td width=\"121\">-2\/1<\/td>\n<td width=\"101\">-4\/0<\/td>\n<td width=\"111\">-4\/-1<\/td>\n<td width=\"132\">-4\/1<\/td>\n<\/tr>\n<\/tbody>\n<\/table>\n<\/div><\/section><\/div><\/p>\n<div  style='height:50px' class='hr hr-invisible   avia-builder-el-6  el_after_av_one_full  el_before_av_social_share '><span class='hr-inner ' ><span class='hr-inner-style'><\/span><\/span><\/div>\n<div  class='av-social-sharing-box  avia-builder-el-7  el_after_av_hr  el_before_av_hr  '><div class='av-share-box'><h5 class='av-share-link-description av-no-toc '>Compartir esta noticia<\/h5><ul class='av-share-box-list noLightbox'><li class='av-share-link av-social-link-facebook' ><a target=\"_blank\" aria-label=\"Compartir en Facebook\" href='https:\/\/www.facebook.com\/sharer.php?u=https:\/\/radiorevelacionfm.cl\/?p=18233&#038;t=Ola%20de%20fr%C3%ADo%3A%20Temperaturas%20superar%C3%ADan%20los%2010%20grados%20bajo%20cero%20en%20la%20regi%C3%B3n%20de%20Ays%C3%A9n' aria-hidden='false' data-av_icon='\ue8f3' data-av_iconfont='entypo-fontello' title='' data-avia-related-tooltip='Compartir en Facebook' rel=\"noopener\"><span class='avia_hidden_link_text'>Compartir en Facebook<\/span><\/a><\/li><li class='av-share-link av-social-link-twitter' ><a target=\"_blank\" aria-label=\"Compartir en Twitter\" href='https:\/\/twitter.com\/share?text=Ola%20de%20fr%C3%ADo%3A%20Temperaturas%20superar%C3%ADan%20los%2010%20grados%20bajo%20cero%20en%20la%20regi%C3%B3n%20de%20Ays%C3%A9n&#038;url=https:\/\/radiorevelacionfm.cl\/?p=18233' aria-hidden='false' data-av_icon='\ue8f1' data-av_iconfont='entypo-fontello' title='' data-avia-related-tooltip='Compartir en Twitter' rel=\"noopener\"><span class='avia_hidden_link_text'>Compartir en Twitter<\/span><\/a><\/li><li class='av-share-link av-social-link-whatsapp' ><a target=\"_blank\" aria-label=\"Compartir en Whatsapp\" href='https:\/\/api.whatsapp.com\/send?text=https:\/\/radiorevelacionfm.cl\/?p=18233' aria-hidden='false' data-av_icon='\uf232' data-av_iconfont='entypo-fontello' title='' data-avia-related-tooltip='Compartir en Whatsapp' rel=\"noopener\"><span class='avia_hidden_link_text'>Compartir en Whatsapp<\/span><\/a><\/li><li class='av-share-link av-social-link-linkedin' ><a target=\"_blank\" aria-label=\"Compartir en LinkedIn\" href='https:\/\/linkedin.com\/shareArticle?mini=true&#038;title=Ola%20de%20fr%C3%ADo%3A%20Temperaturas%20superar%C3%ADan%20los%2010%20grados%20bajo%20cero%20en%20la%20regi%C3%B3n%20de%20Ays%C3%A9n&#038;url=https:\/\/radiorevelacionfm.cl\/?p=18233' aria-hidden='false' data-av_icon='\ue8fc' data-av_iconfont='entypo-fontello' title='' data-avia-related-tooltip='Compartir en LinkedIn' rel=\"noopener\"><span class='avia_hidden_link_text'>Compartir en LinkedIn<\/span><\/a><\/li><li class='av-share-link av-social-link-mail' ><a  aria-label=\"Compartir por correo\" href='mailto:?subject=Ola%20de%20fr%C3%ADo%3A%20Temperaturas%20superar%C3%ADan%20los%2010%20grados%20bajo%20cero%20en%20la%20regi%C3%B3n%20de%20Ays%C3%A9n&#038;body=https:\/\/radiorevelacionfm.cl\/?p=18233' aria-hidden='false' data-av_icon='\ue805' data-av_iconfont='entypo-fontello' title='' data-avia-related-tooltip='Compartir por correo'><span class='avia_hidden_link_text'>Compartir por correo<\/span><\/a><\/li><\/ul><\/div><\/div>\n<div  style='height:50px' class='hr hr-invisible   avia-builder-el-8  el_after_av_social_share  el_before_av_comments_list '><span class='hr-inner ' ><span class='hr-inner-style'><\/span><\/span><\/div>\n<div  class='av-buildercomment  av-blog-meta-html-info-disabled av-blog-meta-tag-disabled  '><\/div>\n","protected":false},"excerpt":{"rendered":"","protected":false},"author":1,"featured_media":18234,"comment_status":"open","ping_status":"open","sticky":false,"template":"","format":"standard","meta":{"footnotes":""},"categories":[38],"tags":[],"class_list":["post-18233","post","type-post","status-publish","format-standard","has-post-thumbnail","hentry","category-regional"],"jetpack_featured_media_url":"https:\/\/radiorevelacionfm.cl\/wp-content\/uploads\/2022\/06\/Ruta-con-escarcha0-1-1.jpg","_links":{"self":[{"href":"https:\/\/radiorevelacionfm.cl\/index.php?rest_route=\/wp\/v2\/posts\/18233","targetHints":{"allow":["GET"]}}],"collection":[{"href":"https:\/\/radiorevelacionfm.cl\/index.php?rest_route=\/wp\/v2\/posts"}],"about":[{"href":"https:\/\/radiorevelacionfm.cl\/index.php?rest_route=\/wp\/v2\/types\/post"}],"author":[{"embeddable":true,"href":"https:\/\/radiorevelacionfm.cl\/index.php?rest_route=\/wp\/v2\/users\/1"}],"replies":[{"embeddable":true,"href":"https:\/\/radiorevelacionfm.cl\/index.php?rest_route=%2Fwp%2Fv2%2Fcomments&post=18233"}],"version-history":[{"count":4,"href":"https:\/\/radiorevelacionfm.cl\/index.php?rest_route=\/wp\/v2\/posts\/18233\/revisions"}],"predecessor-version":[{"id":18241,"href":"https:\/\/radiorevelacionfm.cl\/index.php?rest_route=\/wp\/v2\/posts\/18233\/revisions\/18241"}],"wp:featuredmedia":[{"embeddable":true,"href":"https:\/\/radiorevelacionfm.cl\/index.php?rest_route=\/wp\/v2\/media\/18234"}],"wp:attachment":[{"href":"https:\/\/radiorevelacionfm.cl\/index.php?rest_route=%2Fwp%2Fv2%2Fmedia&parent=18233"}],"wp:term":[{"taxonomy":"category","embeddable":true,"href":"https:\/\/radiorevelacionfm.cl\/index.php?rest_route=%2Fwp%2Fv2%2Fcategories&post=18233"},{"taxonomy":"post_tag","embeddable":true,"href":"https:\/\/radiorevelacionfm.cl\/index.php?rest_route=%2Fwp%2Fv2%2Ftags&post=18233"}],"curies":[{"name":"wp","href":"https:\/\/api.w.org\/{rel}","templated":true}]}}