{"id":18228,"date":"2022-06-20T19:41:34","date_gmt":"2022-06-20T22:41:34","guid":{"rendered":"https:\/\/radiorevelacionfm.cl\/?p=18228"},"modified":"2022-06-20T19:41:34","modified_gmt":"2022-06-20T22:41:34","slug":"preparan-documentacion-para-avanzar-en-proyecto-de-liceo-en-islas-huichas","status":"publish","type":"post","link":"https:\/\/radiorevelacionfm.cl\/?p=18228","title":{"rendered":"Preparan documentaci\u00f3n para avanzar en proyecto de liceo en Islas Huichas"},"content":{"rendered":"<div class=\"flex_column av_one_full  flex_column_div av-zero-column-padding first  avia-builder-el-0  el_before_av_one_full  avia-builder-el-first  \" style='border-radius:0px; '><div  class='avia-image-container  av-styling-    avia-builder-el-1  avia-builder-el-no-sibling  avia-align-center '  itemprop=\"image\" itemscope=\"itemscope\" itemtype=\"https:\/\/schema.org\/ImageObject\"  ><div class='avia-image-container-inner'><div class='avia-image-overlay-wrap'><img decoding=\"async\" class='wp-image-18229 avia-img-lazy-loading-not-18229 avia_image' src=\"https:\/\/radiorevelacionfm.cl\/wp-content\/uploads\/2022\/06\/Fotografia-firma-documentos1-1-1.jpg\" alt='' title='Fotograf\u00eda firma documentos1 (1) (1)' height=\"600\" width=\"1052\"  itemprop=\"thumbnailUrl\" srcset=\"https:\/\/radiorevelacionfm.cl\/wp-content\/uploads\/2022\/06\/Fotografia-firma-documentos1-1-1.jpg 1052w, https:\/\/radiorevelacionfm.cl\/wp-content\/uploads\/2022\/06\/Fotografia-firma-documentos1-1-1-300x171.jpg 300w, https:\/\/radiorevelacionfm.cl\/wp-content\/uploads\/2022\/06\/Fotografia-firma-documentos1-1-1-1030x587.jpg 1030w, https:\/\/radiorevelacionfm.cl\/wp-content\/uploads\/2022\/06\/Fotografia-firma-documentos1-1-1-768x438.jpg 768w, https:\/\/radiorevelacionfm.cl\/wp-content\/uploads\/2022\/06\/Fotografia-firma-documentos1-1-1-705x402.jpg 705w, https:\/\/radiorevelacionfm.cl\/wp-content\/uploads\/2022\/06\/Fotografia-firma-documentos1-1-1-600x342.jpg 600w\" sizes=\"(max-width: 1052px) 100vw, 1052px\" \/><\/div><\/div><\/div><\/div><div class=\"flex_column av_one_full  flex_column_div av-zero-column-padding first  avia-builder-el-2  el_after_av_one_full  el_before_av_one_full  column-top-margin\" style='border-radius:0px; '><section class=\"av_textblock_section \"  itemscope=\"itemscope\" itemtype=\"https:\/\/schema.org\/BlogPosting\" itemprop=\"blogPost\" ><div class='avia_textblock  '   itemprop=\"text\" ><p style=\"text-align: center;\"><strong><span style=\"font-size: 18pt;\">Preparan documentaci\u00f3n para avanzar en proyecto de liceo en Islas Huichas<\/span><\/strong><\/p>\n<div id=\"gtx-trans\" style=\"position: absolute; left: -50px; top: 4.31534px;\">\n<div class=\"gtx-trans-icon\"><\/div>\n<\/div>\n<\/div><\/section><\/div><div class=\"flex_column av_one_full  flex_column_div av-zero-column-padding first  avia-builder-el-4  el_after_av_one_full  el_before_av_hr  column-top-margin\" style='border-radius:0px; '><section class=\"av_textblock_section \"  itemscope=\"itemscope\" itemtype=\"https:\/\/schema.org\/BlogPosting\" itemprop=\"blogPost\" ><div class='avia_textblock  '   itemprop=\"text\" ><p style=\"text-align: justify;\">A pocos d\u00edas de concluir junio y con una propuesta en base al trabajo municipal y de la comunidad educativa, arrib\u00f3 el director de la Escuela Pedro Aguirre Cerda de Islas Huichas, Eduardo Ram\u00edrez, a la capital comunal para firmar con el alcalde Julio Uribe Alvarado la documentaci\u00f3n que dar\u00e1 paso a ampliar la oferta formativa en territorio insular.<\/p>\n<p style=\"text-align: justify;\">Luego de la reuni\u00f3n efectuada el 31 de mayo, en un Consejo Escolar ante la localidad de Puerto Aguirre, del cual particip\u00f3 la seremi de Educaci\u00f3n, Isabel Garrido, adem\u00e1s de otras autoridades, se estableci\u00f3 la entrega de antecedentes pedag\u00f3gicos y de infraestructura a la Secretar\u00eda Regional Ministerial de Educaci\u00f3n de Ays\u00e9n para avanzar en la creaci\u00f3n de ense\u00f1anza media en el establecimiento.<\/p>\n<p style=\"text-align: justify;\">Un sue\u00f1o que viene plante\u00e1ndose de hace a\u00f1os por los lugare\u00f1os ante la necesidad de disponer de un liceo que permita la formaci\u00f3n de ni\u00f1as y ni\u00f1os, sin que deban viajar a Puerto Ays\u00e9n. \u201cEstamos felices porque eso va a permitir que muchas familias huichanas tengan por fin la oportunidad de que sus hijos se mantengan en la Isla estudiando y con esto no permitir el desarraigo a tan temprana edad, que deban salir para poder estudiar\u201d, sostuvo el director.<\/p>\n<p style=\"text-align: justify;\">El proyecto contempla la creaci\u00f3n de un primero y segundo medio con el fin de proseguir los estudios una vez concluido octavo b\u00e1sico. Adem\u00e1s, una de las novedades es la ampliaci\u00f3n de la cobertura educativa para adultos con el objetivo de completar su ense\u00f1anza b\u00e1sica.<\/p>\n<p style=\"text-align: justify;\">En esa l\u00ednea, la m\u00e1xima autoridad comunal se mostr\u00f3 alegre, pues los esfuerzos van concret\u00e1ndose para alcanzar una realidad que parec\u00eda lejana. \u201cEstamos firmando la documentaci\u00f3n que va a la seremi de Educaci\u00f3n, luego al Ministerio para la aprobaci\u00f3n y as\u00ed contar con el tan anhelado liceo de Islas Huichas, espec\u00edficamente en Puerto Aguirre\u201d, sostuvo Uribe, quien ha respaldado la gesti\u00f3n con especial compromiso desde su inicio.<\/p>\n<p style=\"text-align: justify;\">\u201cCreo que esto va a ser un hito hist\u00f3rico. Agradecemos la gesti\u00f3n del alcalde, de los equipos t\u00e9cnicos del DAE (Direcci\u00f3n de Asuntos Estudiantiles) encabezados por su nuevo director de DEM (Direcci\u00f3n de Educaci\u00f3n Municipal); pero tambi\u00e9n a la unidad de arquitectura\u201d, cerr\u00f3 Ram\u00edrez.<\/p>\n<\/div><\/section><\/div><div  style='height:50px' class='hr hr-invisible   avia-builder-el-6  el_after_av_one_full  el_before_av_social_share '><span class='hr-inner ' ><span class='hr-inner-style'><\/span><\/span><\/div><\/p>\n<div  class='av-social-sharing-box  avia-builder-el-7  el_after_av_hr  el_before_av_hr  '><div class='av-share-box'><h5 class='av-share-link-description av-no-toc '>Compartir esta noticia<\/h5><ul class='av-share-box-list noLightbox'><li class='av-share-link av-social-link-facebook' ><a target=\"_blank\" aria-label=\"Compartir en Facebook\" href='https:\/\/www.facebook.com\/sharer.php?u=https:\/\/radiorevelacionfm.cl\/?p=18228&#038;t=Preparan%20documentaci%C3%B3n%20para%20avanzar%20en%20proyecto%20de%20liceo%20en%20Islas%20Huichas' aria-hidden='false' data-av_icon='\ue8f3' data-av_iconfont='entypo-fontello' title='' data-avia-related-tooltip='Compartir en Facebook' rel=\"noopener\"><span class='avia_hidden_link_text'>Compartir en Facebook<\/span><\/a><\/li><li class='av-share-link av-social-link-twitter' ><a target=\"_blank\" aria-label=\"Compartir en Twitter\" href='https:\/\/twitter.com\/share?text=Preparan%20documentaci%C3%B3n%20para%20avanzar%20en%20proyecto%20de%20liceo%20en%20Islas%20Huichas&#038;url=https:\/\/radiorevelacionfm.cl\/?p=18228' aria-hidden='false' data-av_icon='\ue8f1' data-av_iconfont='entypo-fontello' title='' data-avia-related-tooltip='Compartir en Twitter' rel=\"noopener\"><span class='avia_hidden_link_text'>Compartir en Twitter<\/span><\/a><\/li><li class='av-share-link av-social-link-whatsapp' ><a target=\"_blank\" aria-label=\"Compartir en Whatsapp\" href='https:\/\/api.whatsapp.com\/send?text=https:\/\/radiorevelacionfm.cl\/?p=18228' aria-hidden='false' data-av_icon='\uf232' data-av_iconfont='entypo-fontello' title='' data-avia-related-tooltip='Compartir en Whatsapp' rel=\"noopener\"><span class='avia_hidden_link_text'>Compartir en Whatsapp<\/span><\/a><\/li><li class='av-share-link av-social-link-linkedin' ><a target=\"_blank\" aria-label=\"Compartir en LinkedIn\" href='https:\/\/linkedin.com\/shareArticle?mini=true&#038;title=Preparan%20documentaci%C3%B3n%20para%20avanzar%20en%20proyecto%20de%20liceo%20en%20Islas%20Huichas&#038;url=https:\/\/radiorevelacionfm.cl\/?p=18228' aria-hidden='false' data-av_icon='\ue8fc' data-av_iconfont='entypo-fontello' title='' data-avia-related-tooltip='Compartir en LinkedIn' rel=\"noopener\"><span class='avia_hidden_link_text'>Compartir en LinkedIn<\/span><\/a><\/li><li class='av-share-link av-social-link-mail' ><a  aria-label=\"Compartir por correo\" href='mailto:?subject=Preparan%20documentaci%C3%B3n%20para%20avanzar%20en%20proyecto%20de%20liceo%20en%20Islas%20Huichas&#038;body=https:\/\/radiorevelacionfm.cl\/?p=18228' aria-hidden='false' data-av_icon='\ue805' data-av_iconfont='entypo-fontello' title='' data-avia-related-tooltip='Compartir por correo'><span class='avia_hidden_link_text'>Compartir por correo<\/span><\/a><\/li><\/ul><\/div><\/div>\n<div  style='height:50px' class='hr hr-invisible   avia-builder-el-8  el_after_av_social_share  el_before_av_comments_list '><span class='hr-inner ' ><span class='hr-inner-style'><\/span><\/span><\/div>\n<div  class='av-buildercomment  av-blog-meta-html-info-disabled av-blog-meta-tag-disabled  '><\/div>\n","protected":false},"excerpt":{"rendered":"","protected":false},"author":1,"featured_media":18229,"comment_status":"open","ping_status":"open","sticky":false,"template":"","format":"standard","meta":{"footnotes":""},"categories":[38],"tags":[],"class_list":["post-18228","post","type-post","status-publish","format-standard","has-post-thumbnail","hentry","category-regional"],"jetpack_featured_media_url":"https:\/\/radiorevelacionfm.cl\/wp-content\/uploads\/2022\/06\/Fotografia-firma-documentos1-1-1.jpg","_links":{"self":[{"href":"https:\/\/radiorevelacionfm.cl\/index.php?rest_route=\/wp\/v2\/posts\/18228","targetHints":{"allow":["GET"]}}],"collection":[{"href":"https:\/\/radiorevelacionfm.cl\/index.php?rest_route=\/wp\/v2\/posts"}],"about":[{"href":"https:\/\/radiorevelacionfm.cl\/index.php?rest_route=\/wp\/v2\/types\/post"}],"author":[{"embeddable":true,"href":"https:\/\/radiorevelacionfm.cl\/index.php?rest_route=\/wp\/v2\/users\/1"}],"replies":[{"embeddable":true,"href":"https:\/\/radiorevelacionfm.cl\/index.php?rest_route=%2Fwp%2Fv2%2Fcomments&post=18228"}],"version-history":[{"count":2,"href":"https:\/\/radiorevelacionfm.cl\/index.php?rest_route=\/wp\/v2\/posts\/18228\/revisions"}],"predecessor-version":[{"id":18231,"href":"https:\/\/radiorevelacionfm.cl\/index.php?rest_route=\/wp\/v2\/posts\/18228\/revisions\/18231"}],"wp:featuredmedia":[{"embeddable":true,"href":"https:\/\/radiorevelacionfm.cl\/index.php?rest_route=\/wp\/v2\/media\/18229"}],"wp:attachment":[{"href":"https:\/\/radiorevelacionfm.cl\/index.php?rest_route=%2Fwp%2Fv2%2Fmedia&parent=18228"}],"wp:term":[{"taxonomy":"category","embeddable":true,"href":"https:\/\/radiorevelacionfm.cl\/index.php?rest_route=%2Fwp%2Fv2%2Fcategories&post=18228"},{"taxonomy":"post_tag","embeddable":true,"href":"https:\/\/radiorevelacionfm.cl\/index.php?rest_route=%2Fwp%2Fv2%2Ftags&post=18228"}],"curies":[{"name":"wp","href":"https:\/\/api.w.org\/{rel}","templated":true}]}}