{"id":18221,"date":"2022-06-20T17:52:06","date_gmt":"2022-06-20T20:52:06","guid":{"rendered":"https:\/\/radiorevelacionfm.cl\/?p=18221"},"modified":"2022-06-20T17:52:06","modified_gmt":"2022-06-20T20:52:06","slug":"sernameg-presenta-querella-por-femicidio-frustrado-ocurrido-en-puerto-aysen","status":"publish","type":"post","link":"https:\/\/radiorevelacionfm.cl\/?p=18221","title":{"rendered":"SernamEG presenta querella por femicidio frustrado ocurrido en Puerto Ays\u00e9n"},"content":{"rendered":"<div class=\"flex_column av_one_full  flex_column_div av-zero-column-padding first  avia-builder-el-0  el_before_av_one_full  avia-builder-el-first  \" style='border-radius:0px; '><div  class='avia-image-container  av-styling-    avia-builder-el-1  avia-builder-el-no-sibling  avia-align-center '  itemprop=\"image\" itemscope=\"itemscope\" itemtype=\"https:\/\/schema.org\/ImageObject\"  ><div class='avia-image-container-inner'><div class='avia-image-overlay-wrap'><img decoding=\"async\" class='wp-image-18222 avia-img-lazy-loading-not-18222 avia_image' src=\"https:\/\/radiorevelacionfm.cl\/wp-content\/uploads\/2022\/06\/SernamEG-querella-FF-2-1-1.jpg\" alt='' title='SernamEG querella FF (2) (1) (1)' height=\"600\" width=\"901\"  itemprop=\"thumbnailUrl\" srcset=\"https:\/\/radiorevelacionfm.cl\/wp-content\/uploads\/2022\/06\/SernamEG-querella-FF-2-1-1.jpg 901w, https:\/\/radiorevelacionfm.cl\/wp-content\/uploads\/2022\/06\/SernamEG-querella-FF-2-1-1-300x200.jpg 300w, https:\/\/radiorevelacionfm.cl\/wp-content\/uploads\/2022\/06\/SernamEG-querella-FF-2-1-1-768x511.jpg 768w, https:\/\/radiorevelacionfm.cl\/wp-content\/uploads\/2022\/06\/SernamEG-querella-FF-2-1-1-705x469.jpg 705w, https:\/\/radiorevelacionfm.cl\/wp-content\/uploads\/2022\/06\/SernamEG-querella-FF-2-1-1-600x400.jpg 600w\" sizes=\"(max-width: 901px) 100vw, 901px\" \/><\/div><\/div><\/div><\/div><div class=\"flex_column av_one_full  flex_column_div av-zero-column-padding first  avia-builder-el-2  el_after_av_one_full  el_before_av_one_full  column-top-margin\" style='border-radius:0px; '><section class=\"av_textblock_section \"  itemscope=\"itemscope\" itemtype=\"https:\/\/schema.org\/BlogPosting\" itemprop=\"blogPost\" ><div class='avia_textblock  '   itemprop=\"text\" ><p style=\"text-align: center;\"><strong><span style=\"font-size: 18pt;\">SernamEG presenta querella por femicidio frustrado ocurrido en Puerto Ays\u00e9n<\/span><\/strong><\/p>\n<div id=\"gtx-trans\" style=\"position: absolute; left: -50px; top: 4.31534px;\">\n<div class=\"gtx-trans-icon\"><\/div>\n<\/div>\n<\/div><\/section><\/div><div class=\"flex_column av_one_full  flex_column_div av-zero-column-padding first  avia-builder-el-4  el_after_av_one_full  el_before_av_hr  column-top-margin\" style='border-radius:0px; '><section class=\"av_textblock_section \"  itemscope=\"itemscope\" itemtype=\"https:\/\/schema.org\/BlogPosting\" itemprop=\"blogPost\" ><div class='avia_textblock  '   itemprop=\"text\" ><p style=\"text-align: justify;\">A la espera de la audiencia de formalizaci\u00f3n del imputado por un caso de femicidio frustrado ocurrido en Puerto Ays\u00e9n en febrero pasado \u2013 la que est\u00e1 prevista para el pr\u00f3ximo 11 de julio &#8211; el Servicio Nacional de la Mujer y la Equidad de G\u00e9nero, SernamEG, present\u00f3 una querella criminal de forma virtual en el Juzgado de Letras y Garant\u00eda de Puerto Ays\u00e9n.<\/p>\n<p style=\"text-align: justify;\">La Directora Regional (S) de SernamEG, Carla Arriagada Malague\u00f1o, se refiri\u00f3 a la acci\u00f3n judicial, precisando que \u201ccorresponde a una de las funciones de nuestro Servicio representar legalmente a las mujeres que viven una situaci\u00f3n de violencia extrema, para que la persona responsable sea debidamente sancionada por la justicia. En este caso, dada la condici\u00f3n de salud de la v\u00edctima, debimos esperar hasta ahora. Sin embargo, en su oportunidad, se activ\u00f3 el Circuito Intersectorial de Femicidio que permiti\u00f3 realizar una coordinaci\u00f3n intersectorial para ir en apoyo de la mujer. Esperamos que se logre el m\u00e1ximo de la pena que permite la ley, ya que en el proceso de reparaci\u00f3n es primordial que haya una condena acorde al delito cometido\u201d.<\/p>\n<p style=\"text-align: justify;\">La oferta disponible del SernamEG en el territorio regional corresponde \u2013 en el caso de Coyhaique- al Centro de la Mujer Ray\u00e9n, direcci\u00f3n: Pasaje Aca Austral Esquina Empalme Aer\u00f3dromo, Coyhaique; tel\u00e9fonos: 67 \u2013 221 3178; 67 \u2013 221 3176 y WhatsApp +569 46151461; email:\u00a0<a href=\"mailto:centrorayen@gmail.com\">centrorayen@gmail.com<\/a>. En Puerto Ays\u00e9n se ubica el Centro de la Mujer Naa Alver\u00e9 en calle Teniente Merino 520, Puerto Ays\u00e9n; tel\u00e9fono: 67 \u2013233 4855 y celular: +56 9 7375 9406; email:\u00a0<a href=\"mailto:centrodelamujer@puertoaysen.cl\">centrodelamujer@puertoaysen.cl<\/a>. Finalmente, existe el Centro de Reeducaci\u00f3n de Hombres que Ejercen Violencia de Pareja, direcci\u00f3n: Sim\u00f3n Bol\u00edvar N\u00b0404, Coyhaique; tel\u00e9fono: +56 672273032 y una Casa de Acogida para mujeres en riesgo vital.<\/p>\n<p style=\"text-align: justify;\">Al 17 de junio de 2022, en Chile se registran 72 femicidios frustrados. Respecto a esta cifra, Carla Arriagada Malague\u00f1o, dijo: \u201ceste es un recordatorio de lo que a\u00fan queda por avanzar en la erradicaci\u00f3n de esta problem\u00e1tica sociocultural. De all\u00ed el llamado a que concurran\u00a0a los centros de la mujer, tanto personas que viven o vivieron alg\u00fan tipo de violencia de parte de su pareja o ex pareja, como aquellas que requieren informaci\u00f3n para apoyarlas. Es importante recordar que las denuncias se pueden presentar en Carabineros, Polic\u00eda de Investigaciones, Fiscal\u00eda o Tribunales de Familia, ya que s\u00f3lo de esta forma es posible activar el sistema de protecci\u00f3n que el Estado tiene para estos casos\u201d.<\/p>\n<p style=\"text-align: justify;\">Recuerda, si eres v\u00edctima o testigo de violencia, puedes comunicarte al fono orientaci\u00f3n del SernamEG 1455, atendido por especialistas las 24 horas del d\u00eda, los 7 d\u00edas de la semana, incluso sin saldo en el celular. Tambi\u00e9n puedes escribir al WhatsApp +569 9700 7000 o al Chat Web en\u00a0<a href=\"http:\/\/sernameg.gob.cl\/\" data-saferedirecturl=\"https:\/\/www.google.com\/url?q=http:\/\/sernameg.gob.cl&amp;source=gmail&amp;ust=1655843558544000&amp;usg=AOvVaw1jWezR5wdbblot3bbuwnJE\">sernameg.gob.cl<\/a><\/p>\n<\/div><\/section><\/div><div  style='height:50px' class='hr hr-invisible   avia-builder-el-6  el_after_av_one_full  el_before_av_social_share '><span class='hr-inner ' ><span class='hr-inner-style'><\/span><\/span><\/div><\/p>\n<div  class='av-social-sharing-box  avia-builder-el-7  el_after_av_hr  el_before_av_hr  '><div class='av-share-box'><h5 class='av-share-link-description av-no-toc '>Compartir esta noticia<\/h5><ul class='av-share-box-list noLightbox'><li class='av-share-link av-social-link-facebook' ><a target=\"_blank\" aria-label=\"Compartir en Facebook\" href='https:\/\/www.facebook.com\/sharer.php?u=https:\/\/radiorevelacionfm.cl\/?p=18221&#038;t=SernamEG%20presenta%20querella%20por%20femicidio%20frustrado%20ocurrido%20en%20Puerto%20Ays%C3%A9n' aria-hidden='false' data-av_icon='\ue8f3' data-av_iconfont='entypo-fontello' title='' data-avia-related-tooltip='Compartir en Facebook' rel=\"noopener\"><span class='avia_hidden_link_text'>Compartir en Facebook<\/span><\/a><\/li><li class='av-share-link av-social-link-twitter' ><a target=\"_blank\" aria-label=\"Compartir en Twitter\" href='https:\/\/twitter.com\/share?text=SernamEG%20presenta%20querella%20por%20femicidio%20frustrado%20ocurrido%20en%20Puerto%20Ays%C3%A9n&#038;url=https:\/\/radiorevelacionfm.cl\/?p=18221' aria-hidden='false' data-av_icon='\ue8f1' data-av_iconfont='entypo-fontello' title='' data-avia-related-tooltip='Compartir en Twitter' rel=\"noopener\"><span class='avia_hidden_link_text'>Compartir en Twitter<\/span><\/a><\/li><li class='av-share-link av-social-link-whatsapp' ><a target=\"_blank\" aria-label=\"Compartir en Whatsapp\" href='https:\/\/api.whatsapp.com\/send?text=https:\/\/radiorevelacionfm.cl\/?p=18221' aria-hidden='false' data-av_icon='\uf232' data-av_iconfont='entypo-fontello' title='' data-avia-related-tooltip='Compartir en Whatsapp' rel=\"noopener\"><span class='avia_hidden_link_text'>Compartir en Whatsapp<\/span><\/a><\/li><li class='av-share-link av-social-link-linkedin' ><a target=\"_blank\" aria-label=\"Compartir en LinkedIn\" href='https:\/\/linkedin.com\/shareArticle?mini=true&#038;title=SernamEG%20presenta%20querella%20por%20femicidio%20frustrado%20ocurrido%20en%20Puerto%20Ays%C3%A9n&#038;url=https:\/\/radiorevelacionfm.cl\/?p=18221' aria-hidden='false' data-av_icon='\ue8fc' data-av_iconfont='entypo-fontello' title='' data-avia-related-tooltip='Compartir en LinkedIn' rel=\"noopener\"><span class='avia_hidden_link_text'>Compartir en LinkedIn<\/span><\/a><\/li><li class='av-share-link av-social-link-mail' ><a  aria-label=\"Compartir por correo\" href='mailto:?subject=SernamEG%20presenta%20querella%20por%20femicidio%20frustrado%20ocurrido%20en%20Puerto%20Ays%C3%A9n&#038;body=https:\/\/radiorevelacionfm.cl\/?p=18221' aria-hidden='false' data-av_icon='\ue805' data-av_iconfont='entypo-fontello' title='' data-avia-related-tooltip='Compartir por correo'><span class='avia_hidden_link_text'>Compartir por correo<\/span><\/a><\/li><\/ul><\/div><\/div>\n<div  style='height:50px' class='hr hr-invisible   avia-builder-el-8  el_after_av_social_share  el_before_av_comments_list '><span class='hr-inner ' ><span class='hr-inner-style'><\/span><\/span><\/div>\n<div  class='av-buildercomment  av-blog-meta-html-info-disabled av-blog-meta-tag-disabled  '><\/div>\n","protected":false},"excerpt":{"rendered":"","protected":false},"author":1,"featured_media":18222,"comment_status":"open","ping_status":"open","sticky":false,"template":"","format":"standard","meta":{"footnotes":""},"categories":[38],"tags":[],"class_list":["post-18221","post","type-post","status-publish","format-standard","has-post-thumbnail","hentry","category-regional"],"jetpack_featured_media_url":"https:\/\/radiorevelacionfm.cl\/wp-content\/uploads\/2022\/06\/SernamEG-querella-FF-2-1-1.jpg","_links":{"self":[{"href":"https:\/\/radiorevelacionfm.cl\/index.php?rest_route=\/wp\/v2\/posts\/18221","targetHints":{"allow":["GET"]}}],"collection":[{"href":"https:\/\/radiorevelacionfm.cl\/index.php?rest_route=\/wp\/v2\/posts"}],"about":[{"href":"https:\/\/radiorevelacionfm.cl\/index.php?rest_route=\/wp\/v2\/types\/post"}],"author":[{"embeddable":true,"href":"https:\/\/radiorevelacionfm.cl\/index.php?rest_route=\/wp\/v2\/users\/1"}],"replies":[{"embeddable":true,"href":"https:\/\/radiorevelacionfm.cl\/index.php?rest_route=%2Fwp%2Fv2%2Fcomments&post=18221"}],"version-history":[{"count":2,"href":"https:\/\/radiorevelacionfm.cl\/index.php?rest_route=\/wp\/v2\/posts\/18221\/revisions"}],"predecessor-version":[{"id":18227,"href":"https:\/\/radiorevelacionfm.cl\/index.php?rest_route=\/wp\/v2\/posts\/18221\/revisions\/18227"}],"wp:featuredmedia":[{"embeddable":true,"href":"https:\/\/radiorevelacionfm.cl\/index.php?rest_route=\/wp\/v2\/media\/18222"}],"wp:attachment":[{"href":"https:\/\/radiorevelacionfm.cl\/index.php?rest_route=%2Fwp%2Fv2%2Fmedia&parent=18221"}],"wp:term":[{"taxonomy":"category","embeddable":true,"href":"https:\/\/radiorevelacionfm.cl\/index.php?rest_route=%2Fwp%2Fv2%2Fcategories&post=18221"},{"taxonomy":"post_tag","embeddable":true,"href":"https:\/\/radiorevelacionfm.cl\/index.php?rest_route=%2Fwp%2Fv2%2Ftags&post=18221"}],"curies":[{"name":"wp","href":"https:\/\/api.w.org\/{rel}","templated":true}]}}