{"id":18217,"date":"2022-06-20T17:24:59","date_gmt":"2022-06-20T20:24:59","guid":{"rendered":"https:\/\/radiorevelacionfm.cl\/?p=18217"},"modified":"2022-06-20T17:24:59","modified_gmt":"2022-06-20T20:24:59","slug":"maria-fernanda-leiva-es-la-nueva-directora-regional-del-fosis-en-aysen","status":"publish","type":"post","link":"https:\/\/radiorevelacionfm.cl\/?p=18217","title":{"rendered":"Mar\u00eda Fernanda Leiva es la nueva Directora Regional del FOSIS en Ays\u00e9n"},"content":{"rendered":"<div class=\"flex_column av_one_full  flex_column_div av-zero-column-padding first  avia-builder-el-0  el_before_av_one_full  avia-builder-el-first  \" style='border-radius:0px; '><div  class='avia-image-container  av-styling-    avia-builder-el-1  avia-builder-el-no-sibling  avia-align-center '  itemprop=\"image\" itemscope=\"itemscope\" itemtype=\"https:\/\/schema.org\/ImageObject\"  ><div class='avia-image-container-inner'><div class='avia-image-overlay-wrap'><img decoding=\"async\" class='wp-image-18218 avia-img-lazy-loading-not-18218 avia_image' src=\"https:\/\/radiorevelacionfm.cl\/wp-content\/uploads\/2022\/06\/Presentacion-Directora-Regional-FOSIS-Aysen1-1-1.jpg\" alt='' title='Presentaci\u00f3n Directora Regional FOSIS Ays\u00e9n1 (1) (1)' height=\"600\" width=\"967\"  itemprop=\"thumbnailUrl\" srcset=\"https:\/\/radiorevelacionfm.cl\/wp-content\/uploads\/2022\/06\/Presentacion-Directora-Regional-FOSIS-Aysen1-1-1.jpg 967w, https:\/\/radiorevelacionfm.cl\/wp-content\/uploads\/2022\/06\/Presentacion-Directora-Regional-FOSIS-Aysen1-1-1-300x186.jpg 300w, https:\/\/radiorevelacionfm.cl\/wp-content\/uploads\/2022\/06\/Presentacion-Directora-Regional-FOSIS-Aysen1-1-1-768x477.jpg 768w, https:\/\/radiorevelacionfm.cl\/wp-content\/uploads\/2022\/06\/Presentacion-Directora-Regional-FOSIS-Aysen1-1-1-705x437.jpg 705w, https:\/\/radiorevelacionfm.cl\/wp-content\/uploads\/2022\/06\/Presentacion-Directora-Regional-FOSIS-Aysen1-1-1-600x372.jpg 600w\" sizes=\"(max-width: 967px) 100vw, 967px\" \/><\/div><\/div><\/div><\/div><div class=\"flex_column av_one_full  flex_column_div av-zero-column-padding first  avia-builder-el-2  el_after_av_one_full  el_before_av_one_full  column-top-margin\" style='border-radius:0px; '><section class=\"av_textblock_section \"  itemscope=\"itemscope\" itemtype=\"https:\/\/schema.org\/BlogPosting\" itemprop=\"blogPost\" ><div class='avia_textblock  '   itemprop=\"text\" ><p style=\"text-align: center;\"><strong><span style=\"font-size: 18pt;\">Mar\u00eda Fernanda Leiva es la nueva Directora Regional del FOSIS en Ays\u00e9n<\/span><\/strong><\/p>\n<div id=\"gtx-trans\" style=\"position: absolute; left: -50px; top: 4.31534px;\">\n<div class=\"gtx-trans-icon\"><\/div>\n<\/div>\n<\/div><\/section><\/div><div class=\"flex_column av_one_full  flex_column_div av-zero-column-padding first  avia-builder-el-4  el_after_av_one_full  el_before_av_hr  column-top-margin\" style='border-radius:0px; '><section class=\"av_textblock_section \"  itemscope=\"itemscope\" itemtype=\"https:\/\/schema.org\/BlogPosting\" itemprop=\"blogPost\" ><div class='avia_textblock  '   itemprop=\"text\" ><p style=\"text-align: justify;\">Mar\u00eda Fernanda Leiva Mu\u00f1oz, de profesi\u00f3n Asistente Social, cuenta con un post\u00edtulo en Familia e Infancia y un diplomado en mediaci\u00f3n de conflictos familiares y estudios en Gesti\u00f3n de Pol\u00edticas Sociales. Se ha desempe\u00f1ado como profesional en proyectos colaboradores de Sename, encargada de proyecto de Reinserci\u00f3n Social en Programas de la Subsecretar\u00eda de Prevenci\u00f3n del Delito comuna de Lo Espejo, y como delegada de Prestaci\u00f3n de Servicios en Beneficio de la Comunidad, en Santiago y la regi\u00f3n de Ays\u00e9n desde 2013.<\/p>\n<p style=\"text-align: justify;\">La reci\u00e9n asumida autoridad del Fondo de Solidaridad e Inversi\u00f3n Social, FOSIS, se\u00f1al\u00f3 que \u00abquiero agradecer la oportunidad que se me ha dado para asumir este importante desaf\u00edo y como lo ha se\u00f1alado el presidente Gabriel Boric, reafirmar el compromiso con las personas, familias y comunidades de la regi\u00f3n de Ays\u00e9n, para seguir trabajando en la superaci\u00f3n de la pobreza y vulnerabilidad social, entregando herramientas para el desarrollo y generando oportunidades para apoyar a quienes m\u00e1s lo necesitan\u201d.<\/p>\n<p style=\"text-align: justify;\">Respecto al equipo regional la titular del servicio, relacionado al Ministerio de Desarrollo Social y Familia, manifest\u00f3 que \u201cFOSIS cuenta con un equipo humano de vasta experiencia y que tiene las capacidades de realizar intervenciones dentro de todo el territorio regional, por lo que poder sumarme a liderar esta instituci\u00f3n, que busca entregar una mejor calidad de vida para los habitantes de Ays\u00e9n, es algo que me motiva profundamente\u201d.<\/p>\n<p style=\"text-align: justify;\">El Delegado Presidencial Regional, Rodrigo Araya Morales, enfatiz\u00f3 que \u201cestamos d\u00e1ndole la bienvenida a la nueva Directora Regional del FOSIS, Mar\u00eda Fernanda Leiva, de profesi\u00f3n asistente social y que tiene una trayectoria laboral importante en la regi\u00f3n, por lo que sabemos que va a cumplir una excelente labor en esta instituci\u00f3n que tiene un gran compromiso con nuestra comunidad y el desarrollo de nuestros territorios\u201d.<\/p>\n<p style=\"text-align: justify;\">Karina Acevedo Auad, Seremi de Desarrollo Social y Familia, destac\u00f3 que \u201cya tenemos Directora oficial del FOSIS y le hemos dado la bienvenida a Mar\u00eda Fernanda, con quien hemos tenido una larga conversaci\u00f3n de la mirada que tiene por la regi\u00f3n, de lo encomendado por el Delegado, el Presidente y nuestro Ministerio, de esta manera estamos alineados para poder seguir trabajando en el territorio regional por nuestros beneficiarios del Ministerio y especialmente del FOSIS\u201d.<\/p>\n<\/div><\/section><\/div><div  style='height:50px' class='hr hr-invisible   avia-builder-el-6  el_after_av_one_full  el_before_av_social_share '><span class='hr-inner ' ><span class='hr-inner-style'><\/span><\/span><\/div><\/p>\n<div  class='av-social-sharing-box  avia-builder-el-7  el_after_av_hr  el_before_av_hr  '><div class='av-share-box'><h5 class='av-share-link-description av-no-toc '>Compartir esta noticia<\/h5><ul class='av-share-box-list noLightbox'><li class='av-share-link av-social-link-facebook' ><a target=\"_blank\" aria-label=\"Compartir en Facebook\" href='https:\/\/www.facebook.com\/sharer.php?u=https:\/\/radiorevelacionfm.cl\/?p=18217&#038;t=Mar%C3%ADa%20Fernanda%20Leiva%20es%20la%20nueva%20Directora%20Regional%20del%20FOSIS%20en%20Ays%C3%A9n' aria-hidden='false' data-av_icon='\ue8f3' data-av_iconfont='entypo-fontello' title='' data-avia-related-tooltip='Compartir en Facebook' rel=\"noopener\"><span class='avia_hidden_link_text'>Compartir en Facebook<\/span><\/a><\/li><li class='av-share-link av-social-link-twitter' ><a target=\"_blank\" aria-label=\"Compartir en Twitter\" href='https:\/\/twitter.com\/share?text=Mar%C3%ADa%20Fernanda%20Leiva%20es%20la%20nueva%20Directora%20Regional%20del%20FOSIS%20en%20Ays%C3%A9n&#038;url=https:\/\/radiorevelacionfm.cl\/?p=18217' aria-hidden='false' data-av_icon='\ue8f1' data-av_iconfont='entypo-fontello' title='' data-avia-related-tooltip='Compartir en Twitter' rel=\"noopener\"><span class='avia_hidden_link_text'>Compartir en Twitter<\/span><\/a><\/li><li class='av-share-link av-social-link-whatsapp' ><a target=\"_blank\" aria-label=\"Compartir en Whatsapp\" href='https:\/\/api.whatsapp.com\/send?text=https:\/\/radiorevelacionfm.cl\/?p=18217' aria-hidden='false' data-av_icon='\uf232' data-av_iconfont='entypo-fontello' title='' data-avia-related-tooltip='Compartir en Whatsapp' rel=\"noopener\"><span class='avia_hidden_link_text'>Compartir en Whatsapp<\/span><\/a><\/li><li class='av-share-link av-social-link-linkedin' ><a target=\"_blank\" aria-label=\"Compartir en LinkedIn\" href='https:\/\/linkedin.com\/shareArticle?mini=true&#038;title=Mar%C3%ADa%20Fernanda%20Leiva%20es%20la%20nueva%20Directora%20Regional%20del%20FOSIS%20en%20Ays%C3%A9n&#038;url=https:\/\/radiorevelacionfm.cl\/?p=18217' aria-hidden='false' data-av_icon='\ue8fc' data-av_iconfont='entypo-fontello' title='' data-avia-related-tooltip='Compartir en LinkedIn' rel=\"noopener\"><span class='avia_hidden_link_text'>Compartir en LinkedIn<\/span><\/a><\/li><li class='av-share-link av-social-link-mail' ><a  aria-label=\"Compartir por correo\" href='mailto:?subject=Mar%C3%ADa%20Fernanda%20Leiva%20es%20la%20nueva%20Directora%20Regional%20del%20FOSIS%20en%20Ays%C3%A9n&#038;body=https:\/\/radiorevelacionfm.cl\/?p=18217' aria-hidden='false' data-av_icon='\ue805' data-av_iconfont='entypo-fontello' title='' data-avia-related-tooltip='Compartir por correo'><span class='avia_hidden_link_text'>Compartir por correo<\/span><\/a><\/li><\/ul><\/div><\/div>\n<div  style='height:50px' class='hr hr-invisible   avia-builder-el-8  el_after_av_social_share  el_before_av_comments_list '><span class='hr-inner ' ><span class='hr-inner-style'><\/span><\/span><\/div>\n<div  class='av-buildercomment  av-blog-meta-html-info-disabled av-blog-meta-tag-disabled  '><\/div>\n","protected":false},"excerpt":{"rendered":"","protected":false},"author":1,"featured_media":18218,"comment_status":"open","ping_status":"open","sticky":false,"template":"","format":"standard","meta":{"footnotes":""},"categories":[38],"tags":[],"class_list":["post-18217","post","type-post","status-publish","format-standard","has-post-thumbnail","hentry","category-regional"],"jetpack_featured_media_url":"https:\/\/radiorevelacionfm.cl\/wp-content\/uploads\/2022\/06\/Presentacion-Directora-Regional-FOSIS-Aysen1-1-1.jpg","_links":{"self":[{"href":"https:\/\/radiorevelacionfm.cl\/index.php?rest_route=\/wp\/v2\/posts\/18217","targetHints":{"allow":["GET"]}}],"collection":[{"href":"https:\/\/radiorevelacionfm.cl\/index.php?rest_route=\/wp\/v2\/posts"}],"about":[{"href":"https:\/\/radiorevelacionfm.cl\/index.php?rest_route=\/wp\/v2\/types\/post"}],"author":[{"embeddable":true,"href":"https:\/\/radiorevelacionfm.cl\/index.php?rest_route=\/wp\/v2\/users\/1"}],"replies":[{"embeddable":true,"href":"https:\/\/radiorevelacionfm.cl\/index.php?rest_route=%2Fwp%2Fv2%2Fcomments&post=18217"}],"version-history":[{"count":2,"href":"https:\/\/radiorevelacionfm.cl\/index.php?rest_route=\/wp\/v2\/posts\/18217\/revisions"}],"predecessor-version":[{"id":18220,"href":"https:\/\/radiorevelacionfm.cl\/index.php?rest_route=\/wp\/v2\/posts\/18217\/revisions\/18220"}],"wp:featuredmedia":[{"embeddable":true,"href":"https:\/\/radiorevelacionfm.cl\/index.php?rest_route=\/wp\/v2\/media\/18218"}],"wp:attachment":[{"href":"https:\/\/radiorevelacionfm.cl\/index.php?rest_route=%2Fwp%2Fv2%2Fmedia&parent=18217"}],"wp:term":[{"taxonomy":"category","embeddable":true,"href":"https:\/\/radiorevelacionfm.cl\/index.php?rest_route=%2Fwp%2Fv2%2Fcategories&post=18217"},{"taxonomy":"post_tag","embeddable":true,"href":"https:\/\/radiorevelacionfm.cl\/index.php?rest_route=%2Fwp%2Fv2%2Ftags&post=18217"}],"curies":[{"name":"wp","href":"https:\/\/api.w.org\/{rel}","templated":true}]}}