{"id":18212,"date":"2022-06-20T17:44:12","date_gmt":"2022-06-20T20:44:12","guid":{"rendered":"https:\/\/radiorevelacionfm.cl\/?p=18212"},"modified":"2022-06-20T17:44:12","modified_gmt":"2022-06-20T20:44:12","slug":"cine-online-ojo-de-pescado-lanza-plataforma-de-visualizacion-de-peliculas-para-ninos-as-y-jovenes-de-todo-chile","status":"publish","type":"post","link":"https:\/\/radiorevelacionfm.cl\/?p=18212","title":{"rendered":"Cine online: Ojo de Pescado lanza plataforma de visualizaci\u00f3n de pel\u00edculas para ni\u00f1os\/as y j\u00f3venes de todo Chile"},"content":{"rendered":"<div class=\"flex_column av_one_full  flex_column_div av-zero-column-padding first  avia-builder-el-0  el_before_av_one_full  avia-builder-el-first  \" style='border-radius:0px; '><div  class='avia-image-container  av-styling-    avia-builder-el-1  avia-builder-el-no-sibling  avia-align-center '  itemprop=\"image\" itemscope=\"itemscope\" itemtype=\"https:\/\/schema.org\/ImageObject\"  ><div class='avia-image-container-inner'><div class='avia-image-overlay-wrap'><img decoding=\"async\" class='wp-image-18213 avia-img-lazy-loading-not-18213 avia_image' src=\"https:\/\/radiorevelacionfm.cl\/wp-content\/uploads\/2022\/06\/kine-rupa-1_optimized.jpg\" alt='' title='ki\u00f1e-rupa-(1)_optimized' height=\"600\" width=\"1065\"  itemprop=\"thumbnailUrl\" srcset=\"https:\/\/radiorevelacionfm.cl\/wp-content\/uploads\/2022\/06\/kine-rupa-1_optimized.jpg 1065w, https:\/\/radiorevelacionfm.cl\/wp-content\/uploads\/2022\/06\/kine-rupa-1_optimized-300x169.jpg 300w, https:\/\/radiorevelacionfm.cl\/wp-content\/uploads\/2022\/06\/kine-rupa-1_optimized-1030x580.jpg 1030w, https:\/\/radiorevelacionfm.cl\/wp-content\/uploads\/2022\/06\/kine-rupa-1_optimized-768x433.jpg 768w, https:\/\/radiorevelacionfm.cl\/wp-content\/uploads\/2022\/06\/kine-rupa-1_optimized-705x397.jpg 705w, https:\/\/radiorevelacionfm.cl\/wp-content\/uploads\/2022\/06\/kine-rupa-1_optimized-600x338.jpg 600w\" sizes=\"(max-width: 1065px) 100vw, 1065px\" \/><\/div><\/div><\/div><\/div><div class=\"flex_column av_one_full  flex_column_div av-zero-column-padding first  avia-builder-el-2  el_after_av_one_full  el_before_av_one_full  column-top-margin\" style='border-radius:0px; '><section class=\"av_textblock_section \"  itemscope=\"itemscope\" itemtype=\"https:\/\/schema.org\/BlogPosting\" itemprop=\"blogPost\" ><div class='avia_textblock  '   itemprop=\"text\" ><p style=\"text-align: center;\"><strong><span style=\"font-size: 18pt;\"> Cine online: Ojo de Pescado lanza plataforma de visualizaci\u00f3n de pel\u00edculas para ni\u00f1os\/as y j\u00f3venes de todo Chile<\/span><\/strong><\/p>\n<div id=\"gtx-trans\" style=\"position: absolute; left: -50px; top: 4.31534px;\">\n<div class=\"gtx-trans-icon\"><\/div>\n<\/div>\n<\/div><\/section><\/div><div class=\"flex_column av_one_full  flex_column_div av-zero-column-padding first  avia-builder-el-4  el_after_av_one_full  el_before_av_hr  column-top-margin\" style='border-radius:0px; '><section class=\"av_textblock_section \"  itemscope=\"itemscope\" itemtype=\"https:\/\/schema.org\/BlogPosting\" itemprop=\"blogPost\" ><div class='avia_textblock  '   itemprop=\"text\" ><p style=\"font-weight: 400; text-align: justify;\">En el marco de su versi\u00f3n n\u00famero once y con el objetivo de descentralizar los contenidos culturales, el Festival Internacional de Cine para Ni\u00f1os, Ni\u00f1as y J\u00f3venes Ojo de Pescado \u2014proyecto<em>\u00a0<\/em>financiado por el Fondo de Fomento Audiovisual Convocatoria 2022 del Ministerio de las Culturas, las Artes y el Patrimonio<em>\u2014\u00a0<\/em>acaba de lanzar una\u00a0plataforma digital de visualizaci\u00f3n de pel\u00edculas, que est\u00e1 disponible para todo Chile hasta el mes de septiembre\u00a0de manera gratuita.<\/p>\n<p style=\"font-weight: 400; text-align: justify;\">La plataforma, disponible desde ya en\u00a0<a href=\"http:\/\/festival.ojodepescado.cl\/\" data-saferedirecturl=\"https:\/\/www.google.com\/url?q=http:\/\/festival.ojodepescado.cl\/&amp;source=gmail&amp;ust=1655831595249000&amp;usg=AOvVaw1yu1zhsQRvzJ8XiIY3c4uH\">festival.ojodepescado.cl<\/a>, permite acceder a un nutrido programa de largometrajes, cortometrajes y documentales que repasan distintas representaciones de la infancia, enmarcados en tres grandes focos:\u00a0Pueblos originarios\u00a0(desde el 20 de junio al 10 de julio),\u00a0Cine chileno\u00a0(desde el 11 al 21 de julio)\u00a0y Las ni\u00f1as en el centro\u00a0(desde el 1 al 26 de agosto).<\/p>\n<p style=\"font-weight: 400; text-align: justify;\">\u201cLa representaci\u00f3n de la ni\u00f1ez en el cine y el audiovisual es algo que nos ha importado como Ojo de Pescado desde su g\u00e9nesis, por lo que estos focos dan cuenta de un acercamiento a c\u00f3mo los realizadores, tanto de Chile como del resto del mundo, est\u00e1n observando a las infancias. Si bien los focos abordan temas propios del ciclo en que se enmarcan, tambi\u00e9n relevan asuntos importantes para el imaginario infantil, como la identidad, el medioambiente, la amistad, los derechos humanos, entre muchos otros\u201d, explica\u00a0Carlos Urquieta, director ejecutivo del 11\u00b0 Festival.<\/p>\n<p style=\"font-weight: 400; text-align: justify;\">Si bien el cat\u00e1logo est\u00e1 enfocado a las infancias, cada pieza audiovisual puede ser disfrutada por ni\u00f1os, ni\u00f1as y j\u00f3venes junto al acompa\u00f1amiento de sus familias y educadores\/as, con el objetivo de generar instancias de an\u00e1lisis y reflexi\u00f3n, aportando as\u00ed en los procesos de aprendizaje de los estudiantes de Chile.<\/p>\n<p style=\"font-weight: 400; text-align: justify;\">\u201cUna de las oportunidades que nos ha dejado la pandemia es la posibilidad de acercar contenidos audiovisuales, en este caso relevantes para infancias, sin barreras propias de las distancias geogr\u00e1ficas u horarios espec\u00edficos. De esta manera, ni\u00f1os, ni\u00f1as y j\u00f3venes de cualquier parte del pa\u00eds pueden acceder a visualizar una amplia oferta de obras audiovisuales de calidad, lo cual tambi\u00e9n supone una gran ventaja para docentes,\u00a0quienes pueden contar con pel\u00edculas en l\u00ednea para apoyar su desarrollo en la sala de clases\u201d, agrega Carlos.<\/p>\n<p style=\"font-weight: 400; text-align: justify;\">Es importante mencionar que, durante la semana que se desarrolle la competencia internacional del 11\u00b0 Festival Ojo de Pescado\u00a0<em>\u2014<\/em>desde el 26 de agosto al 2 de septiembre<em>\u2014<\/em><em>,\u00a0<\/em>la plataforma tambi\u00e9n exhibir\u00e1 las piezas audiovisuales participantes en tres de sus categor\u00edas: cortometrajes para ni\u00f1os y ni\u00f1as, series de televisi\u00f3n o web, y cortometrajes de \u201cJ\u00f3venes cineastas\u201d.\u00a0Esta \u00faltima auspiciada por DIRECTV, que acompa\u00f1a al Festival desde sus primeras ediciones y, esta vez, se suma a trav\u00e9s de su programa de RSE Escuela Plus, que ofrece contenidos educativos audiovisuales en m\u00e1s de 3000 escuelas rurales de Chile.<\/p>\n<p style=\"font-weight: 400; text-align: justify;\">Para acceder a la plataforma solo es necesario ingresar, sin necesidad de registrarse, a\u00a0<a href=\"http:\/\/festival.ojodepescado.cl\/\" data-saferedirecturl=\"https:\/\/www.google.com\/url?q=http:\/\/festival.ojodepescado.cl&amp;source=gmail&amp;ust=1655831595249000&amp;usg=AOvVaw2c22emmRdfol3WQSLhAe2r\">festival.ojodepescado.cl<\/a>\u00a0desde un dispositivo con conexi\u00f3n a internet (como celulares, tablets y notebooks). El programa con el detalle de todas las pel\u00edculas en exhibici\u00f3n, sus fichas t\u00e9cnicas, sinopsis, tem\u00e1ticas relevantes y edad recomendada, puede ser descargado en\u00a0<a href=\"http:\/\/www.ojodepescado.cl.\/\" data-saferedirecturl=\"https:\/\/www.google.com\/url?q=http:\/\/www.ojodepescado.cl.\/&amp;source=gmail&amp;ust=1655831595249000&amp;usg=AOvVaw1uuxjeURmYhXy3IYcceSz4\">www.ojodepescado.cl.<\/a><\/p>\n<p style=\"font-weight: 400; text-align: justify;\"><u>Actividades de mediaci\u00f3n<\/u><\/p>\n<p style=\"font-weight: 400; text-align: justify;\">Es importante mencionar que este 11\u00b0 Festival tambi\u00e9n<em>\u00a0<\/em>se caracteriza por la realizaci\u00f3n de una serie de actividades, tanto presenciales como digitales, que permiten generar un acompa\u00f1amiento y mediaci\u00f3n frente a cada foco tem\u00e1tico, adem\u00e1s de exhibiciones de cine en distintos territorios del pa\u00eds, como Puerto Montt, Alto Hospicio, Pica, Valpara\u00edso, Villa Alemana y San Antonio.<\/p>\n<p style=\"font-weight: 400; text-align: justify;\">En el marco del primer foco \u201cPueblos originarios (primeras naciones)\u201d, se realizar\u00e1, el pr\u00f3ximo\u00a0viernes\u00a024\u00a0de junio a las 17:30 horas, de manera virtual a trav\u00e9s del Facebook Live del Festival Ojo de Pescado,\u00a0un interesante di\u00e1logo junto a Claudia Huaiquimilla, guionista y productora mapuche, directora de las pel\u00edculas\u00a0<em>Mala Junta\u00a0<\/em>(2016) y\u00a0<em>Mis hermanos sue\u00f1an despiertos<\/em>\u00a0(2021); y Rolando Carileo, realizador audiovisual, dramaturgo, director de fotograf\u00eda de origen mapuche y productor de la pel\u00edcula\u00a0<em>Folil\u00a0<\/em>(2021).<\/p>\n<p style=\"font-weight: 400; text-align: justify;\">\u201cEl objetivo es generar, a trav\u00e9s de este formato virtual, una reflexi\u00f3n en conjunto, que nos permita acercar las pel\u00edculas a las audiencias, relevando tem\u00e1ticas que consideramos primordiales, como el cine, las infancias y los pueblos originarios. A trav\u00e9s de esta actividad, podremos dialogar sobre las formas en que ambos cineastas representan a ni\u00f1os, ni\u00f1as y j\u00f3venes en sus obras, mientras revisamos cu\u00e1les son las tem\u00e1ticas que intentan poner en valor\u201d, explica Valentina Grau, encargada de mediaci\u00f3n y audiencias del 11\u00b0 Festival.<\/p>\n<\/div><\/section><\/div><div  style='height:50px' class='hr hr-invisible   avia-builder-el-6  el_after_av_one_full  el_before_av_social_share '><span class='hr-inner ' ><span class='hr-inner-style'><\/span><\/span><\/div><\/p>\n<div  class='av-social-sharing-box  avia-builder-el-7  el_after_av_hr  el_before_av_hr  '><div class='av-share-box'><h5 class='av-share-link-description av-no-toc '>Compartir esta noticia<\/h5><ul class='av-share-box-list noLightbox'><li class='av-share-link av-social-link-facebook' ><a target=\"_blank\" aria-label=\"Compartir en Facebook\" href='https:\/\/www.facebook.com\/sharer.php?u=https:\/\/radiorevelacionfm.cl\/?p=18212&#038;t=Cine%20online%3A%20Ojo%20de%20Pescado%20lanza%20plataforma%20de%20visualizaci%C3%B3n%20de%20pel%C3%ADculas%20para%20ni%C3%B1os%2Fas%20y%20j%C3%B3venes%20de%20todo%20Chile' aria-hidden='false' data-av_icon='\ue8f3' data-av_iconfont='entypo-fontello' title='' data-avia-related-tooltip='Compartir en Facebook' rel=\"noopener\"><span class='avia_hidden_link_text'>Compartir en Facebook<\/span><\/a><\/li><li class='av-share-link av-social-link-twitter' ><a target=\"_blank\" aria-label=\"Compartir en Twitter\" href='https:\/\/twitter.com\/share?text=Cine%20online%3A%20Ojo%20de%20Pescado%20lanza%20plataforma%20de%20visualizaci%C3%B3n%20de%20pel%C3%ADculas%20para%20ni%C3%B1os%2Fas%20y%20j%C3%B3venes%20de%20todo%20Chile&#038;url=https:\/\/radiorevelacionfm.cl\/?p=18212' aria-hidden='false' data-av_icon='\ue8f1' data-av_iconfont='entypo-fontello' title='' data-avia-related-tooltip='Compartir en Twitter' rel=\"noopener\"><span class='avia_hidden_link_text'>Compartir en Twitter<\/span><\/a><\/li><li class='av-share-link av-social-link-whatsapp' ><a target=\"_blank\" aria-label=\"Compartir en Whatsapp\" href='https:\/\/api.whatsapp.com\/send?text=https:\/\/radiorevelacionfm.cl\/?p=18212' aria-hidden='false' data-av_icon='\uf232' data-av_iconfont='entypo-fontello' title='' data-avia-related-tooltip='Compartir en Whatsapp' rel=\"noopener\"><span class='avia_hidden_link_text'>Compartir en Whatsapp<\/span><\/a><\/li><li class='av-share-link av-social-link-linkedin' ><a target=\"_blank\" aria-label=\"Compartir en LinkedIn\" href='https:\/\/linkedin.com\/shareArticle?mini=true&#038;title=Cine%20online%3A%20Ojo%20de%20Pescado%20lanza%20plataforma%20de%20visualizaci%C3%B3n%20de%20pel%C3%ADculas%20para%20ni%C3%B1os%2Fas%20y%20j%C3%B3venes%20de%20todo%20Chile&#038;url=https:\/\/radiorevelacionfm.cl\/?p=18212' aria-hidden='false' data-av_icon='\ue8fc' data-av_iconfont='entypo-fontello' title='' data-avia-related-tooltip='Compartir en LinkedIn' rel=\"noopener\"><span class='avia_hidden_link_text'>Compartir en LinkedIn<\/span><\/a><\/li><li class='av-share-link av-social-link-mail' ><a  aria-label=\"Compartir por correo\" href='mailto:?subject=Cine%20online%3A%20Ojo%20de%20Pescado%20lanza%20plataforma%20de%20visualizaci%C3%B3n%20de%20pel%C3%ADculas%20para%20ni%C3%B1os%2Fas%20y%20j%C3%B3venes%20de%20todo%20Chile&#038;body=https:\/\/radiorevelacionfm.cl\/?p=18212' aria-hidden='false' data-av_icon='\ue805' data-av_iconfont='entypo-fontello' title='' data-avia-related-tooltip='Compartir por correo'><span class='avia_hidden_link_text'>Compartir por correo<\/span><\/a><\/li><\/ul><\/div><\/div>\n<div  style='height:50px' class='hr hr-invisible   avia-builder-el-8  el_after_av_social_share  el_before_av_comments_list '><span class='hr-inner ' ><span class='hr-inner-style'><\/span><\/span><\/div>\n<div  class='av-buildercomment  av-blog-meta-html-info-disabled av-blog-meta-tag-disabled  '><\/div>\n","protected":false},"excerpt":{"rendered":"","protected":false},"author":1,"featured_media":18213,"comment_status":"open","ping_status":"open","sticky":false,"template":"","format":"standard","meta":{"footnotes":""},"categories":[52],"tags":[],"class_list":["post-18212","post","type-post","status-publish","format-standard","has-post-thumbnail","hentry","category-cultura"],"jetpack_featured_media_url":"https:\/\/radiorevelacionfm.cl\/wp-content\/uploads\/2022\/06\/kine-rupa-1_optimized.jpg","_links":{"self":[{"href":"https:\/\/radiorevelacionfm.cl\/index.php?rest_route=\/wp\/v2\/posts\/18212","targetHints":{"allow":["GET"]}}],"collection":[{"href":"https:\/\/radiorevelacionfm.cl\/index.php?rest_route=\/wp\/v2\/posts"}],"about":[{"href":"https:\/\/radiorevelacionfm.cl\/index.php?rest_route=\/wp\/v2\/types\/post"}],"author":[{"embeddable":true,"href":"https:\/\/radiorevelacionfm.cl\/index.php?rest_route=\/wp\/v2\/users\/1"}],"replies":[{"embeddable":true,"href":"https:\/\/radiorevelacionfm.cl\/index.php?rest_route=%2Fwp%2Fv2%2Fcomments&post=18212"}],"version-history":[{"count":2,"href":"https:\/\/radiorevelacionfm.cl\/index.php?rest_route=\/wp\/v2\/posts\/18212\/revisions"}],"predecessor-version":[{"id":18232,"href":"https:\/\/radiorevelacionfm.cl\/index.php?rest_route=\/wp\/v2\/posts\/18212\/revisions\/18232"}],"wp:featuredmedia":[{"embeddable":true,"href":"https:\/\/radiorevelacionfm.cl\/index.php?rest_route=\/wp\/v2\/media\/18213"}],"wp:attachment":[{"href":"https:\/\/radiorevelacionfm.cl\/index.php?rest_route=%2Fwp%2Fv2%2Fmedia&parent=18212"}],"wp:term":[{"taxonomy":"category","embeddable":true,"href":"https:\/\/radiorevelacionfm.cl\/index.php?rest_route=%2Fwp%2Fv2%2Fcategories&post=18212"},{"taxonomy":"post_tag","embeddable":true,"href":"https:\/\/radiorevelacionfm.cl\/index.php?rest_route=%2Fwp%2Fv2%2Ftags&post=18212"}],"curies":[{"name":"wp","href":"https:\/\/api.w.org\/{rel}","templated":true}]}}