{"id":18209,"date":"2022-06-20T15:34:49","date_gmt":"2022-06-20T18:34:49","guid":{"rendered":"https:\/\/radiorevelacionfm.cl\/?p=18209"},"modified":"2022-06-20T15:34:49","modified_gmt":"2022-06-20T18:34:49","slug":"en-la-ruta-del-acordeon-realizara-encuentro-virtual-interregional-de-cultores-y-cultoras-de-aysen-y-los-lagos","status":"publish","type":"post","link":"https:\/\/radiorevelacionfm.cl\/?p=18209","title":{"rendered":"En La Ruta del Acorde\u00f3n realizar\u00e1 encuentro virtual interregional de cultores y cultoras de Ays\u00e9n y Los Lagos"},"content":{"rendered":"<div class=\"flex_column av_one_full  flex_column_div av-zero-column-padding first  avia-builder-el-0  el_before_av_one_full  avia-builder-el-first  \" style='border-radius:0px; '><div  class='avia-image-container  av-styling-    avia-builder-el-1  avia-builder-el-no-sibling  avia-align-center '  itemprop=\"image\" itemscope=\"itemscope\" itemtype=\"https:\/\/schema.org\/ImageObject\"  ><div class='avia-image-container-inner'><div class='avia-image-overlay-wrap'><img decoding=\"async\" class='wp-image-18210 avia-img-lazy-loading-not-18210 avia_image' src=\"https:\/\/radiorevelacionfm.cl\/wp-content\/uploads\/2022\/06\/sesiones-en-la-ruta-1_optimized.jpeg\" alt='' title='sesiones-en-la-ruta-(1)_optimized' height=\"600\" width=\"1067\"  itemprop=\"thumbnailUrl\" srcset=\"https:\/\/radiorevelacionfm.cl\/wp-content\/uploads\/2022\/06\/sesiones-en-la-ruta-1_optimized.jpeg 1067w, https:\/\/radiorevelacionfm.cl\/wp-content\/uploads\/2022\/06\/sesiones-en-la-ruta-1_optimized-300x169.jpeg 300w, https:\/\/radiorevelacionfm.cl\/wp-content\/uploads\/2022\/06\/sesiones-en-la-ruta-1_optimized-1030x579.jpeg 1030w, https:\/\/radiorevelacionfm.cl\/wp-content\/uploads\/2022\/06\/sesiones-en-la-ruta-1_optimized-768x432.jpeg 768w, https:\/\/radiorevelacionfm.cl\/wp-content\/uploads\/2022\/06\/sesiones-en-la-ruta-1_optimized-705x396.jpeg 705w, https:\/\/radiorevelacionfm.cl\/wp-content\/uploads\/2022\/06\/sesiones-en-la-ruta-1_optimized-600x337.jpeg 600w\" sizes=\"(max-width: 1067px) 100vw, 1067px\" \/><\/div><\/div><\/div><\/div>\n<div class=\"flex_column av_one_full  flex_column_div av-zero-column-padding first  avia-builder-el-2  el_after_av_one_full  el_before_av_one_full  column-top-margin\" style='border-radius:0px; '><section class=\"av_textblock_section \"  itemscope=\"itemscope\" itemtype=\"https:\/\/schema.org\/BlogPosting\" itemprop=\"blogPost\" ><div class='avia_textblock  '   itemprop=\"text\" ><p style=\"text-align: center;\"><strong><span style=\"font-size: 18pt;\">En La Ruta del Acorde\u00f3n realizar\u00e1 encuentro virtual interregional de cultores y cultoras de Ays\u00e9n y Los Lagos<\/span><\/strong><\/p>\n<div id=\"gtx-trans\" style=\"position: absolute; left: -50px; top: 4.31534px;\">\n<div class=\"gtx-trans-icon\"><\/div>\n<\/div>\n<\/div><\/section><\/div><div class=\"flex_column av_one_full  flex_column_div av-zero-column-padding first  avia-builder-el-4  el_after_av_one_full  el_before_av_hr  column-top-margin\" style='border-radius:0px; '><section class=\"av_textblock_section \"  itemscope=\"itemscope\" itemtype=\"https:\/\/schema.org\/BlogPosting\" itemprop=\"blogPost\" ><div class='avia_textblock  '   itemprop=\"text\" ><p style=\"font-weight: 400; text-align: justify;\">Con el prop\u00f3sito de continuar con la difusi\u00f3n y puesta en valor del patrimonio inmaterial vinculado a la pr\u00e1ctica del acorde\u00f3n en la zona austral de nuestro pa\u00eds, se realizar\u00e1 un segundo encuentro de \u201cSesiones en La Ruta del Acorde\u00f3n\u201d esta vez convocando a 5 destacados m\u00fasicos y cultores del acorde\u00f3n de las regiones de Ays\u00e9n y Los Lagos. La actividad se realizar\u00e1 el viernes 24 de junio a las 18:30 horas por el Facebook Live de La Ruta del Acorde\u00f3n y tendr\u00e1 como invitados especiales Joselito Sudan, de R\u00edo Claro; Mar\u00eda Teresa Andrade, de Chonchi; V\u00edctor C\u00e1rdenas, de Puerto Montt &#8211; Calbuco; Ingrid Buschmann, de Osorno y Eleuterio Fuentealba Ib\u00e1\u00f1ez, de Futaleuf\u00fa.<\/p>\n<p style=\"font-weight: 400; text-align: justify;\">Julissa Fern\u00e1ndez, productora e investigadora de La Ruta del Acorde\u00f3n, explic\u00f3 que el objetivo de esta iniciativa es: \u201cgenerar un encuentro en donde los acordeonistas de distintas provincias y territorios puedan conversar en torno a su experiencia en la m\u00fasica, el folklore, la tradici\u00f3n, ya que todos ellos se desempe\u00f1an y trabajan en distintos tipos de conjuntos, cultivan distintos g\u00e9neros y ritmos, entonces nos parece que ser\u00eda interesante propiciar este di\u00e1logo para compartir experiencias, para generar comunidad en torno al acorde\u00f3n y poder difundirlo a todas las personas interesadas en conocer m\u00e1s sobre la experiencia de estos cultores y su trabajo en la m\u00fasica y la tradici\u00f3n del sur de nuestro pa\u00eds\u201d.<\/p>\n<p style=\"font-weight: 400; text-align: justify;\">Tal como se\u00f1ala Julissa Fern\u00e1ndez, cada una de las personas invitadas tiene una vasta trayectoria en la m\u00fasica y en la pr\u00e1ctica del acorde\u00f3n.\u00a0\u00a0Joselito Sudan de la comuna de R\u00edo Claro es integrante del \u201cTr\u00edo R\u00edo Claro\u201d y reparador de acordeones. Mar\u00eda Teresa Andrade, Chonchi, Chilo\u00e9 es la vocalista del grupo \u201cPasi\u00f3n cuequera\u201d e int\u00e9rprete solista del acorde\u00f3n. V\u00edctor C\u00e1rdenas de Puerto Montt- Calbuco, pertenece al grupo ranchero \u00abLos ideales del sur\u201d. Adem\u00e1s, toca en los pasacalles de Calbuco y de Isla Puluqui y es el rezador de la iglesia. Ingrid Buschmann de Osorno es pianista, profesora de m\u00fasica y acorde\u00f3n e integrante del Conjunto de Acordeones de Osorno. Y para finalizar, Eleuterio Fuentealba Ib\u00e1\u00f1ez de Futaleuf\u00fa, es un destacado acordeonista y cultor.<\/p>\n<p style=\"font-weight: 400; text-align: justify;\">Este Encuentro Interregional de Cultores y Cultoras es la segunda actividad de Sesiones en La Ruta del Acorde\u00f3n. EL equipo del proyecto realizar\u00e1 una actividad de mediaci\u00f3n al mes, cada una con diversos \u00e9nfasis y p\u00fablicos, tal como se\u00f1al\u00f3 Julissa Fern\u00e1ndez: \u201clas actividades que se vienen est\u00e1 orientadas a difundir el contenido generado por la Ruta del Acorde\u00f3n al p\u00fablico escolar, entonces siguiente mes tendremos un conversatorio conjunto con el DAEM, la Direcci\u00f3n de Educaci\u00f3n y Centros Culturales tanto en la Regi\u00f3n de Los Lagos como en la Regi\u00f3n de Ays\u00e9n y tambi\u00e9n invitaremos a Escuelas para poder desarrollar una jornada viendo alg\u00fan cap\u00edtulo del documental y conversando con el director de la Serie Viento Acorde, y tambi\u00e9n presentando el libro \u201cLa Ruta del Acorde\u00f3n: el Sur\u201d como un material pedag\u00f3gico que puede aplicarse en distintas clases y asignaturas\u201d.<\/p>\n<p style=\"font-weight: 400; text-align: justify;\">Para el equipo de La Ruta del Acorde\u00f3n, incluir a la comunidades educativas es fundamental para la puesta en valor del patrimonio hist\u00f3rico del acorde\u00f3n, por lo mismo: \u201cla idea es poder generar este di\u00e1logo con los profesores y alumnos, exponer el contenido del libro y c\u00f3mo este se vincula a la vez con el contenido que est\u00e1 alojado en la p\u00e1gina web, en nuestro canal de youtube y poder ir generando actividades de car\u00e1cter did\u00e1ctico que contribuyan a difundir el folklore local dentro de los mismos territorios donde hemos estado trabajando con estos cultores y cultoras\u201d, enfatiza Julissa Fern\u00e1ndez.<\/p>\n<p style=\"font-weight: 400; text-align: justify;\">La invitaci\u00f3n es para este viernes 24 de junio a las 18:30 horas para disfrutar de un Encuentro Interregional entre cultores y cultoras de este maravilloso instrumento que es el acorde\u00f3n que ser\u00e1 imperdible y para que todas las personas lo puedan disfrutar, ser\u00e1 transmitido por el Facebook Live La Ruta del Acorde\u00f3n. Cabe destacar que todas las actividades que realizar\u00e1n en La Ruta del Acorde\u00f3n se dar\u00e1n a difundir a trav\u00e9s de sus RRSS en Facebook, Instagram y TIKTOK, al igual que podr\u00e1n encontrar todo el contenido del proyecto para libre uso en la web\u00a0<a href=\"http:\/\/www.larutadelacordeon.cl\/\" data-saferedirecturl=\"https:\/\/www.google.com\/url?q=http:\/\/www.larutadelacordeon.cl&amp;source=gmail&amp;ust=1655830993187000&amp;usg=AOvVaw1uX5aFIjzFuyKDPhhsc8hh\">www.larutadelacordeon.cl<\/a>.<\/p>\n<\/div><\/section><\/div><\/p>\n<div  style='height:50px' class='hr hr-invisible   avia-builder-el-6  el_after_av_one_full  el_before_av_social_share '><span class='hr-inner ' ><span class='hr-inner-style'><\/span><\/span><\/div>\n<div  class='av-social-sharing-box  avia-builder-el-7  el_after_av_hr  el_before_av_hr  '><div class='av-share-box'><h5 class='av-share-link-description av-no-toc '>Compartir esta noticia<\/h5><ul class='av-share-box-list noLightbox'><li class='av-share-link av-social-link-facebook' ><a target=\"_blank\" aria-label=\"Compartir en Facebook\" href='https:\/\/www.facebook.com\/sharer.php?u=https:\/\/radiorevelacionfm.cl\/?p=18209&#038;t=En%20La%20Ruta%20del%20Acorde%C3%B3n%20realizar%C3%A1%20encuentro%20virtual%20interregional%20de%20cultores%20y%20cultoras%20de%20Ays%C3%A9n%20y%20Los%20Lagos' aria-hidden='false' data-av_icon='\ue8f3' data-av_iconfont='entypo-fontello' title='' data-avia-related-tooltip='Compartir en Facebook' rel=\"noopener\"><span class='avia_hidden_link_text'>Compartir en Facebook<\/span><\/a><\/li><li class='av-share-link av-social-link-twitter' ><a target=\"_blank\" aria-label=\"Compartir en Twitter\" href='https:\/\/twitter.com\/share?text=En%20La%20Ruta%20del%20Acorde%C3%B3n%20realizar%C3%A1%20encuentro%20virtual%20interregional%20de%20cultores%20y%20cultoras%20de%20Ays%C3%A9n%20y%20Los%20Lagos&#038;url=https:\/\/radiorevelacionfm.cl\/?p=18209' aria-hidden='false' data-av_icon='\ue8f1' data-av_iconfont='entypo-fontello' title='' data-avia-related-tooltip='Compartir en Twitter' rel=\"noopener\"><span class='avia_hidden_link_text'>Compartir en Twitter<\/span><\/a><\/li><li class='av-share-link av-social-link-whatsapp' ><a target=\"_blank\" aria-label=\"Compartir en Whatsapp\" href='https:\/\/api.whatsapp.com\/send?text=https:\/\/radiorevelacionfm.cl\/?p=18209' aria-hidden='false' data-av_icon='\uf232' data-av_iconfont='entypo-fontello' title='' data-avia-related-tooltip='Compartir en Whatsapp' rel=\"noopener\"><span class='avia_hidden_link_text'>Compartir en Whatsapp<\/span><\/a><\/li><li class='av-share-link av-social-link-linkedin' ><a target=\"_blank\" aria-label=\"Compartir en LinkedIn\" href='https:\/\/linkedin.com\/shareArticle?mini=true&#038;title=En%20La%20Ruta%20del%20Acorde%C3%B3n%20realizar%C3%A1%20encuentro%20virtual%20interregional%20de%20cultores%20y%20cultoras%20de%20Ays%C3%A9n%20y%20Los%20Lagos&#038;url=https:\/\/radiorevelacionfm.cl\/?p=18209' aria-hidden='false' data-av_icon='\ue8fc' data-av_iconfont='entypo-fontello' title='' data-avia-related-tooltip='Compartir en LinkedIn' rel=\"noopener\"><span class='avia_hidden_link_text'>Compartir en LinkedIn<\/span><\/a><\/li><li class='av-share-link av-social-link-mail' ><a  aria-label=\"Compartir por correo\" href='mailto:?subject=En%20La%20Ruta%20del%20Acorde%C3%B3n%20realizar%C3%A1%20encuentro%20virtual%20interregional%20de%20cultores%20y%20cultoras%20de%20Ays%C3%A9n%20y%20Los%20Lagos&#038;body=https:\/\/radiorevelacionfm.cl\/?p=18209' aria-hidden='false' data-av_icon='\ue805' data-av_iconfont='entypo-fontello' title='' data-avia-related-tooltip='Compartir por correo'><span class='avia_hidden_link_text'>Compartir por correo<\/span><\/a><\/li><\/ul><\/div><\/div>\n<div  style='height:50px' class='hr hr-invisible   avia-builder-el-8  el_after_av_social_share  el_before_av_comments_list '><span class='hr-inner ' ><span class='hr-inner-style'><\/span><\/span><\/div>\n<div  class='av-buildercomment  av-blog-meta-html-info-disabled av-blog-meta-tag-disabled  '><\/div>\n","protected":false},"excerpt":{"rendered":"","protected":false},"author":1,"featured_media":18210,"comment_status":"open","ping_status":"open","sticky":false,"template":"","format":"standard","meta":{"footnotes":""},"categories":[38],"tags":[],"class_list":["post-18209","post","type-post","status-publish","format-standard","has-post-thumbnail","hentry","category-regional"],"jetpack_featured_media_url":"https:\/\/radiorevelacionfm.cl\/wp-content\/uploads\/2022\/06\/sesiones-en-la-ruta-1_optimized.jpeg","_links":{"self":[{"href":"https:\/\/radiorevelacionfm.cl\/index.php?rest_route=\/wp\/v2\/posts\/18209","targetHints":{"allow":["GET"]}}],"collection":[{"href":"https:\/\/radiorevelacionfm.cl\/index.php?rest_route=\/wp\/v2\/posts"}],"about":[{"href":"https:\/\/radiorevelacionfm.cl\/index.php?rest_route=\/wp\/v2\/types\/post"}],"author":[{"embeddable":true,"href":"https:\/\/radiorevelacionfm.cl\/index.php?rest_route=\/wp\/v2\/users\/1"}],"replies":[{"embeddable":true,"href":"https:\/\/radiorevelacionfm.cl\/index.php?rest_route=%2Fwp%2Fv2%2Fcomments&post=18209"}],"version-history":[{"count":3,"href":"https:\/\/radiorevelacionfm.cl\/index.php?rest_route=\/wp\/v2\/posts\/18209\/revisions"}],"predecessor-version":[{"id":18216,"href":"https:\/\/radiorevelacionfm.cl\/index.php?rest_route=\/wp\/v2\/posts\/18209\/revisions\/18216"}],"wp:featuredmedia":[{"embeddable":true,"href":"https:\/\/radiorevelacionfm.cl\/index.php?rest_route=\/wp\/v2\/media\/18210"}],"wp:attachment":[{"href":"https:\/\/radiorevelacionfm.cl\/index.php?rest_route=%2Fwp%2Fv2%2Fmedia&parent=18209"}],"wp:term":[{"taxonomy":"category","embeddable":true,"href":"https:\/\/radiorevelacionfm.cl\/index.php?rest_route=%2Fwp%2Fv2%2Fcategories&post=18209"},{"taxonomy":"post_tag","embeddable":true,"href":"https:\/\/radiorevelacionfm.cl\/index.php?rest_route=%2Fwp%2Fv2%2Ftags&post=18209"}],"curies":[{"name":"wp","href":"https:\/\/api.w.org\/{rel}","templated":true}]}}