{"id":18204,"date":"2022-06-20T11:08:11","date_gmt":"2022-06-20T14:08:11","guid":{"rendered":"https:\/\/radiorevelacionfm.cl\/?p=18204"},"modified":"2022-06-20T11:08:11","modified_gmt":"2022-06-20T14:08:11","slug":"atlas-textil-estrenan-primer-podcast-dedicado-a-mujeres-artesanas-de-la-patagonia","status":"publish","type":"post","link":"https:\/\/radiorevelacionfm.cl\/?p=18204","title":{"rendered":"ATLAS TEXTIL: Estrenan primer podcast dedicado a mujeres artesanas de la Patagonia"},"content":{"rendered":"<div class=\"flex_column av_one_full  flex_column_div av-zero-column-padding first  avia-builder-el-0  el_before_av_one_full  avia-builder-el-first  \" style='border-radius:0px; '><div  class='avia-image-container  av-styling-    avia-builder-el-1  avia-builder-el-no-sibling  avia-align-center '  itemprop=\"image\" itemscope=\"itemscope\" itemtype=\"https:\/\/schema.org\/ImageObject\"  ><div class='avia-image-container-inner'><div class='avia-image-overlay-wrap'><img decoding=\"async\" class='wp-image-18205 avia-img-lazy-loading-not-18205 avia_image' src=\"https:\/\/radiorevelacionfm.cl\/wp-content\/uploads\/2022\/06\/Atlas-Textil-1-1.jpeg\" alt='' title='Atlas Textil (1) (1)' height=\"600\" width=\"800\"  itemprop=\"thumbnailUrl\" srcset=\"https:\/\/radiorevelacionfm.cl\/wp-content\/uploads\/2022\/06\/Atlas-Textil-1-1.jpeg 800w, https:\/\/radiorevelacionfm.cl\/wp-content\/uploads\/2022\/06\/Atlas-Textil-1-1-300x225.jpeg 300w, https:\/\/radiorevelacionfm.cl\/wp-content\/uploads\/2022\/06\/Atlas-Textil-1-1-768x576.jpeg 768w, https:\/\/radiorevelacionfm.cl\/wp-content\/uploads\/2022\/06\/Atlas-Textil-1-1-705x529.jpeg 705w, https:\/\/radiorevelacionfm.cl\/wp-content\/uploads\/2022\/06\/Atlas-Textil-1-1-600x450.jpeg 600w\" sizes=\"(max-width: 800px) 100vw, 800px\" \/><\/div><\/div><\/div><\/div><div class=\"flex_column av_one_full  flex_column_div av-zero-column-padding first  avia-builder-el-2  el_after_av_one_full  el_before_av_one_full  column-top-margin\" style='border-radius:0px; '><section class=\"av_textblock_section \"  itemscope=\"itemscope\" itemtype=\"https:\/\/schema.org\/BlogPosting\" itemprop=\"blogPost\" ><div class='avia_textblock  '   itemprop=\"text\" ><p style=\"text-align: center;\"><span style=\"font-size: 18pt;\"><strong>ATLAS TEXTIL: Estrenan primer podcast dedicado <\/strong><strong>a mujeres artesanas de la Patagonia<\/strong><\/span><\/p>\n<div id=\"gtx-trans\" style=\"position: absolute; left: -50px; top: 4.31534px;\">\n<div class=\"gtx-trans-icon\"><\/div>\n<\/div>\n<\/div><\/section><\/div><div class=\"flex_column av_one_full  flex_column_div av-zero-column-padding first  avia-builder-el-4  el_after_av_one_full  el_before_av_hr  column-top-margin\" style='border-radius:0px; '><section class=\"av_textblock_section \"  itemscope=\"itemscope\" itemtype=\"https:\/\/schema.org\/BlogPosting\" itemprop=\"blogPost\" ><div class='avia_textblock  '   itemprop=\"text\" ><p style=\"text-align: justify;\">Desde el relato de una artesana cochranina que borda consignas en defensa del r\u00edo Baker hasta la historia de una tejedora coyhaiquina que se convirti\u00f3 en investigadora de oficios. Toda la riqueza del quehacer textil de la Regi\u00f3n de Ays\u00e9n en diez cap\u00edtulos disponibles en Spotify.<\/p>\n<p style=\"text-align: justify;\">\u201cAtlas Textil, un viaje por las historias de vida y oficio de hilanderas, tintoreras, bordadoras y tejedoras que habitan las profundidades rurales de la regi\u00f3n de Ays\u00e9n\u201d, as\u00ed comienza cada semana este podcast y programa radial que conducen la periodista e historiadora, Catalina Camus; y la profesora y tejedora, Macarena Silva, integrantes de la Organizaci\u00f3n Pulso Austral. Esta iniciativa es financiada por el Fondo Nacional de Desarrollo Cultural y de Las Artes, Convocatoria 2021, Fondo Transitorio de Emergencia.<\/p>\n<p style=\"text-align: justify;\">Son diez cap\u00edtulos de conversaciones dedicadas a artesanas de Coyhaique y Cochrane, que fueron grabadas en el transcurso del a\u00f1o 2022 y donde ellas comparten sus primeros pasos en el oficio, los recuerdos de sus madres y maestras, sus procesos creativos, sus inspiraciones, su conexi\u00f3n con la sobrecogedora naturaleza que les rodea, sus t\u00e9cnicas textiles favoritas, sus emociones, su cotidianeidad rural y sus reflexiones en torno a los tiempos de hoy. Los episodios se transmiten a toda la comunidad regional por Radio Santa Mar\u00eda y viajan m\u00e1s all\u00e1 de las fronteras de la Patagonia a trav\u00e9s de la aplicaci\u00f3n Spotify, con portadas dise\u00f1adas por la destacada ilustradora Catalina Mekis.<\/p>\n<p style=\"text-align: justify;\">\u201cA trav\u00e9s de este espacio de difusi\u00f3n y visibilizaci\u00f3n de la tradici\u00f3n textil aysenina, buscamos amplificar las voces y mensajes de mujeres de diversas generaciones, maestras y aprendices; que preservan sus oficios artesanales en forma casi desconocida y silenciosa, dispersas por los m\u00e1s alejados lugares del amplio territorio regional y conservando saberes y experiencias que forman parte de la identidad y la cultura patagona\u201d, se\u00f1al\u00f3 la conductora y productora Catalina Camus.<\/p>\n<p style=\"text-align: justify;\">Entre ellas, una de las entrevistadas fue la artesana cochranina, Hilda Troncoso Escobar, quien comparti\u00f3 su experiencia en Atlas Textil. \u201cFue lindo haberme escuchado en la radio, estuve muy atenta, me emocion\u00e9 igual, porque nunca pens\u00e9 que a m\u00ed, Hilda Troncoso, alguien me iba a entrevistar como bordadora, si yo de bordado no sab\u00eda nada. Es importante como bordadoras que tambi\u00e9n nos puedan conocer, aunque de la vida de uno es una pinceladita lo que uno puede contar, pero es super importante\u201d. Tambi\u00e9n agreg\u00f3 que se sinti\u00f3 muy apoyada por su comunidad. \u201cMis hijos estuvieron escuchando en las radios de sus veh\u00edculos y en sus oficinas todos lo escucharon. Tambi\u00e9n me habl\u00f3 mucha gente despu\u00e9s de eso por whatsapp. Aparte de entretenido, fue novedoso\u201d.<\/p>\n<p style=\"text-align: justify;\"><strong>\u00a0<\/strong><\/p>\n<p style=\"text-align: justify;\"><strong>Desde el lago Cochrane hasta el Pollux<\/strong><\/p>\n<p style=\"text-align: justify;\">Las protagonistas de las voces y entrevistas de los diez cap\u00edtulos son de artesanas provenientes de las comunas de Cochrane, Coyhaique y Lago Verde: Marcia Fa\u00fandez (Valle Simpson), Margarita Baigorria (Cochrane), Luisa Vargas (lago Vargas, Cochrane), Carolina Vargas (Coyhaique), Felicita Santana (Coyhaique), Hilda Troncoso (lago Cochrane), Nancia Olavarr\u00eda (lago Pollux), Ester Hern\u00e1ndez (El Mait\u00e9n, Cochrane), Yesisca Arratia (Cochrane) y Ana Mar\u00eda Figueroa (Villa Amengual).<\/p>\n<p style=\"text-align: justify;\">\u201cEste podcast es un proyecto que nos entusiasma mucho, no solo porque somos amante de lo textil, sino tambi\u00e9n porque nos ha dado la posibilidad de conocer m\u00e1s sobre la vida que llevan estas mujeres. Muchas de ellas habitan lugares agrestes y han tenido que vencer un mont\u00f3n de adversidades, sin embargo, han desarrollado un amor enorme a la naturaleza y a sus comunidades. Es muy emocionante escucharlas&#8230; Esto tiene un valor enorme en tiempos de hoy, hay mucho que aprender de estas creadoras y esperamos que las personas que no conocen la Patagonia, se puedan llevar una imagen y un paisaje de este lugar tan especial\u201d, coment\u00f3 Macarena Silva, conductora del podcast.<\/p>\n<p style=\"text-align: justify;\">Desde la Organizaci\u00f3n Pulso Austral, destacan que \u201cAtlas Textil\u201d contar\u00e1 con una segunda temporada a cargo de la misma dupla de conductoras, proyecto que result\u00f3 seleccionado en el concurso Fondart Regional, L\u00ednea Difusi\u00f3n, Convocatoria 2022. Los nuevos episodios comenzar\u00e1n a grabarse durante el segundo semestre, donde ser\u00e1n entrevistadas diez artesanas textiles, pero esta vez ampli\u00e1ndose a otros territorios: Puerto Guadal, Cerro Castillo, Puyuhuapi, Chile Chico, entre otros.<\/p>\n<p style=\"text-align: justify;\">\u00a1Ingresa a Spotify y sintoniza el Podcast Atlas Textil!<\/p>\n<p style=\"text-align: justify;\"><a href=\"https:\/\/open.spotify.com\/show\/1Yf5zj1VCBd1WPBjV9L2uZ?si=kAD1QAV_QBCUZ9bc9Y0otA\">https:\/\/open.spotify.com\/show\/1Yf5zj1VCBd1WPBjV9L2uZ?si=kAD1QAV_QBCUZ9bc9Y0otA<\/a><\/p>\n<\/div><\/section><\/div><div  style='height:50px' class='hr hr-invisible   avia-builder-el-6  el_after_av_one_full  el_before_av_social_share '><span class='hr-inner ' ><span class='hr-inner-style'><\/span><\/span><\/div><\/p>\n<div  class='av-social-sharing-box  avia-builder-el-7  el_after_av_hr  el_before_av_hr  '><div class='av-share-box'><h5 class='av-share-link-description av-no-toc '>Compartir esta noticia<\/h5><ul class='av-share-box-list noLightbox'><li class='av-share-link av-social-link-facebook' ><a target=\"_blank\" aria-label=\"Compartir en Facebook\" href='https:\/\/www.facebook.com\/sharer.php?u=https:\/\/radiorevelacionfm.cl\/?p=18204&#038;t=ATLAS%20TEXTIL%3A%20Estrenan%20primer%20podcast%20dedicado%20a%20mujeres%20artesanas%20de%20la%20Patagonia' aria-hidden='false' data-av_icon='\ue8f3' data-av_iconfont='entypo-fontello' title='' data-avia-related-tooltip='Compartir en Facebook' rel=\"noopener\"><span class='avia_hidden_link_text'>Compartir en Facebook<\/span><\/a><\/li><li class='av-share-link av-social-link-twitter' ><a target=\"_blank\" aria-label=\"Compartir en Twitter\" href='https:\/\/twitter.com\/share?text=ATLAS%20TEXTIL%3A%20Estrenan%20primer%20podcast%20dedicado%20a%20mujeres%20artesanas%20de%20la%20Patagonia&#038;url=https:\/\/radiorevelacionfm.cl\/?p=18204' aria-hidden='false' data-av_icon='\ue8f1' data-av_iconfont='entypo-fontello' title='' data-avia-related-tooltip='Compartir en Twitter' rel=\"noopener\"><span class='avia_hidden_link_text'>Compartir en Twitter<\/span><\/a><\/li><li class='av-share-link av-social-link-whatsapp' ><a target=\"_blank\" aria-label=\"Compartir en Whatsapp\" href='https:\/\/api.whatsapp.com\/send?text=https:\/\/radiorevelacionfm.cl\/?p=18204' aria-hidden='false' data-av_icon='\uf232' data-av_iconfont='entypo-fontello' title='' data-avia-related-tooltip='Compartir en Whatsapp' rel=\"noopener\"><span class='avia_hidden_link_text'>Compartir en Whatsapp<\/span><\/a><\/li><li class='av-share-link av-social-link-linkedin' ><a target=\"_blank\" aria-label=\"Compartir en LinkedIn\" href='https:\/\/linkedin.com\/shareArticle?mini=true&#038;title=ATLAS%20TEXTIL%3A%20Estrenan%20primer%20podcast%20dedicado%20a%20mujeres%20artesanas%20de%20la%20Patagonia&#038;url=https:\/\/radiorevelacionfm.cl\/?p=18204' aria-hidden='false' data-av_icon='\ue8fc' data-av_iconfont='entypo-fontello' title='' data-avia-related-tooltip='Compartir en LinkedIn' rel=\"noopener\"><span class='avia_hidden_link_text'>Compartir en LinkedIn<\/span><\/a><\/li><li class='av-share-link av-social-link-mail' ><a  aria-label=\"Compartir por correo\" href='mailto:?subject=ATLAS%20TEXTIL%3A%20Estrenan%20primer%20podcast%20dedicado%20a%20mujeres%20artesanas%20de%20la%20Patagonia&#038;body=https:\/\/radiorevelacionfm.cl\/?p=18204' aria-hidden='false' data-av_icon='\ue805' data-av_iconfont='entypo-fontello' title='' data-avia-related-tooltip='Compartir por correo'><span class='avia_hidden_link_text'>Compartir por correo<\/span><\/a><\/li><\/ul><\/div><\/div>\n<div  style='height:50px' class='hr hr-invisible   avia-builder-el-8  el_after_av_social_share  el_before_av_comments_list '><span class='hr-inner ' ><span class='hr-inner-style'><\/span><\/span><\/div>\n<div  class='av-buildercomment  av-blog-meta-html-info-disabled av-blog-meta-tag-disabled  '><\/div>\n","protected":false},"excerpt":{"rendered":"","protected":false},"author":1,"featured_media":18205,"comment_status":"open","ping_status":"open","sticky":false,"template":"","format":"standard","meta":{"footnotes":""},"categories":[38],"tags":[],"class_list":["post-18204","post","type-post","status-publish","format-standard","has-post-thumbnail","hentry","category-regional"],"jetpack_featured_media_url":"https:\/\/radiorevelacionfm.cl\/wp-content\/uploads\/2022\/06\/Atlas-Textil-1-1.jpeg","_links":{"self":[{"href":"https:\/\/radiorevelacionfm.cl\/index.php?rest_route=\/wp\/v2\/posts\/18204","targetHints":{"allow":["GET"]}}],"collection":[{"href":"https:\/\/radiorevelacionfm.cl\/index.php?rest_route=\/wp\/v2\/posts"}],"about":[{"href":"https:\/\/radiorevelacionfm.cl\/index.php?rest_route=\/wp\/v2\/types\/post"}],"author":[{"embeddable":true,"href":"https:\/\/radiorevelacionfm.cl\/index.php?rest_route=\/wp\/v2\/users\/1"}],"replies":[{"embeddable":true,"href":"https:\/\/radiorevelacionfm.cl\/index.php?rest_route=%2Fwp%2Fv2%2Fcomments&post=18204"}],"version-history":[{"count":2,"href":"https:\/\/radiorevelacionfm.cl\/index.php?rest_route=\/wp\/v2\/posts\/18204\/revisions"}],"predecessor-version":[{"id":18208,"href":"https:\/\/radiorevelacionfm.cl\/index.php?rest_route=\/wp\/v2\/posts\/18204\/revisions\/18208"}],"wp:featuredmedia":[{"embeddable":true,"href":"https:\/\/radiorevelacionfm.cl\/index.php?rest_route=\/wp\/v2\/media\/18205"}],"wp:attachment":[{"href":"https:\/\/radiorevelacionfm.cl\/index.php?rest_route=%2Fwp%2Fv2%2Fmedia&parent=18204"}],"wp:term":[{"taxonomy":"category","embeddable":true,"href":"https:\/\/radiorevelacionfm.cl\/index.php?rest_route=%2Fwp%2Fv2%2Fcategories&post=18204"},{"taxonomy":"post_tag","embeddable":true,"href":"https:\/\/radiorevelacionfm.cl\/index.php?rest_route=%2Fwp%2Fv2%2Ftags&post=18204"}],"curies":[{"name":"wp","href":"https:\/\/api.w.org\/{rel}","templated":true}]}}