{"id":18198,"date":"2022-06-20T10:27:17","date_gmt":"2022-06-20T13:27:17","guid":{"rendered":"https:\/\/radiorevelacionfm.cl\/?p=18198"},"modified":"2022-06-20T10:27:17","modified_gmt":"2022-06-20T13:27:17","slug":"core-lilian-inostroza-mas-alla-de-las-criticas-debemos-unir-todas-las-voluntades-para-ver-de-que-manera-damos-una-pronta-solucion-a-la-conectividad-en-el-lago-general-carrera","status":"publish","type":"post","link":"https:\/\/radiorevelacionfm.cl\/?p=18198","title":{"rendered":"CORE Lilian Inostroza: \u201cM\u00e1s all\u00e1 de las cr\u00edticas, debemos unir todas las voluntades para ver de qu\u00e9 manera damos una pronta soluci\u00f3n a la conectividad en el Lago General Carrera\u201d"},"content":{"rendered":"<div class=\"flex_column av_one_full  flex_column_div av-zero-column-padding first  avia-builder-el-0  el_before_av_one_full  avia-builder-el-first  \" style='border-radius:0px; '><div  class='avia-image-container  av-styling-    avia-builder-el-1  avia-builder-el-no-sibling  avia-align-center '  itemprop=\"image\" itemscope=\"itemscope\" itemtype=\"https:\/\/schema.org\/ImageObject\"  ><div class='avia-image-container-inner'><div class='avia-image-overlay-wrap'><img decoding=\"async\" class='wp-image-18199 avia-img-lazy-loading-not-18199 avia_image' src=\"https:\/\/radiorevelacionfm.cl\/wp-content\/uploads\/2022\/06\/image-51-1.jpg\" alt='' title='image (51) (1)' height=\"600\" width=\"696\"  itemprop=\"thumbnailUrl\" srcset=\"https:\/\/radiorevelacionfm.cl\/wp-content\/uploads\/2022\/06\/image-51-1.jpg 696w, https:\/\/radiorevelacionfm.cl\/wp-content\/uploads\/2022\/06\/image-51-1-300x259.jpg 300w, https:\/\/radiorevelacionfm.cl\/wp-content\/uploads\/2022\/06\/image-51-1-600x517.jpg 600w\" sizes=\"(max-width: 696px) 100vw, 696px\" \/><\/div><\/div><\/div><\/div><div class=\"flex_column av_one_full  flex_column_div av-zero-column-padding first  avia-builder-el-2  el_after_av_one_full  el_before_av_one_full  column-top-margin\" style='border-radius:0px; '><section class=\"av_textblock_section \"  itemscope=\"itemscope\" itemtype=\"https:\/\/schema.org\/BlogPosting\" itemprop=\"blogPost\" ><div class='avia_textblock  '   itemprop=\"text\" ><p style=\"text-align: center;\"><strong><span style=\"font-size: 18pt;\">CORE Lilian Inostroza: \u201cM\u00e1s all\u00e1 de las cr\u00edticas, debemos unir todas las voluntades para ver de qu\u00e9 manera damos una pronta soluci\u00f3n a la conectividad en el Lago General Carrera\u201d<\/span><\/strong><\/p>\n<div id=\"gtx-trans\" style=\"position: absolute; left: -50px; top: 4.31534px;\">\n<div class=\"gtx-trans-icon\"><\/div>\n<\/div>\n<\/div><\/section><\/div><div class=\"flex_column av_one_full  flex_column_div av-zero-column-padding first  avia-builder-el-4  el_after_av_one_full  el_before_av_hr  column-top-margin\" style='border-radius:0px; '><section class=\"av_textblock_section \"  itemscope=\"itemscope\" itemtype=\"https:\/\/schema.org\/BlogPosting\" itemprop=\"blogPost\" ><div class='avia_textblock  '   itemprop=\"text\" ><p style=\"text-align: justify;\">Preocupaci\u00f3n y molestia caus\u00f3 una nueva falla t\u00e9cnica que present\u00f3 la barcaza Chelenco, cuando arribaba a Puerto Ib\u00e1\u00f1ez este s\u00e1bado 18 de junio. As\u00ed lo se\u00f1al\u00f3 la consejera regional por la Provincia General Carrera, Lilian Inostroza, quien tambi\u00e9n reiter\u00f3 su inquietud por los sucesivos problemas que hay en el transporte lacustre en esa zona de la regi\u00f3n.<\/p>\n<p style=\"text-align: justify;\">\u201cMe encontraba en Puerto Ib\u00e1\u00f1ez, donde se nos informa que la embarcaci\u00f3n habr\u00eda sufrido un desperfecto en la bomba hidr\u00e1ulica de su rampla, lo que caus\u00f3 mucha molestia en la poblaci\u00f3n y una preocupaci\u00f3n en quienes est\u00e1bamos mirando lo que estaba sucediendo, y la preocupaci\u00f3n por la vida de las personas que ven\u00edan en la embarcaci\u00f3n\u201d, relat\u00f3 Inostroza.<\/p>\n<p style=\"text-align: justify;\">En ese contexto, la autoridad provincial se\u00f1al\u00f3 que m\u00e1s all\u00e1 de las cr\u00edticas que se pueden hacer, lo m\u00e1s importante es que \u201clas autoridades que fuimos electas como las designadas por el presidente Gabriel Boric, debemos unir todas las voluntades, para ver de qu\u00e9 manera damos una pronta soluci\u00f3n a la situaci\u00f3n de conectividad\u201d, problemas que se vienen sucediendo desde hace mucho tiempo en el Lago General Carrera.<\/p>\n<p style=\"text-align: justify;\">Inostroza agreg\u00f3 que la gente se siente desamparada, \u201cvive un quiebre emocional, una angustia\u201d, un tema que adem\u00e1s de preocupar tambi\u00e9n debe ocupar a las autoridades. \u201cPor eso el llamado a unir las voluntades, desde el nivel central al regional, para que esta situaci\u00f3n pueda ser destrabada y ver de qu\u00e9 manera podemos concretar una embarcaci\u00f3n que tenga las condiciones \u00f3ptimas para la ciudadan\u00eda de Chile Chico, adem\u00e1s de toda la gente que se traslada por el lago. Esto no solo perjudica el traslado sino que tambi\u00e9n el desarrollo de las comunas\u201d, recalc\u00f3.<\/p>\n<p style=\"text-align: justify;\">Quien tambi\u00e9n se refiri\u00f3 al tema fue el senador David Sandoval, quien enfatiz\u00f3 en el hecho de que este es un problema que se arrastra desde hace varios a\u00f1os y que necesita ser resuelto a la brevedad. \u201cDespu\u00e9s de tantos meses de arreglos, reparaciones, etc, la situaci\u00f3n sigue exactamente igual. Aqu\u00ed est\u00e1 en juego la seguridad de las personas\u201d, indic\u00f3.<\/p>\n<p style=\"text-align: justify;\">En ese sentido, Sandoval dijo que \u201casumiendo que se cometieron faltas inexcusables por la ausencia de una soluci\u00f3n radical del problema, hay que llamar a tomar todas las medidas para la recuperaci\u00f3n integral de este tema\u201d y resolver as\u00ed el problema de fondo.<\/p>\n<\/div><\/section><\/div><div  style='height:50px' class='hr hr-invisible   avia-builder-el-6  el_after_av_one_full  el_before_av_social_share '><span class='hr-inner ' ><span class='hr-inner-style'><\/span><\/span><\/div><\/p>\n<div  class='av-social-sharing-box  avia-builder-el-7  el_after_av_hr  el_before_av_hr  '><div class='av-share-box'><h5 class='av-share-link-description av-no-toc '>Compartir esta noticia<\/h5><ul class='av-share-box-list noLightbox'><li class='av-share-link av-social-link-facebook' ><a target=\"_blank\" aria-label=\"Compartir en Facebook\" href='https:\/\/www.facebook.com\/sharer.php?u=https:\/\/radiorevelacionfm.cl\/?p=18198&#038;t=CORE%20Lilian%20Inostroza%3A%20%E2%80%9CM%C3%A1s%20all%C3%A1%20de%20las%20cr%C3%ADticas%2C%20debemos%20unir%20todas%20las%20voluntades%20para%20ver%20de%20qu%C3%A9%20manera%20damos%20una%20pronta%20soluci%C3%B3n%20a%20la%20conectividad%20en%20el%20Lago%20General%20Carrera%E2%80%9D' aria-hidden='false' data-av_icon='\ue8f3' data-av_iconfont='entypo-fontello' title='' data-avia-related-tooltip='Compartir en Facebook' rel=\"noopener\"><span class='avia_hidden_link_text'>Compartir en Facebook<\/span><\/a><\/li><li class='av-share-link av-social-link-twitter' ><a target=\"_blank\" aria-label=\"Compartir en Twitter\" href='https:\/\/twitter.com\/share?text=CORE%20Lilian%20Inostroza%3A%20%E2%80%9CM%C3%A1s%20all%C3%A1%20de%20las%20cr%C3%ADticas%2C%20debemos%20unir%20todas%20las%20voluntades%20para%20ver%20de%20qu%C3%A9%20manera%20damos%20una%20pronta%20soluci%C3%B3n%20a%20la%20conectividad%20en%20el%20Lago%20General%20Carrera%E2%80%9D&#038;url=https:\/\/radiorevelacionfm.cl\/?p=18198' aria-hidden='false' data-av_icon='\ue8f1' data-av_iconfont='entypo-fontello' title='' data-avia-related-tooltip='Compartir en Twitter' rel=\"noopener\"><span class='avia_hidden_link_text'>Compartir en Twitter<\/span><\/a><\/li><li class='av-share-link av-social-link-whatsapp' ><a target=\"_blank\" aria-label=\"Compartir en Whatsapp\" href='https:\/\/api.whatsapp.com\/send?text=https:\/\/radiorevelacionfm.cl\/?p=18198' aria-hidden='false' data-av_icon='\uf232' data-av_iconfont='entypo-fontello' title='' data-avia-related-tooltip='Compartir en Whatsapp' rel=\"noopener\"><span class='avia_hidden_link_text'>Compartir en Whatsapp<\/span><\/a><\/li><li class='av-share-link av-social-link-linkedin' ><a target=\"_blank\" aria-label=\"Compartir en LinkedIn\" href='https:\/\/linkedin.com\/shareArticle?mini=true&#038;title=CORE%20Lilian%20Inostroza%3A%20%E2%80%9CM%C3%A1s%20all%C3%A1%20de%20las%20cr%C3%ADticas%2C%20debemos%20unir%20todas%20las%20voluntades%20para%20ver%20de%20qu%C3%A9%20manera%20damos%20una%20pronta%20soluci%C3%B3n%20a%20la%20conectividad%20en%20el%20Lago%20General%20Carrera%E2%80%9D&#038;url=https:\/\/radiorevelacionfm.cl\/?p=18198' aria-hidden='false' data-av_icon='\ue8fc' data-av_iconfont='entypo-fontello' title='' data-avia-related-tooltip='Compartir en LinkedIn' rel=\"noopener\"><span class='avia_hidden_link_text'>Compartir en LinkedIn<\/span><\/a><\/li><li class='av-share-link av-social-link-mail' ><a  aria-label=\"Compartir por correo\" href='mailto:?subject=CORE%20Lilian%20Inostroza%3A%20%E2%80%9CM%C3%A1s%20all%C3%A1%20de%20las%20cr%C3%ADticas%2C%20debemos%20unir%20todas%20las%20voluntades%20para%20ver%20de%20qu%C3%A9%20manera%20damos%20una%20pronta%20soluci%C3%B3n%20a%20la%20conectividad%20en%20el%20Lago%20General%20Carrera%E2%80%9D&#038;body=https:\/\/radiorevelacionfm.cl\/?p=18198' aria-hidden='false' data-av_icon='\ue805' data-av_iconfont='entypo-fontello' title='' data-avia-related-tooltip='Compartir por correo'><span class='avia_hidden_link_text'>Compartir por correo<\/span><\/a><\/li><\/ul><\/div><\/div>\n<div  style='height:50px' class='hr hr-invisible   avia-builder-el-8  el_after_av_social_share  el_before_av_comments_list '><span class='hr-inner ' ><span class='hr-inner-style'><\/span><\/span><\/div>\n<div  class='av-buildercomment  av-blog-meta-html-info-disabled av-blog-meta-tag-disabled  '><\/div>\n","protected":false},"excerpt":{"rendered":"","protected":false},"author":1,"featured_media":18199,"comment_status":"open","ping_status":"open","sticky":false,"template":"","format":"standard","meta":{"footnotes":""},"categories":[38],"tags":[],"class_list":["post-18198","post","type-post","status-publish","format-standard","has-post-thumbnail","hentry","category-regional"],"jetpack_featured_media_url":"https:\/\/radiorevelacionfm.cl\/wp-content\/uploads\/2022\/06\/image-51-1.jpg","_links":{"self":[{"href":"https:\/\/radiorevelacionfm.cl\/index.php?rest_route=\/wp\/v2\/posts\/18198","targetHints":{"allow":["GET"]}}],"collection":[{"href":"https:\/\/radiorevelacionfm.cl\/index.php?rest_route=\/wp\/v2\/posts"}],"about":[{"href":"https:\/\/radiorevelacionfm.cl\/index.php?rest_route=\/wp\/v2\/types\/post"}],"author":[{"embeddable":true,"href":"https:\/\/radiorevelacionfm.cl\/index.php?rest_route=\/wp\/v2\/users\/1"}],"replies":[{"embeddable":true,"href":"https:\/\/radiorevelacionfm.cl\/index.php?rest_route=%2Fwp%2Fv2%2Fcomments&post=18198"}],"version-history":[{"count":2,"href":"https:\/\/radiorevelacionfm.cl\/index.php?rest_route=\/wp\/v2\/posts\/18198\/revisions"}],"predecessor-version":[{"id":18202,"href":"https:\/\/radiorevelacionfm.cl\/index.php?rest_route=\/wp\/v2\/posts\/18198\/revisions\/18202"}],"wp:featuredmedia":[{"embeddable":true,"href":"https:\/\/radiorevelacionfm.cl\/index.php?rest_route=\/wp\/v2\/media\/18199"}],"wp:attachment":[{"href":"https:\/\/radiorevelacionfm.cl\/index.php?rest_route=%2Fwp%2Fv2%2Fmedia&parent=18198"}],"wp:term":[{"taxonomy":"category","embeddable":true,"href":"https:\/\/radiorevelacionfm.cl\/index.php?rest_route=%2Fwp%2Fv2%2Fcategories&post=18198"},{"taxonomy":"post_tag","embeddable":true,"href":"https:\/\/radiorevelacionfm.cl\/index.php?rest_route=%2Fwp%2Fv2%2Ftags&post=18198"}],"curies":[{"name":"wp","href":"https:\/\/api.w.org\/{rel}","templated":true}]}}