{"id":18195,"date":"2022-06-19T22:48:39","date_gmt":"2022-06-20T01:48:39","guid":{"rendered":"https:\/\/radiorevelacionfm.cl\/?p=18195"},"modified":"2022-06-19T22:48:39","modified_gmt":"2022-06-20T01:48:39","slug":"delegado-rodrigo-araya-destaca-gestion-mancomunada-en-primeros-100-dias-de-gobierno","status":"publish","type":"post","link":"https:\/\/radiorevelacionfm.cl\/?p=18195","title":{"rendered":"Delegado Rodrigo Araya destaca gesti\u00f3n mancomunada en primeros 100 d\u00edas de gobierno"},"content":{"rendered":"<div class=\"flex_column av_one_full  flex_column_div av-zero-column-padding first  avia-builder-el-0  el_before_av_one_full  avia-builder-el-first  \" style='border-radius:0px; '><div  class='avia-image-container  av-styling-    avia-builder-el-1  avia-builder-el-no-sibling  avia-align-center '  itemprop=\"image\" itemscope=\"itemscope\" itemtype=\"https:\/\/schema.org\/ImageObject\"  ><div class='avia-image-container-inner'><div class='avia-image-overlay-wrap'><img decoding=\"async\" class='wp-image-18196 avia-img-lazy-loading-not-18196 avia_image' src=\"https:\/\/radiorevelacionfm.cl\/wp-content\/uploads\/2022\/06\/Rodrigo-Araya-Morales-Delegado-Presidencial-Regional-Aysen1-1-1.jpg\" alt='' title='Rodrigo Araya Morales, Delegado Presidencial Regional Ays\u00e9n1 (1) (1)' height=\"600\" width=\"1005\"  itemprop=\"thumbnailUrl\" srcset=\"https:\/\/radiorevelacionfm.cl\/wp-content\/uploads\/2022\/06\/Rodrigo-Araya-Morales-Delegado-Presidencial-Regional-Aysen1-1-1.jpg 1005w, https:\/\/radiorevelacionfm.cl\/wp-content\/uploads\/2022\/06\/Rodrigo-Araya-Morales-Delegado-Presidencial-Regional-Aysen1-1-1-300x179.jpg 300w, https:\/\/radiorevelacionfm.cl\/wp-content\/uploads\/2022\/06\/Rodrigo-Araya-Morales-Delegado-Presidencial-Regional-Aysen1-1-1-768x459.jpg 768w, https:\/\/radiorevelacionfm.cl\/wp-content\/uploads\/2022\/06\/Rodrigo-Araya-Morales-Delegado-Presidencial-Regional-Aysen1-1-1-705x421.jpg 705w, https:\/\/radiorevelacionfm.cl\/wp-content\/uploads\/2022\/06\/Rodrigo-Araya-Morales-Delegado-Presidencial-Regional-Aysen1-1-1-600x358.jpg 600w\" sizes=\"(max-width: 1005px) 100vw, 1005px\" \/><\/div><\/div><\/div><\/div><div class=\"flex_column av_one_full  flex_column_div av-zero-column-padding first  avia-builder-el-2  el_after_av_one_full  el_before_av_one_full  column-top-margin\" style='border-radius:0px; '><section class=\"av_textblock_section \"  itemscope=\"itemscope\" itemtype=\"https:\/\/schema.org\/BlogPosting\" itemprop=\"blogPost\" ><div class='avia_textblock  '   itemprop=\"text\" ><p style=\"text-align: center;\"><strong><span style=\"font-size: 18pt;\">Delegado Rodrigo Araya destaca gesti\u00f3n mancomunada en primeros 100 d\u00edas de gobierno <\/span><\/strong><\/p>\n<div id=\"gtx-trans\" style=\"position: absolute; left: -50px; top: 4.31534px;\">\n<div class=\"gtx-trans-icon\"><\/div>\n<\/div>\n<\/div><\/section><\/div><div class=\"flex_column av_one_full  flex_column_div av-zero-column-padding first  avia-builder-el-4  el_after_av_one_full  el_before_av_hr  column-top-margin\" style='border-radius:0px; '><section class=\"av_textblock_section \"  itemscope=\"itemscope\" itemtype=\"https:\/\/schema.org\/BlogPosting\" itemprop=\"blogPost\" ><div class='avia_textblock  '   itemprop=\"text\" ><p style=\"font-weight: 400; text-align: justify;\">\u201cEl Gobierno se ha hecho cargo de los problemas que existen, asumiendo la responsabilidad que corresponde frente a los desaf\u00edos y los anhelos de cambio de la gente, para un buen vivir\u201d, destac\u00f3 el Delegado Presidencial Regional, Rodrigo Araya Morales, al cumplirse los primeros cien d\u00edas de la gesti\u00f3n encabezada por el Presidente Gabriel Boric Font.<\/p>\n<p style=\"font-weight: 400; text-align: justify;\">Se\u00f1al\u00f3 que en este periodo se ha avanzado en cambios concretos y directos para las personas, como el freno al alza de las parafinas gas a precio justo, estabilizaci\u00f3n de la electricidad, redistribuci\u00f3n de Carabineros y aumento del sueldo m\u00ednimo, entre otros.<\/p>\n<p style=\"font-weight: 400; text-align: justify;\">Adem\u00e1s, se trabaja en cambios estructurales como el Plan Buen Vivir, Plan Seamos Comunidad, Reforma de Pensiones, Reforma Tributaria y medidas del Plan Chile Apoya.<\/p>\n<p style=\"font-weight: 400; text-align: justify;\">\u201cEn esta fecha estamos completando los primeros cien d\u00edas de nuestro gobierno, donde nos hemos hecho cargo de los problemas con que nos encontramos, hemos trabajado en las soluciones y tambi\u00e9n hemos formado un equipo coordinado, con \u00e9nfasis de intersectorialidad, para ir tomando los problemas que tenemos en el territorio. A nivel nacional, se han hecho iniciativas legislativas que van en ayuda de las familias, considerando las condiciones de este per\u00edodo postpandemia. Queremos reafirmar nuestro compromiso de trabajo mancomunado, para resolver las problem\u00e1ticas de nuestra regi\u00f3n\u201d, enfatiz\u00f3.<\/p>\n<p style=\"font-weight: 400; text-align: justify;\"><strong>Los principales avances en 100 d\u00edas<\/strong><\/p>\n<p style=\"font-weight: 400; text-align: justify;\">En\u00a0<strong>Trabajo<\/strong>\u00a0se aument\u00f3 el sueldo m\u00ednimo en acuerdo con las y los trabajadores, el Gobierno y los empleadores; se extendi\u00f3 el IFE Laboral para crear m\u00e1s y mejor empleo, en especial joven y femenino; y se ampli\u00f3 la cobertura del Subsidio Protege de 2 hasta 5 a\u00f1os de edad por cada hijo o hija.<\/p>\n<p style=\"font-weight: 400; text-align: justify;\">En\u00a0<strong>Desarrollo Social<\/strong>\u00a0en Ays\u00e9n se abrir\u00e1 el nuevo ELEAM en julio para recibir a 70 nuevos usuarios desde septiembre.<\/p>\n<p style=\"font-weight: 400; text-align: justify;\">En\u00a0<strong>Energ\u00eda<\/strong>\u00a0se fren\u00f3 el alza de las parafinas con una baja de 300 pesos por litro en promedio.<\/p>\n<p style=\"font-weight: 400; text-align: justify;\">En\u00a0<strong>Mujer<\/strong>\u00a0se fortaleci\u00f3 el Programa \u201c4 a 7\u201d beneficiando a 6.237 mujeres madres trabajadoras, para entregar cuidados a sus hijos e hijas tras la jornada escolar.<\/p>\n<p style=\"font-weight: 400; text-align: justify;\">En\u00a0<strong>Econom\u00eda<\/strong>\u00a0la cobertura de programas de CORFO y SERCOTEC se ampli\u00f3 para reactivar a las pymes.<\/p>\n<p style=\"font-weight: 400; text-align: justify;\">En\u00a0<strong>Segpres<\/strong>\u00a0se aprob\u00f3 el proyecto de ley que acerca los locales de votaci\u00f3n a las personas.<\/p>\n<p style=\"font-weight: 400; text-align: justify;\">En\u00a0<strong>Cultura<\/strong>\u00a0se dispuso un bono de 450 mil pesos para trabajadoras y trabajadores culturales.<\/p>\n<p style=\"font-weight: 400; text-align: justify;\">En\u00a0<strong>Agricultura<\/strong>, se ejecutan los planes Siembra por Chile y de Reactivaci\u00f3n Econ\u00f3mica para la Restauraci\u00f3n de Bosques Nativos; se inyectaron recursos para fortalecer los mercados campesinos desde el Ministerio de Agricultura y beneficiar a emprendedores y vendedores, impactando en ferias que se incorporan con nueva infraestructura y equipamiento a la Red de Mercados Campesinos.<\/p>\n<\/div><\/section><\/div><div  style='height:50px' class='hr hr-invisible   avia-builder-el-6  el_after_av_one_full  el_before_av_social_share '><span class='hr-inner ' ><span class='hr-inner-style'><\/span><\/span><\/div><\/p>\n<div  class='av-social-sharing-box  avia-builder-el-7  el_after_av_hr  el_before_av_hr  '><div class='av-share-box'><h5 class='av-share-link-description av-no-toc '>Compartir esta noticia<\/h5><ul class='av-share-box-list noLightbox'><li class='av-share-link av-social-link-facebook' ><a target=\"_blank\" aria-label=\"Compartir en Facebook\" href='https:\/\/www.facebook.com\/sharer.php?u=https:\/\/radiorevelacionfm.cl\/?p=18195&#038;t=Delegado%20Rodrigo%20Araya%20destaca%20gesti%C3%B3n%20mancomunada%20en%20primeros%20100%20d%C3%ADas%20de%20gobierno' aria-hidden='false' data-av_icon='\ue8f3' data-av_iconfont='entypo-fontello' title='' data-avia-related-tooltip='Compartir en Facebook' rel=\"noopener\"><span class='avia_hidden_link_text'>Compartir en Facebook<\/span><\/a><\/li><li class='av-share-link av-social-link-twitter' ><a target=\"_blank\" aria-label=\"Compartir en Twitter\" href='https:\/\/twitter.com\/share?text=Delegado%20Rodrigo%20Araya%20destaca%20gesti%C3%B3n%20mancomunada%20en%20primeros%20100%20d%C3%ADas%20de%20gobierno&#038;url=https:\/\/radiorevelacionfm.cl\/?p=18195' aria-hidden='false' data-av_icon='\ue8f1' data-av_iconfont='entypo-fontello' title='' data-avia-related-tooltip='Compartir en Twitter' rel=\"noopener\"><span class='avia_hidden_link_text'>Compartir en Twitter<\/span><\/a><\/li><li class='av-share-link av-social-link-whatsapp' ><a target=\"_blank\" aria-label=\"Compartir en Whatsapp\" href='https:\/\/api.whatsapp.com\/send?text=https:\/\/radiorevelacionfm.cl\/?p=18195' aria-hidden='false' data-av_icon='\uf232' data-av_iconfont='entypo-fontello' title='' data-avia-related-tooltip='Compartir en Whatsapp' rel=\"noopener\"><span class='avia_hidden_link_text'>Compartir en Whatsapp<\/span><\/a><\/li><li class='av-share-link av-social-link-linkedin' ><a target=\"_blank\" aria-label=\"Compartir en LinkedIn\" href='https:\/\/linkedin.com\/shareArticle?mini=true&#038;title=Delegado%20Rodrigo%20Araya%20destaca%20gesti%C3%B3n%20mancomunada%20en%20primeros%20100%20d%C3%ADas%20de%20gobierno&#038;url=https:\/\/radiorevelacionfm.cl\/?p=18195' aria-hidden='false' data-av_icon='\ue8fc' data-av_iconfont='entypo-fontello' title='' data-avia-related-tooltip='Compartir en LinkedIn' rel=\"noopener\"><span class='avia_hidden_link_text'>Compartir en LinkedIn<\/span><\/a><\/li><li class='av-share-link av-social-link-mail' ><a  aria-label=\"Compartir por correo\" href='mailto:?subject=Delegado%20Rodrigo%20Araya%20destaca%20gesti%C3%B3n%20mancomunada%20en%20primeros%20100%20d%C3%ADas%20de%20gobierno&#038;body=https:\/\/radiorevelacionfm.cl\/?p=18195' aria-hidden='false' data-av_icon='\ue805' data-av_iconfont='entypo-fontello' title='' data-avia-related-tooltip='Compartir por correo'><span class='avia_hidden_link_text'>Compartir por correo<\/span><\/a><\/li><\/ul><\/div><\/div>\n<div  style='height:50px' class='hr hr-invisible   avia-builder-el-8  el_after_av_social_share  el_before_av_comments_list '><span class='hr-inner ' ><span class='hr-inner-style'><\/span><\/span><\/div>\n<div  class='av-buildercomment  av-blog-meta-html-info-disabled av-blog-meta-tag-disabled  '><\/div>\n","protected":false},"excerpt":{"rendered":"","protected":false},"author":1,"featured_media":18196,"comment_status":"open","ping_status":"open","sticky":false,"template":"","format":"standard","meta":{"footnotes":""},"categories":[38],"tags":[],"class_list":["post-18195","post","type-post","status-publish","format-standard","has-post-thumbnail","hentry","category-regional"],"jetpack_featured_media_url":"https:\/\/radiorevelacionfm.cl\/wp-content\/uploads\/2022\/06\/Rodrigo-Araya-Morales-Delegado-Presidencial-Regional-Aysen1-1-1.jpg","_links":{"self":[{"href":"https:\/\/radiorevelacionfm.cl\/index.php?rest_route=\/wp\/v2\/posts\/18195","targetHints":{"allow":["GET"]}}],"collection":[{"href":"https:\/\/radiorevelacionfm.cl\/index.php?rest_route=\/wp\/v2\/posts"}],"about":[{"href":"https:\/\/radiorevelacionfm.cl\/index.php?rest_route=\/wp\/v2\/types\/post"}],"author":[{"embeddable":true,"href":"https:\/\/radiorevelacionfm.cl\/index.php?rest_route=\/wp\/v2\/users\/1"}],"replies":[{"embeddable":true,"href":"https:\/\/radiorevelacionfm.cl\/index.php?rest_route=%2Fwp%2Fv2%2Fcomments&post=18195"}],"version-history":[{"count":2,"href":"https:\/\/radiorevelacionfm.cl\/index.php?rest_route=\/wp\/v2\/posts\/18195\/revisions"}],"predecessor-version":[{"id":18201,"href":"https:\/\/radiorevelacionfm.cl\/index.php?rest_route=\/wp\/v2\/posts\/18195\/revisions\/18201"}],"wp:featuredmedia":[{"embeddable":true,"href":"https:\/\/radiorevelacionfm.cl\/index.php?rest_route=\/wp\/v2\/media\/18196"}],"wp:attachment":[{"href":"https:\/\/radiorevelacionfm.cl\/index.php?rest_route=%2Fwp%2Fv2%2Fmedia&parent=18195"}],"wp:term":[{"taxonomy":"category","embeddable":true,"href":"https:\/\/radiorevelacionfm.cl\/index.php?rest_route=%2Fwp%2Fv2%2Fcategories&post=18195"},{"taxonomy":"post_tag","embeddable":true,"href":"https:\/\/radiorevelacionfm.cl\/index.php?rest_route=%2Fwp%2Fv2%2Ftags&post=18195"}],"curies":[{"name":"wp","href":"https:\/\/api.w.org\/{rel}","templated":true}]}}