{"id":18188,"date":"2022-06-19T21:46:19","date_gmt":"2022-06-20T00:46:19","guid":{"rendered":"https:\/\/radiorevelacionfm.cl\/?p=18188"},"modified":"2022-06-19T21:46:19","modified_gmt":"2022-06-20T00:46:19","slug":"pdi-celebro-sus-89-anos-con-izamiento-de-pabellones","status":"publish","type":"post","link":"https:\/\/radiorevelacionfm.cl\/?p=18188","title":{"rendered":"PDI celebr\u00f3 sus 89 a\u00f1os con Izamiento de Pabellones"},"content":{"rendered":"<div class=\"flex_column av_one_full  flex_column_div av-zero-column-padding first  avia-builder-el-0  el_before_av_one_full  avia-builder-el-first  \" style='border-radius:0px; '><div  class='avia-image-container  av-styling-    avia-builder-el-1  avia-builder-el-no-sibling  avia-align-center '  itemprop=\"image\" itemscope=\"itemscope\" itemtype=\"https:\/\/schema.org\/ImageObject\"  ><div class='avia-image-container-inner'><div class='avia-image-overlay-wrap'><img decoding=\"async\" class='wp-image-18189 avia-img-lazy-loading-not-18189 avia_image' src=\"https:\/\/radiorevelacionfm.cl\/wp-content\/uploads\/2022\/06\/formacion-aniversario-pdi-003-1_optimized.jpg\" alt='' title='formaci\u00f3n-aniversario-pdi-003-(1)_optimized' height=\"600\" width=\"900\"  itemprop=\"thumbnailUrl\" srcset=\"https:\/\/radiorevelacionfm.cl\/wp-content\/uploads\/2022\/06\/formacion-aniversario-pdi-003-1_optimized.jpg 900w, https:\/\/radiorevelacionfm.cl\/wp-content\/uploads\/2022\/06\/formacion-aniversario-pdi-003-1_optimized-300x200.jpg 300w, https:\/\/radiorevelacionfm.cl\/wp-content\/uploads\/2022\/06\/formacion-aniversario-pdi-003-1_optimized-768x512.jpg 768w, https:\/\/radiorevelacionfm.cl\/wp-content\/uploads\/2022\/06\/formacion-aniversario-pdi-003-1_optimized-705x470.jpg 705w, https:\/\/radiorevelacionfm.cl\/wp-content\/uploads\/2022\/06\/formacion-aniversario-pdi-003-1_optimized-600x400.jpg 600w\" sizes=\"(max-width: 900px) 100vw, 900px\" \/><\/div><\/div><\/div><\/div><div class=\"flex_column av_one_full  flex_column_div av-zero-column-padding first  avia-builder-el-2  el_after_av_one_full  el_before_av_one_full  column-top-margin\" style='border-radius:0px; '><section class=\"av_textblock_section \"  itemscope=\"itemscope\" itemtype=\"https:\/\/schema.org\/BlogPosting\" itemprop=\"blogPost\" ><div class='avia_textblock  '   itemprop=\"text\" ><p style=\"text-align: center;\"><span style=\"font-size: 18pt;\"><strong>PDI celebr\u00f3 sus 89 a\u00f1os con Izamiento de Pabellones<\/strong><\/span><\/p>\n<div id=\"gtx-trans\" style=\"position: absolute; left: -50px; top: 4.31534px;\">\n<div class=\"gtx-trans-icon\"><\/div>\n<\/div>\n<\/div><\/section><\/div><div class=\"flex_column av_one_full  flex_column_div av-zero-column-padding first  avia-builder-el-4  el_after_av_one_full  el_before_av_hr  column-top-margin\" style='border-radius:0px; '><section class=\"av_textblock_section \"  itemscope=\"itemscope\" itemtype=\"https:\/\/schema.org\/BlogPosting\" itemprop=\"blogPost\" ><div class='avia_textblock  '   itemprop=\"text\" ><p style=\"text-align: justify;\">Este domingo 19 de junio, detectives y personal institucional de la Polic\u00eda de Investigaciones de Chile en la regi\u00f3n de Ays\u00e9n llevaron a cabo la tradicional ceremonia de \u201cLista Solemne e Izamiento de Pabellones\u201d, en conmemoraci\u00f3n del 89\u00b0 Aniversario Institucional.<\/p>\n<p style=\"text-align: justify;\">En esta oportunidad, la solemne ceremonia realizada en la capital regional cont\u00f3 con la participaci\u00f3n de autoridades regionales, quienes reconocieron a los hombres y mujeres por su entrega y compromiso en el desarrollo de sus funciones en la investigaci\u00f3n de los delitos.<\/p>\n<p style=\"text-align: justify;\">As\u00ed, participaron el Delegado Presidencial Regional, Rodrigo Araya Morales; el Fiscal Regional de Ays\u00e9n, Carlos Palma Guerra; el Comandante en Jefe de la Cuarta Divisi\u00f3n de Ej\u00e9rcito, General de Brigada Luis P\u00e9rez Astorga; el Jefe de la XI Zona de Carabineros de Ays\u00e9n, General Hugo Zenteno V\u00e1squez; el Comandante de la Guarnici\u00f3n Naval y Gobernador Mar\u00edtimo de Ays\u00e9n, Capit\u00e1n de Fragata Litoral Javier Ch\u00e1vez Correa; el Comandante de la Base A\u00e9rea de Balmaceda, Suboficial Mayor H\u00e9ctor Sol\u00eds Rozas; el Director Regional del Servicio Nacional de Migraciones Ays\u00e9n, Jorge Ojeda Molina; el Coordinador Regional de Seguridad P\u00fablica, Crist\u00f3bal Barcel\u00f3 Veas; el Capit\u00e1n\u00a0 N\u00e9stor Vargas Fuentes, en representaci\u00f3n de la Direcci\u00f3n Regional de Gendarmer\u00eda; el Concejal Fidel Pinilla Andrade de la Municipalidad de Coyhaique; la Presidenta de la C\u00e1mara de Comercio de Coyhaique, Daissy Mondelo Duhalde; e invitados especiales.<\/p>\n<p style=\"text-align: justify;\">La actividad desarrollada en el Complejo Policial Baquedano, fue encabezada por el Prefecto Delf\u00edn Olgu\u00edn Donoso, Jefe de la Regi\u00f3n Policial de Ays\u00e9n, quien ratific\u00f3 el compromiso del personal institucional con seguir trabajando arduamente de manera profesional, transparente, cercana a la comunidad y con un apego irrestricto a los Derechos Humanos.<\/p>\n<p style=\"text-align: justify;\">Este acto se realiza a nivel nacional en todos los Complejos Policiales de la PDI, en este sentido, el personal de la Prefectura Provincial Ays\u00e9n realiz\u00f3 lo propio en una solemne actividad encabezada por el Prefecto Christian Fuentes Cubillos.<\/p>\n<\/div><\/section><\/div><div  style='height:50px' class='hr hr-invisible   avia-builder-el-6  el_after_av_one_full  el_before_av_social_share '><span class='hr-inner ' ><span class='hr-inner-style'><\/span><\/span><\/div><\/p>\n<div  class='av-social-sharing-box  avia-builder-el-7  el_after_av_hr  el_before_av_hr  '><div class='av-share-box'><h5 class='av-share-link-description av-no-toc '>Compartir esta noticia<\/h5><ul class='av-share-box-list noLightbox'><li class='av-share-link av-social-link-facebook' ><a target=\"_blank\" aria-label=\"Compartir en Facebook\" href='https:\/\/www.facebook.com\/sharer.php?u=https:\/\/radiorevelacionfm.cl\/?p=18188&#038;t=PDI%20celebr%C3%B3%20sus%2089%20a%C3%B1os%20con%20Izamiento%20de%20Pabellones' aria-hidden='false' data-av_icon='\ue8f3' data-av_iconfont='entypo-fontello' title='' data-avia-related-tooltip='Compartir en Facebook' rel=\"noopener\"><span class='avia_hidden_link_text'>Compartir en Facebook<\/span><\/a><\/li><li class='av-share-link av-social-link-twitter' ><a target=\"_blank\" aria-label=\"Compartir en Twitter\" href='https:\/\/twitter.com\/share?text=PDI%20celebr%C3%B3%20sus%2089%20a%C3%B1os%20con%20Izamiento%20de%20Pabellones&#038;url=https:\/\/radiorevelacionfm.cl\/?p=18188' aria-hidden='false' data-av_icon='\ue8f1' data-av_iconfont='entypo-fontello' title='' data-avia-related-tooltip='Compartir en Twitter' rel=\"noopener\"><span class='avia_hidden_link_text'>Compartir en Twitter<\/span><\/a><\/li><li class='av-share-link av-social-link-whatsapp' ><a target=\"_blank\" aria-label=\"Compartir en Whatsapp\" href='https:\/\/api.whatsapp.com\/send?text=https:\/\/radiorevelacionfm.cl\/?p=18188' aria-hidden='false' data-av_icon='\uf232' data-av_iconfont='entypo-fontello' title='' data-avia-related-tooltip='Compartir en Whatsapp' rel=\"noopener\"><span class='avia_hidden_link_text'>Compartir en Whatsapp<\/span><\/a><\/li><li class='av-share-link av-social-link-linkedin' ><a target=\"_blank\" aria-label=\"Compartir en LinkedIn\" href='https:\/\/linkedin.com\/shareArticle?mini=true&#038;title=PDI%20celebr%C3%B3%20sus%2089%20a%C3%B1os%20con%20Izamiento%20de%20Pabellones&#038;url=https:\/\/radiorevelacionfm.cl\/?p=18188' aria-hidden='false' data-av_icon='\ue8fc' data-av_iconfont='entypo-fontello' title='' data-avia-related-tooltip='Compartir en LinkedIn' rel=\"noopener\"><span class='avia_hidden_link_text'>Compartir en LinkedIn<\/span><\/a><\/li><li class='av-share-link av-social-link-mail' ><a  aria-label=\"Compartir por correo\" href='mailto:?subject=PDI%20celebr%C3%B3%20sus%2089%20a%C3%B1os%20con%20Izamiento%20de%20Pabellones&#038;body=https:\/\/radiorevelacionfm.cl\/?p=18188' aria-hidden='false' data-av_icon='\ue805' data-av_iconfont='entypo-fontello' title='' data-avia-related-tooltip='Compartir por correo'><span class='avia_hidden_link_text'>Compartir por correo<\/span><\/a><\/li><\/ul><\/div><\/div>\n<div  style='height:50px' class='hr hr-invisible   avia-builder-el-8  el_after_av_social_share  el_before_av_comments_list '><span class='hr-inner ' ><span class='hr-inner-style'><\/span><\/span><\/div>\n<div  class='av-buildercomment  av-blog-meta-html-info-disabled av-blog-meta-tag-disabled  '><\/div>\n","protected":false},"excerpt":{"rendered":"","protected":false},"author":1,"featured_media":18189,"comment_status":"open","ping_status":"open","sticky":false,"template":"","format":"standard","meta":{"footnotes":""},"categories":[36],"tags":[],"class_list":["post-18188","post","type-post","status-publish","format-standard","has-post-thumbnail","hentry","category-policial"],"jetpack_featured_media_url":"https:\/\/radiorevelacionfm.cl\/wp-content\/uploads\/2022\/06\/formacion-aniversario-pdi-003-1_optimized.jpg","_links":{"self":[{"href":"https:\/\/radiorevelacionfm.cl\/index.php?rest_route=\/wp\/v2\/posts\/18188","targetHints":{"allow":["GET"]}}],"collection":[{"href":"https:\/\/radiorevelacionfm.cl\/index.php?rest_route=\/wp\/v2\/posts"}],"about":[{"href":"https:\/\/radiorevelacionfm.cl\/index.php?rest_route=\/wp\/v2\/types\/post"}],"author":[{"embeddable":true,"href":"https:\/\/radiorevelacionfm.cl\/index.php?rest_route=\/wp\/v2\/users\/1"}],"replies":[{"embeddable":true,"href":"https:\/\/radiorevelacionfm.cl\/index.php?rest_route=%2Fwp%2Fv2%2Fcomments&post=18188"}],"version-history":[{"count":2,"href":"https:\/\/radiorevelacionfm.cl\/index.php?rest_route=\/wp\/v2\/posts\/18188\/revisions"}],"predecessor-version":[{"id":18191,"href":"https:\/\/radiorevelacionfm.cl\/index.php?rest_route=\/wp\/v2\/posts\/18188\/revisions\/18191"}],"wp:featuredmedia":[{"embeddable":true,"href":"https:\/\/radiorevelacionfm.cl\/index.php?rest_route=\/wp\/v2\/media\/18189"}],"wp:attachment":[{"href":"https:\/\/radiorevelacionfm.cl\/index.php?rest_route=%2Fwp%2Fv2%2Fmedia&parent=18188"}],"wp:term":[{"taxonomy":"category","embeddable":true,"href":"https:\/\/radiorevelacionfm.cl\/index.php?rest_route=%2Fwp%2Fv2%2Fcategories&post=18188"},{"taxonomy":"post_tag","embeddable":true,"href":"https:\/\/radiorevelacionfm.cl\/index.php?rest_route=%2Fwp%2Fv2%2Ftags&post=18188"}],"curies":[{"name":"wp","href":"https:\/\/api.w.org\/{rel}","templated":true}]}}