{"id":18184,"date":"2022-06-19T21:37:16","date_gmt":"2022-06-20T00:37:16","guid":{"rendered":"https:\/\/radiorevelacionfm.cl\/?p=18184"},"modified":"2022-06-19T21:37:16","modified_gmt":"2022-06-20T00:37:16","slug":"equipo-de-gobierno-constato-situacion-de-barcaza-chelenco-tras-desperfecto-en-rampa","status":"publish","type":"post","link":"https:\/\/radiorevelacionfm.cl\/?p=18184","title":{"rendered":"Equipo de gobierno constat\u00f3 situaci\u00f3n de barcaza Chelenco tras desperfecto en rampa"},"content":{"rendered":"<div class=\"flex_column av_one_full  flex_column_div av-zero-column-padding first  avia-builder-el-0  el_before_av_one_full  avia-builder-el-first  \" style='border-radius:0px; '><div  class='avia-image-container  av-styling-    avia-builder-el-1  avia-builder-el-no-sibling  avia-align-center '  itemprop=\"image\" itemscope=\"itemscope\" itemtype=\"https:\/\/schema.org\/ImageObject\"  ><div class='avia-image-container-inner'><div class='avia-image-overlay-wrap'><img decoding=\"async\" class='wp-image-0 avia-img-lazy-loading-not-0 avia_image' src=\"https:\/\/radiorevelacionfm.cl\/wp-content\/uploads\/2022\/06\/220619-barcaza-Chelenco-Rodrigo-Araya-Morales-1-1.jpg\" alt='' title=''   itemprop=\"thumbnailUrl\"  \/><\/div><\/div><\/div><\/div><div class=\"flex_column av_one_full  flex_column_div av-zero-column-padding first  avia-builder-el-2  el_after_av_one_full  el_before_av_one_full  column-top-margin\" style='border-radius:0px; '><section class=\"av_textblock_section \"  itemscope=\"itemscope\" itemtype=\"https:\/\/schema.org\/BlogPosting\" itemprop=\"blogPost\" ><div class='avia_textblock  '   itemprop=\"text\" ><p style=\"text-align: center;\"><strong><span style=\"font-size: 18pt;\">Equipo de gobierno constat\u00f3 situaci\u00f3n de barcaza Chelenco tras desperfecto en rampa<\/span><\/strong><\/p>\n<div id=\"gtx-trans\" style=\"position: absolute; left: -50px; top: 4.31534px;\">\n<div class=\"gtx-trans-icon\"><\/div>\n<\/div>\n<\/div><\/section><\/div><div class=\"flex_column av_one_full  flex_column_div av-zero-column-padding first  avia-builder-el-4  el_after_av_one_full  el_before_av_hr  column-top-margin\" style='border-radius:0px; '><section class=\"av_textblock_section \"  itemscope=\"itemscope\" itemtype=\"https:\/\/schema.org\/BlogPosting\" itemprop=\"blogPost\" ><div class='avia_textblock  '   itemprop=\"text\" ><p style=\"font-weight: 400; text-align: justify;\">Un equipo de gobierno trabaj\u00f3 la tarde de este s\u00e1bado en Puerto Ib\u00e1\u00f1ez para constatar e inspeccionar en terreno el desperfecto que registr\u00f3 la rampa de la barcaza Chelenco, en el Lago General Carrera, producto de un desperfecto de la bomba hidr\u00e1ulica.<\/p>\n<p style=\"font-weight: 400; text-align: justify;\">El Delegado Presidencial Regional, Rodrigo Araya Morales, encabez\u00f3 la verificaci\u00f3n, junto a su par provincial Daniel Fern\u00e1ndez y los secretarios regionales ministeriales de Transportes y Telecomunicaciones, Claudia Cantero, y de Obras P\u00fablicas, Patricio Sanhueza.<\/p>\n<p style=\"font-weight: 400; text-align: justify;\">\u201cNos preocupa que la empresa est\u00e9 cumpliendo con los est\u00e1ndares de seguridad que est\u00e1n especificados en el contrato, por lo que nos constituimos. Conversamos con el due\u00f1o de la empresa, pero tambi\u00e9n con los mec\u00e1nicos que est\u00e1n haciendo la reparaci\u00f3n. Nos dejaron totalmente aclarado que la falla se produjo en una bomba hidr\u00e1ulica que activaba la rampa, que los motores est\u00e1n funcionando normalmente y que hacen mantenci\u00f3n peri\u00f3dica. De hecho, este domingo viene el mec\u00e1nico a hacerle la mantenci\u00f3n actual, lo cual nos da certezas de que no hay fallas mayores. La barcaza estar\u00eda funcionando normalmente el lunes en la tarde, lo que nos da seguridades. Tambi\u00e9n, queremos transmitir a la comunidad que estamos tremendamente preocupados de que esto no vuelva a suceder. Y as\u00ed se lo hicimos ver a la empresa\u201d, enfatiz\u00f3 Rodrigo Araya tras la inspecci\u00f3n.<\/p>\n<p style=\"font-weight: 400; text-align: justify;\">La seremi de Transporte y Telecomunicaciones, Claudia Cantero agreg\u00f3 que al mismo tiempo se sigue trabajando en los acuerdos de la Mesa de Conectividad, donde se considera la subvenci\u00f3n a\u00e9rea y las bases participativas de la licitaci\u00f3n del servicio lacustre.<\/p>\n<p style=\"font-weight: 400; text-align: justify;\">\u201cLa situaci\u00f3n puntual es un desperfecto que ocurri\u00f3 en la nave Chelenco, con una bomba hidr\u00e1ulica que activa la rampa. Estamos ac\u00e1 en terreno, constatando que efectivamente la empresa est\u00e1 trabajando en ello con sus ingenieros mec\u00e1nicos, reparando el desperfecto. Nosotros nos comprometimos desde un principio como gobierno, a estar en terreno, estar ac\u00e1 trabajando con la comunidad, estuvimos tambi\u00e9n en Chile Chico en una intensa jornada trabajando con la comunidad, avanzando en las bases participativas para tener una pronta soluci\u00f3n al tema de la operaci\u00f3n de la barcaza en el lago General Carrera\u201d, detall\u00f3.<\/p>\n<p style=\"font-weight: 400; text-align: justify;\">Mientras se realicen las reparaciones, la barcaza Pilchero est\u00e1 cumpliendo el servicio de transbordo, programado este domingo para las 09:00 horas Chile Chico-Puerto Ib\u00e1\u00f1ez, 12:00 horas Puerto Ib\u00e1\u00f1ez-Chile Chico, 16:00 horas Chile Chico-Puerto Ib\u00e1\u00f1ez y 19:00 horas Puerto Ib\u00e1\u00f1ez-Chile Chico.<\/p>\n<p style=\"font-weight: 400; text-align: justify;\">\u201cSe nos inform\u00f3 que la barcaza Chelenco estar\u00eda en operaciones el d\u00eda lunes la tarde, eso se proyecta. Para el d\u00eda de ma\u00f1ana (domingo) esperamos que la barcaza Pilchero realice los viajes que hab\u00eda comprometido la barcaza Chelenco\u201d, concluy\u00f3.<\/p>\n<p style=\"font-weight: 400; text-align: justify;\">La Armada, a trav\u00e9s de la Comisi\u00f3n Local de Inspecci\u00f3n de Naves (CLIN), har\u00e1 la inspecci\u00f3n final de la barcaza este lunes, tras lo cual se autorizar\u00eda el zarpe.<\/p>\n<\/div><\/section><\/div><div  style='height:50px' class='hr hr-invisible   avia-builder-el-6  el_after_av_one_full  el_before_av_social_share '><span class='hr-inner ' ><span class='hr-inner-style'><\/span><\/span><\/div><\/p>\n<div  class='av-social-sharing-box  avia-builder-el-7  el_after_av_hr  el_before_av_hr  '><div class='av-share-box'><h5 class='av-share-link-description av-no-toc '>Compartir esta noticia<\/h5><ul class='av-share-box-list noLightbox'><li class='av-share-link av-social-link-facebook' ><a target=\"_blank\" aria-label=\"Compartir en Facebook\" href='https:\/\/www.facebook.com\/sharer.php?u=https:\/\/radiorevelacionfm.cl\/?p=18184&#038;t=Equipo%20de%20gobierno%20constat%C3%B3%20situaci%C3%B3n%20de%20barcaza%20Chelenco%20tras%20desperfecto%20en%20rampa' aria-hidden='false' data-av_icon='\ue8f3' data-av_iconfont='entypo-fontello' title='' data-avia-related-tooltip='Compartir en Facebook' rel=\"noopener\"><span class='avia_hidden_link_text'>Compartir en Facebook<\/span><\/a><\/li><li class='av-share-link av-social-link-twitter' ><a target=\"_blank\" aria-label=\"Compartir en Twitter\" href='https:\/\/twitter.com\/share?text=Equipo%20de%20gobierno%20constat%C3%B3%20situaci%C3%B3n%20de%20barcaza%20Chelenco%20tras%20desperfecto%20en%20rampa&#038;url=https:\/\/radiorevelacionfm.cl\/?p=18184' aria-hidden='false' data-av_icon='\ue8f1' data-av_iconfont='entypo-fontello' title='' data-avia-related-tooltip='Compartir en Twitter' rel=\"noopener\"><span class='avia_hidden_link_text'>Compartir en Twitter<\/span><\/a><\/li><li class='av-share-link av-social-link-whatsapp' ><a target=\"_blank\" aria-label=\"Compartir en Whatsapp\" href='https:\/\/api.whatsapp.com\/send?text=https:\/\/radiorevelacionfm.cl\/?p=18184' aria-hidden='false' data-av_icon='\uf232' data-av_iconfont='entypo-fontello' title='' data-avia-related-tooltip='Compartir en Whatsapp' rel=\"noopener\"><span class='avia_hidden_link_text'>Compartir en Whatsapp<\/span><\/a><\/li><li class='av-share-link av-social-link-linkedin' ><a target=\"_blank\" aria-label=\"Compartir en LinkedIn\" href='https:\/\/linkedin.com\/shareArticle?mini=true&#038;title=Equipo%20de%20gobierno%20constat%C3%B3%20situaci%C3%B3n%20de%20barcaza%20Chelenco%20tras%20desperfecto%20en%20rampa&#038;url=https:\/\/radiorevelacionfm.cl\/?p=18184' aria-hidden='false' data-av_icon='\ue8fc' data-av_iconfont='entypo-fontello' title='' data-avia-related-tooltip='Compartir en LinkedIn' rel=\"noopener\"><span class='avia_hidden_link_text'>Compartir en LinkedIn<\/span><\/a><\/li><li class='av-share-link av-social-link-mail' ><a  aria-label=\"Compartir por correo\" href='mailto:?subject=Equipo%20de%20gobierno%20constat%C3%B3%20situaci%C3%B3n%20de%20barcaza%20Chelenco%20tras%20desperfecto%20en%20rampa&#038;body=https:\/\/radiorevelacionfm.cl\/?p=18184' aria-hidden='false' data-av_icon='\ue805' data-av_iconfont='entypo-fontello' title='' data-avia-related-tooltip='Compartir por correo'><span class='avia_hidden_link_text'>Compartir por correo<\/span><\/a><\/li><\/ul><\/div><\/div>\n<div  style='height:50px' class='hr hr-invisible   avia-builder-el-8  el_after_av_social_share  el_before_av_comments_list '><span class='hr-inner ' ><span class='hr-inner-style'><\/span><\/span><\/div>\n<div  class='av-buildercomment  av-blog-meta-html-info-disabled av-blog-meta-tag-disabled  '><\/div>\n","protected":false},"excerpt":{"rendered":"","protected":false},"author":1,"featured_media":0,"comment_status":"open","ping_status":"open","sticky":false,"template":"","format":"standard","meta":{"footnotes":""},"categories":[38],"tags":[],"class_list":["post-18184","post","type-post","status-publish","format-standard","hentry","category-regional"],"jetpack_featured_media_url":"","_links":{"self":[{"href":"https:\/\/radiorevelacionfm.cl\/index.php?rest_route=\/wp\/v2\/posts\/18184","targetHints":{"allow":["GET"]}}],"collection":[{"href":"https:\/\/radiorevelacionfm.cl\/index.php?rest_route=\/wp\/v2\/posts"}],"about":[{"href":"https:\/\/radiorevelacionfm.cl\/index.php?rest_route=\/wp\/v2\/types\/post"}],"author":[{"embeddable":true,"href":"https:\/\/radiorevelacionfm.cl\/index.php?rest_route=\/wp\/v2\/users\/1"}],"replies":[{"embeddable":true,"href":"https:\/\/radiorevelacionfm.cl\/index.php?rest_route=%2Fwp%2Fv2%2Fcomments&post=18184"}],"version-history":[{"count":2,"href":"https:\/\/radiorevelacionfm.cl\/index.php?rest_route=\/wp\/v2\/posts\/18184\/revisions"}],"predecessor-version":[{"id":18187,"href":"https:\/\/radiorevelacionfm.cl\/index.php?rest_route=\/wp\/v2\/posts\/18184\/revisions\/18187"}],"wp:attachment":[{"href":"https:\/\/radiorevelacionfm.cl\/index.php?rest_route=%2Fwp%2Fv2%2Fmedia&parent=18184"}],"wp:term":[{"taxonomy":"category","embeddable":true,"href":"https:\/\/radiorevelacionfm.cl\/index.php?rest_route=%2Fwp%2Fv2%2Fcategories&post=18184"},{"taxonomy":"post_tag","embeddable":true,"href":"https:\/\/radiorevelacionfm.cl\/index.php?rest_route=%2Fwp%2Fv2%2Ftags&post=18184"}],"curies":[{"name":"wp","href":"https:\/\/api.w.org\/{rel}","templated":true}]}}