{"id":18179,"date":"2022-06-20T10:48:58","date_gmt":"2022-06-20T13:48:58","guid":{"rendered":"https:\/\/radiorevelacionfm.cl\/?p=18179"},"modified":"2022-06-20T10:48:58","modified_gmt":"2022-06-20T13:48:58","slug":"gran-interes-concita-curso-que-capacita-en-como-enfrentar-mega-loteos-en-el-suelo-agricola","status":"publish","type":"post","link":"https:\/\/radiorevelacionfm.cl\/?p=18179","title":{"rendered":"Gran inter\u00e9s concita curso que capacita en c\u00f3mo enfrentar mega loteos en el suelo agr\u00edcola"},"content":{"rendered":"<div class=\"flex_column av_one_full  flex_column_div av-zero-column-padding first  avia-builder-el-0  el_before_av_one_full  avia-builder-el-first  \" style='border-radius:0px; '><div  class='avia-image-container  av-styling-    avia-builder-el-1  avia-builder-el-no-sibling  avia-align-center '  itemprop=\"image\" itemscope=\"itemscope\" itemtype=\"https:\/\/schema.org\/ImageObject\"  ><div class='avia-image-container-inner'><div class='avia-image-overlay-wrap'><img decoding=\"async\" class='wp-image-18182 avia-img-lazy-loading-not-18182 avia_image' src=\"https:\/\/radiorevelacionfm.cl\/wp-content\/uploads\/2022\/06\/captura-de-pantalla-2022-06-19-a-las-11_optimized.36.13-baja-1.jpg\" alt='' title='captura-de-pantalla-2022-06-19-a-la(s)-11_optimized.36.13-baja-(1)' height=\"600\" width=\"1202\"  itemprop=\"thumbnailUrl\" srcset=\"https:\/\/radiorevelacionfm.cl\/wp-content\/uploads\/2022\/06\/captura-de-pantalla-2022-06-19-a-las-11_optimized.36.13-baja-1.jpg 1202w, https:\/\/radiorevelacionfm.cl\/wp-content\/uploads\/2022\/06\/captura-de-pantalla-2022-06-19-a-las-11_optimized.36.13-baja-1-300x150.jpg 300w, https:\/\/radiorevelacionfm.cl\/wp-content\/uploads\/2022\/06\/captura-de-pantalla-2022-06-19-a-las-11_optimized.36.13-baja-1-1030x514.jpg 1030w, https:\/\/radiorevelacionfm.cl\/wp-content\/uploads\/2022\/06\/captura-de-pantalla-2022-06-19-a-las-11_optimized.36.13-baja-1-768x383.jpg 768w, https:\/\/radiorevelacionfm.cl\/wp-content\/uploads\/2022\/06\/captura-de-pantalla-2022-06-19-a-las-11_optimized.36.13-baja-1-705x352.jpg 705w, https:\/\/radiorevelacionfm.cl\/wp-content\/uploads\/2022\/06\/captura-de-pantalla-2022-06-19-a-las-11_optimized.36.13-baja-1-600x300.jpg 600w\" sizes=\"(max-width: 1202px) 100vw, 1202px\" \/><\/div><\/div><\/div><\/div><div class=\"flex_column av_one_full  flex_column_div av-zero-column-padding first  avia-builder-el-2  el_after_av_one_full  el_before_av_one_full  column-top-margin\" style='border-radius:0px; '><section class=\"av_textblock_section \"  itemscope=\"itemscope\" itemtype=\"https:\/\/schema.org\/BlogPosting\" itemprop=\"blogPost\" ><div class='avia_textblock  '   itemprop=\"text\" ><p style=\"text-align: center;\"><span style=\"font-size: 18pt;\"><b><span lang=\"ES\">Gran inter<\/span><\/b><b><span lang=\"X-NONE\">\u00e9s concita curso que capacita en c\u00f3mo enfrentar mega loteos en el suelo agr\u00edcola<\/span><\/b><\/span><\/p>\n<div id=\"gtx-trans\" style=\"position: absolute; left: -50px; top: 4.31534px;\">\n<div class=\"gtx-trans-icon\"><\/div>\n<\/div>\n<\/div><\/section><\/div><\/p>\n<div class=\"flex_column av_one_full  flex_column_div av-zero-column-padding first  avia-builder-el-4  el_after_av_one_full  el_before_av_hr  column-top-margin\" style='border-radius:0px; '><section class=\"av_textblock_section \"  itemscope=\"itemscope\" itemtype=\"https:\/\/schema.org\/BlogPosting\" itemprop=\"blogPost\" ><div class='avia_textblock  '   itemprop=\"text\" ><p class=\"v1MsoNormal\" style=\"text-align: justify;\"><span lang=\"ES\">Unas 300 personas de todo el pa<\/span><span lang=\"X-NONE\">\u00eds han participado en las dos primeras clases del curso online \u00abUrbanizaci\u00f3n del suelo agr\u00edcola: Loteos en Ays\u00e9n, causas y efectos\u00bb, que imparten en conjunto profesionales de la Corporaci\u00f3n Privada para el Desarrollo de Ays\u00e9n (CODESA) y la ONG FIMA.\u00a0 El programa se dicta en el marco de la Universidad Socioambiental, que por tercer a\u00f1o se desarrolla con apoyo de la Friedrich Ebert Stiftung y la Sociedad Civil por la Acci\u00f3n Clim\u00e1tica.<\/span><\/p>\n<p class=\"v1MsoNormal\" style=\"text-align: justify;\"><span lang=\"X-NONE\">La primera sesi\u00f3n se realiz\u00f3 el\u00a0martes 7 de junio, a partir de las 19:00 horas.\u00a0 En \u00e9sta, el presidente de CODESA,\u00a0Erwin Sandoval Gallardo, junto al periodista y director de la organizaci\u00f3n,\u00a0Patricio Segura Ortiz, explicaron la realidad de los mega loteos en Ays\u00e9n, as\u00ed como sus impactos sociales, ambientales y econ\u00f3micos.<\/span><\/p>\n<p class=\"v1MsoNormal\" style=\"text-align: justify;\"><span lang=\"X-NONE\">El\u00a0martes 14, en tanto, los abogados de la ONG FIMA,\u00a0Marcos Emilfork Orthusteguy\u00a0y\u00a0Constanza Gumucio Sol\u00eds, se refirieron a las aristas legales involucradas en el proceso de subdivisi\u00f3n de la tierra, tanto a nivel de la Ley de Bases Generales del Medio Ambiente como del Decreto Ley 3.516 que regula la parcelaci\u00f3n de predios r\u00fasticos y de la Ley General de Urbanismos y Construcciones (LGUC), entre otros.<\/span><\/p>\n<p class=\"v1MsoNormal\" style=\"text-align: justify;\"><span lang=\"X-NONE\">El\u00a0martes 28\u00a0de junio\u00a0ser\u00e1 la \u00faltima clase. Ese d\u00eda se explicar\u00e1n las herramientas que est\u00e1n al acceso la ciudadan\u00eda para enfrentar el fen\u00f3meno, que est\u00e1 impactando gravemente en t\u00e9rminos ambientales y sociales la regi\u00f3n, sus capacidades de carga, adem\u00e1s de los riesgos para el sistema p\u00fablico por la futura provisi\u00f3n de servicios (agua, energ\u00eda, disposici\u00f3n de residuos, alcantarillado, etc.).\u00a0 Todo esto producto de la generaci\u00f3n de nuevos n\u00facleos urbanos en suelo rural al margen de la planificaci\u00f3n, situaci\u00f3n prohibida expresamente por la LGUC.<\/span><\/p>\n<p class=\"v1MsoNormal\" style=\"text-align: justify;\"><span lang=\"X-NONE\">Es as\u00ed que se capacitar\u00e1 sobre los mecanismos para pesquisar informaci\u00f3n sobre roles mediante pol\u00edgonos georreferenciados, antecedentes de los titulares de los proyectos y certificados de subdivisi\u00f3n, a trav\u00e9s de p\u00e1ginas web de acceso p\u00fablico y solicitudes v\u00eda Ley de Transparencia.\u00a0 Asimismo, una vez que se cuente con los antecedentes b\u00e1sicos, qu\u00e9 acciones legales y administrativas es posible emprender para cautelar la protecci\u00f3n de los ecosistemas y los derechos de las comunidades y poblados ya existentes.<\/span><\/p>\n<p class=\"v1MsoNormal\" style=\"text-align: justify;\"><span lang=\"X-NONE\">Quienes quieran participar en la \u00faltima clase, se pueden inscribir en la web\u00a0<\/span><span lang=\"ES\"><a href=\"http:\/\/www.usocioambiental.cl\/\" target=\"_blank\" rel=\"noopener noreferrer\"><span lang=\"X-NONE\">www.usocioambiental.cl<\/span><\/a><\/span><span lang=\"X-NONE\">.\u00a0 En este sitio, adem\u00e1s, est\u00e1n disponibles los videos de las jornadas ya previas.<\/span><\/p>\n<p class=\"v1MsoNormal\" style=\"text-align: justify;\"><span lang=\"X-NONE\">\u00a0<\/span><\/p>\n<p class=\"v1MsoNormal\" style=\"text-align: justify;\"><strong><span lang=\"X-NONE\">Ofensiva legal<\/span><\/strong><\/p>\n<p class=\"v1MsoNormal\" style=\"text-align: justify;\"><span lang=\"X-NONE\">CODESA y la ONG FIMA, junto a la Agrupaci\u00f3n Ays\u00e9n Reserva de Vida, han impulsado una ofensiva ante la Superintendencia del Medio Ambiente con el fin de que se exija evaluaci\u00f3n ambiental a 39 mega loteos en la regi\u00f3n.\u00a0 Esto es parte de un trabajo que continuar\u00e1, tanto en el marco de la aplicaci\u00f3n de la legislaci\u00f3n ambiental como de otros cuerpos normativos.<\/span><\/p>\n<p class=\"v1MsoNormal\" style=\"text-align: justify;\"><span lang=\"X-NONE\">El curso nace, precisamente, de la idea de compartir p\u00fablicamente tanto lo aprendido como los resultados de ese trabajo ciudadano.<\/span><\/p>\n<p class=\"v1MsoNormal\" style=\"text-align: justify;\"><span lang=\"X-NONE\">Se inform\u00f3, en tanto, que el jueves 9 de julio comenzar\u00e1 el curso\u00a0\u00abDesaf\u00edos Socioambientales: La Patagonia como laboratorio\u00bb, que en 4 clases impartir\u00e1n profesionales de CODESA y de otras organizaciones de la regi\u00f3n de Ays\u00e9n.\u00a0<\/span><\/p>\n<p class=\"v1MsoNormal\" style=\"text-align: justify;\"><span lang=\"X-NONE\">Inscripciones tambi\u00e9n en la p\u00e1gina\u00a0<\/span><span lang=\"ES\"><a href=\"http:\/\/www.usocioambiental.cl\/\" target=\"_blank\" rel=\"noopener noreferrer\"><span lang=\"X-NONE\">www.usocioambiental.cl<\/span><\/a><\/span><\/p>\n<\/div><\/section><\/div>\n<div  style='height:50px' class='hr hr-invisible   avia-builder-el-6  el_after_av_one_full  el_before_av_social_share '><span class='hr-inner ' ><span class='hr-inner-style'><\/span><\/span><\/div>\n<div  class='av-social-sharing-box  avia-builder-el-7  el_after_av_hr  el_before_av_hr  '><div class='av-share-box'><h5 class='av-share-link-description av-no-toc '>Compartir esta noticia<\/h5><ul class='av-share-box-list noLightbox'><li class='av-share-link av-social-link-facebook' ><a target=\"_blank\" aria-label=\"Compartir en Facebook\" href='https:\/\/www.facebook.com\/sharer.php?u=https:\/\/radiorevelacionfm.cl\/?p=18179&#038;t=Gran%20inter%C3%A9s%20concita%20curso%20que%20capacita%20en%20c%C3%B3mo%20enfrentar%20mega%20loteos%20en%20el%20suelo%20agr%C3%ADcola' aria-hidden='false' data-av_icon='\ue8f3' data-av_iconfont='entypo-fontello' title='' data-avia-related-tooltip='Compartir en Facebook' rel=\"noopener\"><span class='avia_hidden_link_text'>Compartir en Facebook<\/span><\/a><\/li><li class='av-share-link av-social-link-twitter' ><a target=\"_blank\" aria-label=\"Compartir en Twitter\" href='https:\/\/twitter.com\/share?text=Gran%20inter%C3%A9s%20concita%20curso%20que%20capacita%20en%20c%C3%B3mo%20enfrentar%20mega%20loteos%20en%20el%20suelo%20agr%C3%ADcola&#038;url=https:\/\/radiorevelacionfm.cl\/?p=18179' aria-hidden='false' data-av_icon='\ue8f1' data-av_iconfont='entypo-fontello' title='' data-avia-related-tooltip='Compartir en Twitter' rel=\"noopener\"><span class='avia_hidden_link_text'>Compartir en Twitter<\/span><\/a><\/li><li class='av-share-link av-social-link-whatsapp' ><a target=\"_blank\" aria-label=\"Compartir en Whatsapp\" href='https:\/\/api.whatsapp.com\/send?text=https:\/\/radiorevelacionfm.cl\/?p=18179' aria-hidden='false' data-av_icon='\uf232' data-av_iconfont='entypo-fontello' title='' data-avia-related-tooltip='Compartir en Whatsapp' rel=\"noopener\"><span class='avia_hidden_link_text'>Compartir en Whatsapp<\/span><\/a><\/li><li class='av-share-link av-social-link-linkedin' ><a target=\"_blank\" aria-label=\"Compartir en LinkedIn\" href='https:\/\/linkedin.com\/shareArticle?mini=true&#038;title=Gran%20inter%C3%A9s%20concita%20curso%20que%20capacita%20en%20c%C3%B3mo%20enfrentar%20mega%20loteos%20en%20el%20suelo%20agr%C3%ADcola&#038;url=https:\/\/radiorevelacionfm.cl\/?p=18179' aria-hidden='false' data-av_icon='\ue8fc' data-av_iconfont='entypo-fontello' title='' data-avia-related-tooltip='Compartir en LinkedIn' rel=\"noopener\"><span class='avia_hidden_link_text'>Compartir en LinkedIn<\/span><\/a><\/li><li class='av-share-link av-social-link-mail' ><a  aria-label=\"Compartir por correo\" href='mailto:?subject=Gran%20inter%C3%A9s%20concita%20curso%20que%20capacita%20en%20c%C3%B3mo%20enfrentar%20mega%20loteos%20en%20el%20suelo%20agr%C3%ADcola&#038;body=https:\/\/radiorevelacionfm.cl\/?p=18179' aria-hidden='false' data-av_icon='\ue805' data-av_iconfont='entypo-fontello' title='' data-avia-related-tooltip='Compartir por correo'><span class='avia_hidden_link_text'>Compartir por correo<\/span><\/a><\/li><\/ul><\/div><\/div>\n<div  style='height:50px' class='hr hr-invisible   avia-builder-el-8  el_after_av_social_share  el_before_av_comments_list '><span class='hr-inner ' ><span class='hr-inner-style'><\/span><\/span><\/div>\n<div  class='av-buildercomment  av-blog-meta-html-info-disabled av-blog-meta-tag-disabled  '><\/div>\n","protected":false},"excerpt":{"rendered":"","protected":false},"author":1,"featured_media":18182,"comment_status":"open","ping_status":"open","sticky":false,"template":"","format":"standard","meta":{"footnotes":""},"categories":[38],"tags":[],"class_list":["post-18179","post","type-post","status-publish","format-standard","has-post-thumbnail","hentry","category-regional"],"jetpack_featured_media_url":"https:\/\/radiorevelacionfm.cl\/wp-content\/uploads\/2022\/06\/captura-de-pantalla-2022-06-19-a-las-11_optimized.36.13-baja-1.jpg","_links":{"self":[{"href":"https:\/\/radiorevelacionfm.cl\/index.php?rest_route=\/wp\/v2\/posts\/18179","targetHints":{"allow":["GET"]}}],"collection":[{"href":"https:\/\/radiorevelacionfm.cl\/index.php?rest_route=\/wp\/v2\/posts"}],"about":[{"href":"https:\/\/radiorevelacionfm.cl\/index.php?rest_route=\/wp\/v2\/types\/post"}],"author":[{"embeddable":true,"href":"https:\/\/radiorevelacionfm.cl\/index.php?rest_route=\/wp\/v2\/users\/1"}],"replies":[{"embeddable":true,"href":"https:\/\/radiorevelacionfm.cl\/index.php?rest_route=%2Fwp%2Fv2%2Fcomments&post=18179"}],"version-history":[{"count":3,"href":"https:\/\/radiorevelacionfm.cl\/index.php?rest_route=\/wp\/v2\/posts\/18179\/revisions"}],"predecessor-version":[{"id":18207,"href":"https:\/\/radiorevelacionfm.cl\/index.php?rest_route=\/wp\/v2\/posts\/18179\/revisions\/18207"}],"wp:featuredmedia":[{"embeddable":true,"href":"https:\/\/radiorevelacionfm.cl\/index.php?rest_route=\/wp\/v2\/media\/18182"}],"wp:attachment":[{"href":"https:\/\/radiorevelacionfm.cl\/index.php?rest_route=%2Fwp%2Fv2%2Fmedia&parent=18179"}],"wp:term":[{"taxonomy":"category","embeddable":true,"href":"https:\/\/radiorevelacionfm.cl\/index.php?rest_route=%2Fwp%2Fv2%2Fcategories&post=18179"},{"taxonomy":"post_tag","embeddable":true,"href":"https:\/\/radiorevelacionfm.cl\/index.php?rest_route=%2Fwp%2Fv2%2Ftags&post=18179"}],"curies":[{"name":"wp","href":"https:\/\/api.w.org\/{rel}","templated":true}]}}