{"id":18168,"date":"2022-06-18T11:08:35","date_gmt":"2022-06-18T14:08:35","guid":{"rendered":"https:\/\/radiorevelacionfm.cl\/?p=18168"},"modified":"2022-06-18T11:08:35","modified_gmt":"2022-06-18T14:08:35","slug":"llaman-a-la-comunidad-a-realizar-un-buen-uso-del-servicio-de-urgencia-pediatrica-2","status":"publish","type":"post","link":"https:\/\/radiorevelacionfm.cl\/?p=18168","title":{"rendered":"Llaman a la comunidad a realizar un buen uso del Servicio de Urgencia Pedi\u00e1trica"},"content":{"rendered":"<div class=\"flex_column av_one_full  flex_column_div av-zero-column-padding first  avia-builder-el-0  el_before_av_one_full  avia-builder-el-first  \" style='border-radius:0px; '><div  class='avia-image-container  av-styling-    avia-builder-el-1  avia-builder-el-no-sibling  avia-align-center '  itemprop=\"image\" itemscope=\"itemscope\" itemtype=\"https:\/\/schema.org\/ImageObject\"  ><div class='avia-image-container-inner'><div class='avia-image-overlay-wrap'><img decoding=\"async\" class='wp-image-18025 avia-img-lazy-loading-not-18025 avia_image' src=\"https:\/\/radiorevelacionfm.cl\/wp-content\/uploads\/2022\/06\/atencion-de-salud-1-1.jpg\" alt='' title='atenci\u00f3n de salud (1) (1)' height=\"600\" width=\"801\"  itemprop=\"thumbnailUrl\" srcset=\"https:\/\/radiorevelacionfm.cl\/wp-content\/uploads\/2022\/06\/atencion-de-salud-1-1.jpg 801w, https:\/\/radiorevelacionfm.cl\/wp-content\/uploads\/2022\/06\/atencion-de-salud-1-1-300x225.jpg 300w, https:\/\/radiorevelacionfm.cl\/wp-content\/uploads\/2022\/06\/atencion-de-salud-1-1-768x575.jpg 768w, https:\/\/radiorevelacionfm.cl\/wp-content\/uploads\/2022\/06\/atencion-de-salud-1-1-705x528.jpg 705w, https:\/\/radiorevelacionfm.cl\/wp-content\/uploads\/2022\/06\/atencion-de-salud-1-1-600x449.jpg 600w\" sizes=\"(max-width: 801px) 100vw, 801px\" \/><\/div><\/div><\/div><\/div><div class=\"flex_column av_one_full  flex_column_div av-zero-column-padding first  avia-builder-el-2  el_after_av_one_full  el_before_av_one_full  column-top-margin\" style='border-radius:0px; '><section class=\"av_textblock_section \"  itemscope=\"itemscope\" itemtype=\"https:\/\/schema.org\/BlogPosting\" itemprop=\"blogPost\" ><div class='avia_textblock  '   itemprop=\"text\" ><p style=\"text-align: center;\"><strong><span style=\"font-size: 18pt;\">Llaman a la comunidad a realizar un buen uso del Servicio de Urgencia Pedi\u00e1trica<\/span><\/strong><\/p>\n<div id=\"gtx-trans\" style=\"position: absolute; left: -50px; top: 4.31534px;\">\n<div class=\"gtx-trans-icon\"><\/div>\n<\/div>\n<\/div><\/section><\/div><div class=\"flex_column av_one_full  flex_column_div av-zero-column-padding first  avia-builder-el-4  el_after_av_one_full  el_before_av_hr  column-top-margin\" style='border-radius:0px; '><section class=\"av_textblock_section \"  itemscope=\"itemscope\" itemtype=\"https:\/\/schema.org\/BlogPosting\" itemprop=\"blogPost\" ><div class='avia_textblock  '   itemprop=\"text\" ><p style=\"text-align: justify;\">Durante la \u00faltima semana ha quedado de manifiesto un aumento en la demanda por atenciones de urgencia, principalmente de pacientes pedi\u00e1tricos con sintomatolog\u00eda leve, aumentando los tiempos de espera en el Hospital Regional Coyhaique (HRC).<\/p>\n<p style=\"text-align: justify;\">Hasta 200 pacientes diarios han debido atender las y los m\u00e9dicos de la urgencia pedi\u00e1trica del Hospital Regional Coyhaique, durante la \u00faltima semana. Aumento de demanda principalmente vinculado a la circulaci\u00f3n de virus respiratorios.<\/p>\n<p style=\"text-align: justify;\">El servicio de urgencia diferenciado, fue creado en el 2020 principalmente para evitar el contacto de ni\u00f1os y ni\u00f1as con pacientes adultos contagiados con COVID-19, y fue pensado para permitir la atenci\u00f3n de aproximadamente 30 pacientes al d\u00eda.<\/p>\n<p style=\"text-align: justify;\">\u201cLa mayor\u00eda de las consultas corresponde a casos leves, en general estamos presentando demoras de 3,5 horas, menos que los tiempos en otras regiones del pa\u00eds, pero corresponde a casos leves entonces el llamado a la poblaci\u00f3n es que eviten consultar a Urgencias cuando tienen s\u00edntomas leves o evitar consultar a urgencias cuando vienen en b\u00fasqueda de un certificado o una indicaci\u00f3n de alta\u201d, se\u00f1al\u00f3 el Doctor Iv\u00e1n Lemus, Jefe de Pediatr\u00eda y de Urgencia Pedi\u00e1trica del Hospital Regional Coyhaique.<\/p>\n<p style=\"text-align: justify;\">Los tiempos de espera prolongados y la acumulaci\u00f3n de ni\u00f1os con sintomatolog\u00eda respiratoria, podr\u00eda convertir a Urgencias del Hospital en un foco de contagio de otras enfermedades para pacientes que no requer\u00edan una atenci\u00f3n de emergencia.<\/p>\n<p style=\"text-align: justify;\">Seg\u00fan explica el Doctor Lemus \u201ces riesgoso, porque se acumulan muchos ni\u00f1os con s\u00edntomas respiratorios en un espacio peque\u00f1o y ellos pueden contagiarse entre s\u00ed. No nos olvidemos que a\u00fan estamos en pandemia por COVID-19 y en este momento estamos empezando con el aumento de Virus Respiratorio Sincicial (VRS), que puede ser muy grave en algunos casos\u201d.<\/p>\n<p style=\"text-align: justify;\">\u201cAdem\u00e1s, tenemos una situaci\u00f3n especial que los \u201cni\u00f1os pand\u00e9micos\u201d no han sido expuesto a virus antes, entonces estos chiquititos no tienen la memoria inmunol\u00f3gica que hace que tengan defensas, entonces tenemos ni\u00f1os de 3 y 4 a\u00f1os que probablemente van a ser contagiados y no lo van a pasar bien\u201d, agreg\u00f3 el Jefe de Pediatr\u00eda del Hospital Regional Coyhaique, Dr. Iv\u00e1n Lemus.<\/p>\n<p style=\"text-align: justify;\">En este escenario, el llamado es preferir, en caso de sintomatolog\u00eda respiratoria leve, los otros centros de la Red Asistencial que pueden dar respuesta a estos casos, como por ejemplo el SAPU del CESFAM Alejandro Guti\u00e9rrez.<\/p>\n<p style=\"text-align: justify;\">\u201cEl SAPU tiene el fin de descongestionar nuestra Urgencia en el Hospital, este centro asistencial atiende a pacientes que no son una urgencia vital, pero s\u00ed que podemos hacer una atenci\u00f3n diferida. Contamos con recurso humano m\u00e9dico, de enfermer\u00eda, TENS, para brindar un soporte y atenci\u00f3n a nuestra comunidad\u201d, explic\u00f3 el Dr. Jos\u00e9 Luis Toledo, Director del CESFAM Alejandro Guti\u00e9rrez.<\/p>\n<p style=\"text-align: justify;\">Otra de las recomendaciones entregadas por los profesionales de salud es continuar con las rutinas de prevenci\u00f3n aprendidas durante los primeros dos a\u00f1os de pandemia, como el lavado frecuente de manos, uso de alcohol gel, la utilizaci\u00f3n de mascarillas y acceder a las campa\u00f1as de vacunaci\u00f3n contra el COVID-19 e Influenza.<\/p>\n<p style=\"text-align: justify;\">\u201cLas vacunas son el elemento principal de defensa que tenemos para nuestros hijos de algunos virus como la influenza o el mismo COVID-19, es la principal defensa y herramienta para evitarlo, as\u00ed que los que tienen la edad para vacunarse el llamado es a que lo hagan. Una influenza no es banal, puede provocar una infecci\u00f3n grave, incluso la muerte de un ni\u00f1o\u201d agreg\u00f3 el Doctor Iv\u00e1n Lemus, Jefe de Pediatr\u00eda y de Urgencia Pedi\u00e1trica del Hospital Regional Coyhaique.<\/p>\n<p style=\"text-align: justify;\">Los calendarios de vacunaci\u00f3n y los locales disponibles en toda la Regi\u00f3n de Ays\u00e9n, pueden ser revisados en las redes sociales del Servicio de Salud y en la p\u00e1gina web\u00a0<a href=\"http:\/\/saludaysen.cl\/\" data-saferedirecturl=\"https:\/\/www.google.com\/url?q=http:\/\/saludaysen.cl&amp;source=gmail&amp;ust=1655646361740000&amp;usg=AOvVaw3SJPq7MrNz5PK1hhvdadFJ\">saludaysen.cl<\/a>.<\/p>\n<\/div><\/section><\/div><div  style='height:50px' class='hr hr-invisible   avia-builder-el-6  el_after_av_one_full  el_before_av_social_share '><span class='hr-inner ' ><span class='hr-inner-style'><\/span><\/span><\/div><\/p>\n<div  class='av-social-sharing-box  avia-builder-el-7  el_after_av_hr  el_before_av_hr  '><div class='av-share-box'><h5 class='av-share-link-description av-no-toc '>Compartir esta noticia<\/h5><ul class='av-share-box-list noLightbox'><li class='av-share-link av-social-link-facebook' ><a target=\"_blank\" aria-label=\"Compartir en Facebook\" href='https:\/\/www.facebook.com\/sharer.php?u=https:\/\/radiorevelacionfm.cl\/?p=18168&#038;t=Llaman%20a%20la%20comunidad%20a%20realizar%20un%20buen%20uso%20del%20Servicio%20de%20Urgencia%20Pedi%C3%A1trica' aria-hidden='false' data-av_icon='\ue8f3' data-av_iconfont='entypo-fontello' title='' data-avia-related-tooltip='Compartir en Facebook' rel=\"noopener\"><span class='avia_hidden_link_text'>Compartir en Facebook<\/span><\/a><\/li><li class='av-share-link av-social-link-twitter' ><a target=\"_blank\" aria-label=\"Compartir en Twitter\" href='https:\/\/twitter.com\/share?text=Llaman%20a%20la%20comunidad%20a%20realizar%20un%20buen%20uso%20del%20Servicio%20de%20Urgencia%20Pedi%C3%A1trica&#038;url=https:\/\/radiorevelacionfm.cl\/?p=18168' aria-hidden='false' data-av_icon='\ue8f1' data-av_iconfont='entypo-fontello' title='' data-avia-related-tooltip='Compartir en Twitter' rel=\"noopener\"><span class='avia_hidden_link_text'>Compartir en Twitter<\/span><\/a><\/li><li class='av-share-link av-social-link-whatsapp' ><a target=\"_blank\" aria-label=\"Compartir en Whatsapp\" href='https:\/\/api.whatsapp.com\/send?text=https:\/\/radiorevelacionfm.cl\/?p=18168' aria-hidden='false' data-av_icon='\uf232' data-av_iconfont='entypo-fontello' title='' data-avia-related-tooltip='Compartir en Whatsapp' rel=\"noopener\"><span class='avia_hidden_link_text'>Compartir en Whatsapp<\/span><\/a><\/li><li class='av-share-link av-social-link-linkedin' ><a target=\"_blank\" aria-label=\"Compartir en LinkedIn\" href='https:\/\/linkedin.com\/shareArticle?mini=true&#038;title=Llaman%20a%20la%20comunidad%20a%20realizar%20un%20buen%20uso%20del%20Servicio%20de%20Urgencia%20Pedi%C3%A1trica&#038;url=https:\/\/radiorevelacionfm.cl\/?p=18168' aria-hidden='false' data-av_icon='\ue8fc' data-av_iconfont='entypo-fontello' title='' data-avia-related-tooltip='Compartir en LinkedIn' rel=\"noopener\"><span class='avia_hidden_link_text'>Compartir en LinkedIn<\/span><\/a><\/li><li class='av-share-link av-social-link-mail' ><a  aria-label=\"Compartir por correo\" href='mailto:?subject=Llaman%20a%20la%20comunidad%20a%20realizar%20un%20buen%20uso%20del%20Servicio%20de%20Urgencia%20Pedi%C3%A1trica&#038;body=https:\/\/radiorevelacionfm.cl\/?p=18168' aria-hidden='false' data-av_icon='\ue805' data-av_iconfont='entypo-fontello' title='' data-avia-related-tooltip='Compartir por correo'><span class='avia_hidden_link_text'>Compartir por correo<\/span><\/a><\/li><\/ul><\/div><\/div>\n<div  style='height:50px' class='hr hr-invisible   avia-builder-el-8  el_after_av_social_share  el_before_av_comments_list '><span class='hr-inner ' ><span class='hr-inner-style'><\/span><\/span><\/div>\n<div  class='av-buildercomment  av-blog-meta-html-info-disabled av-blog-meta-tag-disabled  '><\/div>\n","protected":false},"excerpt":{"rendered":"","protected":false},"author":1,"featured_media":18025,"comment_status":"open","ping_status":"open","sticky":false,"template":"","format":"standard","meta":{"footnotes":""},"categories":[46],"tags":[],"class_list":["post-18168","post","type-post","status-publish","format-standard","has-post-thumbnail","hentry","category-salud"],"jetpack_featured_media_url":"https:\/\/radiorevelacionfm.cl\/wp-content\/uploads\/2022\/06\/atencion-de-salud-1-1.jpg","_links":{"self":[{"href":"https:\/\/radiorevelacionfm.cl\/index.php?rest_route=\/wp\/v2\/posts\/18168","targetHints":{"allow":["GET"]}}],"collection":[{"href":"https:\/\/radiorevelacionfm.cl\/index.php?rest_route=\/wp\/v2\/posts"}],"about":[{"href":"https:\/\/radiorevelacionfm.cl\/index.php?rest_route=\/wp\/v2\/types\/post"}],"author":[{"embeddable":true,"href":"https:\/\/radiorevelacionfm.cl\/index.php?rest_route=\/wp\/v2\/users\/1"}],"replies":[{"embeddable":true,"href":"https:\/\/radiorevelacionfm.cl\/index.php?rest_route=%2Fwp%2Fv2%2Fcomments&post=18168"}],"version-history":[{"count":2,"href":"https:\/\/radiorevelacionfm.cl\/index.php?rest_route=\/wp\/v2\/posts\/18168\/revisions"}],"predecessor-version":[{"id":18172,"href":"https:\/\/radiorevelacionfm.cl\/index.php?rest_route=\/wp\/v2\/posts\/18168\/revisions\/18172"}],"wp:featuredmedia":[{"embeddable":true,"href":"https:\/\/radiorevelacionfm.cl\/index.php?rest_route=\/wp\/v2\/media\/18025"}],"wp:attachment":[{"href":"https:\/\/radiorevelacionfm.cl\/index.php?rest_route=%2Fwp%2Fv2%2Fmedia&parent=18168"}],"wp:term":[{"taxonomy":"category","embeddable":true,"href":"https:\/\/radiorevelacionfm.cl\/index.php?rest_route=%2Fwp%2Fv2%2Fcategories&post=18168"},{"taxonomy":"post_tag","embeddable":true,"href":"https:\/\/radiorevelacionfm.cl\/index.php?rest_route=%2Fwp%2Fv2%2Ftags&post=18168"}],"curies":[{"name":"wp","href":"https:\/\/api.w.org\/{rel}","templated":true}]}}