{"id":18163,"date":"2022-06-19T13:20:13","date_gmt":"2022-06-19T16:20:13","guid":{"rendered":"https:\/\/radiorevelacionfm.cl\/?p=18163"},"modified":"2022-06-19T13:20:13","modified_gmt":"2022-06-19T16:20:13","slug":"avanza-en-la-camara-de-diputados-proyecto-que-refuerza-proteccion-de-los-glaciares","status":"publish","type":"post","link":"https:\/\/radiorevelacionfm.cl\/?p=18163","title":{"rendered":"Avanza en la C\u00e1mara de Diputados proyecto que refuerza protecci\u00f3n de los glaciares"},"content":{"rendered":"<div class=\"flex_column av_one_full  flex_column_div av-zero-column-padding first  avia-builder-el-0  el_before_av_one_full  avia-builder-el-first  \" style='border-radius:0px; '><div  class='avia-image-container  av-styling-    avia-builder-el-1  avia-builder-el-no-sibling  avia-align-center '  itemprop=\"image\" itemscope=\"itemscope\" itemtype=\"https:\/\/schema.org\/ImageObject\"  ><div class='avia-image-container-inner'><div class='avia-image-overlay-wrap'><img decoding=\"async\" class='wp-image-7234 avia-img-lazy-loading-not-7234 avia_image' src=\"https:\/\/radiorevelacionfm.cl\/wp-content\/uploads\/2021\/08\/glaciares1-1_optimized.jpg\" alt='' title='glaciares1-(1)_optimized' height=\"600\" width=\"1067\"  itemprop=\"thumbnailUrl\" srcset=\"https:\/\/radiorevelacionfm.cl\/wp-content\/uploads\/2021\/08\/glaciares1-1_optimized.jpg 1067w, https:\/\/radiorevelacionfm.cl\/wp-content\/uploads\/2021\/08\/glaciares1-1_optimized-300x169.jpg 300w, https:\/\/radiorevelacionfm.cl\/wp-content\/uploads\/2021\/08\/glaciares1-1_optimized-1030x579.jpg 1030w, https:\/\/radiorevelacionfm.cl\/wp-content\/uploads\/2021\/08\/glaciares1-1_optimized-768x432.jpg 768w, https:\/\/radiorevelacionfm.cl\/wp-content\/uploads\/2021\/08\/glaciares1-1_optimized-705x396.jpg 705w, https:\/\/radiorevelacionfm.cl\/wp-content\/uploads\/2021\/08\/glaciares1-1_optimized-600x337.jpg 600w\" sizes=\"(max-width: 1067px) 100vw, 1067px\" \/><\/div><\/div><\/div><\/div><div class=\"flex_column av_one_full  flex_column_div av-zero-column-padding first  avia-builder-el-2  el_after_av_one_full  el_before_av_one_full  column-top-margin\" style='border-radius:0px; '><section class=\"av_textblock_section \"  itemscope=\"itemscope\" itemtype=\"https:\/\/schema.org\/BlogPosting\" itemprop=\"blogPost\" ><div class='avia_textblock  '   itemprop=\"text\" ><p style=\"text-align: center;\"><span style=\"font-size: 18pt;\"><b><span lang=\"ES\">Avanza en la C<\/span><\/b><b><span lang=\"X-NONE\">\u00e1mara de Diputados proyecto que refuerza protecci\u00f3n de los glaciares<\/span><\/b><\/span><\/p>\n<div id=\"gtx-trans\" style=\"position: absolute; left: -50px; top: 4.31534px;\">\n<div class=\"gtx-trans-icon\"><\/div>\n<\/div>\n<\/div><\/section><\/div><div class=\"flex_column av_one_full  flex_column_div av-zero-column-padding first  avia-builder-el-4  el_after_av_one_full  el_before_av_hr  column-top-margin\" style='border-radius:0px; '><section class=\"av_textblock_section \"  itemscope=\"itemscope\" itemtype=\"https:\/\/schema.org\/BlogPosting\" itemprop=\"blogPost\" ><div class='avia_textblock  '   itemprop=\"text\" ><p class=\"v1MsoNormal\" style=\"text-align: justify;\"><span lang=\"ES\">A la sala de la C<\/span><span lang=\"X-NONE\">\u00e1mara de Diputados, para su votaci\u00f3n en particular,<span class=\"v1gmail-Apple-converted-space\">\u00a0<\/span><\/span><span lang=\"ES\">fue despachado el proyecto de ley cuyo objetivo primario es<span class=\"v1gmail-Apple-converted-space\">\u00a0<\/span><a href=\"https:\/\/www.camara.cl\/legislacion\/ProyectosDeLey\/tramitacion.aspx?prmID=12114&amp;prmBoletin=11597-12\" target=\"_blank\" rel=\"noopener noreferrer\">proh<span lang=\"X-NONE\">ibir la constituci\u00f3n de derechos de agua sobre glaciares<\/span><\/a><\/span><span lang=\"X-NONE\">.\u00a0<span class=\"v1gmail-Apple-converted-space\">\u00a0<\/span>La iniciativa, que se encuentra en primer tr\u00e1mite constitucional, fue ingresada el 24 de enero de 2018 siendo aprobada en general el 10 de julio de ese a\u00f1o.\u00a0<span class=\"v1gmail-Apple-converted-space\">\u00a0<\/span>Desde ese momento estuvo en revisi\u00f3n en la Comisi\u00f3n de Medio Ambiente, la cual aprob\u00f3 hace unos d\u00edas una serie de modificaciones al texto que originalmente contemplaba s\u00f3lo<span class=\"v1gmail-Apple-converted-space\">\u00a0<\/span><\/span><span lang=\"ES\"><a href=\"https:\/\/www.camara.cl\/verDoc.aspx?prmID=11909&amp;prmTIPO=INICIATIVA\" target=\"_blank\" rel=\"noopener noreferrer\"><span lang=\"X-NONE\">agregar en el art\u00edculo 5<\/span><\/a><\/span><span lang=\"X-NONE\"><span class=\"v1gmail-Apple-converted-space\">\u00a0<\/span>del C\u00f3digo de Aguas lo siguiente: \u00abLos glaciares son bienes nacionales de uso p\u00fablico, con todo, no se podr\u00e1 constituir derecho de aprovechamiento de aguas sobre ellos\u00bb.<\/span><\/p>\n<p class=\"v1MsoNormal\" style=\"text-align: justify;\"><span lang=\"X-NONE\">En abril pasado se promulg\u00f3 la<span class=\"v1gmail-Apple-converted-space\">\u00a0<\/span><\/span><span lang=\"ES\"><a href=\"https:\/\/www.bcn.cl\/leychile\/navegar?idNorma=5605\" target=\"_blank\" rel=\"noopener noreferrer\"><span lang=\"X-NONE\">reforma al C\u00f3digo de Aguas<\/span><\/a><\/span><span lang=\"X-NONE\">, la que incluy\u00f3 varias materias relacionadas con los glaciares. Una acci\u00f3n necesaria considerando que la norma de 1981 no hac\u00eda menci\u00f3n alguna a estos elementos de la naturaleza.<\/span><\/p>\n<p class=\"v1MsoNormal\" style=\"text-align: justify;\"><span lang=\"X-NONE\">Es as\u00ed que el nuevo C\u00f3digo de Aguas establece en su art\u00edculo 5 que \u00ab<\/span><span lang=\"ES\">l<\/span><span lang=\"X-NONE\">as aguas, en cualquiera de sus estados, son bienes nacionales de uso p\u00fablico. En consecuencia, su dominio y uso pertenece a todos los habitantes de la naci\u00f3n<\/span><span lang=\"X-NONE\">\u00ab.\u00a0<\/span><\/p>\n<p class=\"v1MsoNormal\" style=\"text-align: justify;\"><span lang=\"X-NONE\">En el mismo art\u00edculo 5 confirma que \u00ab<\/span><span lang=\"ES\">n<\/span><span lang=\"X-NONE\">o se podr\u00e1n constituir derechos de aprovechamiento en glaciares<\/span><span lang=\"X-NONE\">\u00ab. Y posteriormente entrega herramientas a la Direcci\u00f3n General de Aguas (DGA) para su monitoreo, registro y elaboraci\u00f3n de inventarios detallados.<\/span><\/p>\n<p class=\"v1MsoNormal\" style=\"text-align: justify;\"><span lang=\"X-NONE\">Teniendo esto en consideraci\u00f3n, el mi\u00e9rcoles 15 de junio la Comisi\u00f3n de Medio Ambiente avanz\u00f3 m\u00e1s all\u00e1 de la sola prohibici\u00f3n de constituir derechos de agua en glaciares, aprobando otras salvaguardas.<\/span><\/p>\n<p class=\"v1MsoNormal\" style=\"text-align: justify;\"><span lang=\"X-NONE\">En el art\u00edculo 5 se agreg\u00f3 reconocerlos como \u00abecosistemas complejos asociados a su entorno, ambientes glaciares y ambientes periglaciares y son parte del ciclo hidrol\u00f3gico de las aguas\u00bb. Adem\u00e1s, avanz\u00f3 establecer definiciones de glaciar y entorno glaciar.<\/span><\/p>\n<p class=\"v1MsoNormal\" style=\"text-align: justify;\"><span lang=\"X-NONE\">En el art\u00edculo 129 se proh\u00edben actividades que \u00abgeneren impacto significativo o da\u00f1o ambiental irreversible\u00bb a los glaciares, como son las que implican \u00absu remoci\u00f3n, traslado o destrucci\u00f3n\u00bb y las que se desarrollen sobre su superficie.\u00a0<span class=\"v1gmail-Apple-converted-space\">\u00a0<\/span>Tambi\u00e9n las que se ejecuten en el subsuelo y que \u00abpuedan alterar su condici\u00f3n natural, acelerar o interrumpir su desplazamiento, o acelerar su derretimiento\u00bb. Asimismo quedan vetadas la \u00abliberaci\u00f3n, vaciamiento o dep\u00f3sito de basuras, productos qu\u00edmicos, material particulado, desperdicios o desechos de cualquier naturaleza o volumen\u00bb y la \u00abejecuci\u00f3n de cualquier otra acci\u00f3n que pueda afectar directa o indirectamente las funciones del glaciar\u00bb.<\/span><\/p>\n<p class=\"v1MsoNormal\" style=\"text-align: justify;\"><span lang=\"X-NONE\">Se excluir\u00e1n de estas prohibiciones el \u00abecoturismo; monta\u00f1ismo de baja intensidad; investigaci\u00f3n cient\u00edfica autorizada o que realice la Direcci\u00f3n General de Aguas; rescate; e instrucci\u00f3n y entrenamiento de personal autorizado, que se realicen en el glaciar o su entorno\u00bb.<\/span><\/p>\n<p class=\"v1MsoNormal\" style=\"text-align: justify;\"><span lang=\"X-NONE\">El texto aprobado por los diputados fortalece, adem\u00e1s, las sanciones para las acciones que afecten los sistemas de monitoreo.<\/span><\/p>\n<p class=\"v1MsoNormal\" style=\"text-align: justify;\"><span lang=\"X-NONE\">A partir de este momento el proyecto deber\u00e1 ser votado por el pleno, luego de lo cual pasar\u00e1 al Senado a su segundo tr\u00e1mite constitucional.<\/span><\/p>\n<p class=\"v1MsoNormal\" style=\"text-align: justify;\"><span lang=\"X-NONE\">\u00a0<\/span><\/p>\n<p class=\"v1MsoNormal\" style=\"text-align: justify;\"><b><span lang=\"X-NONE\">El proyecto principal<\/span><\/b><\/p>\n<p class=\"v1MsoNormal\" style=\"text-align: justify;\"><span lang=\"X-NONE\">En paralelo a esta iniciativa se discute un<span class=\"v1gmail-Apple-converted-space\">\u00a0<\/span><\/span><span lang=\"ES\"><a href=\"https:\/\/www.camara.cl\/legislacion\/ProyectosDeLey\/tramitacion.aspx?prmID=12397&amp;prmBOLETIN=11876-12\" target=\"_blank\" rel=\"noopener noreferrer\"><span lang=\"X-NONE\">segundo proyecto de ley<\/span><\/a><\/span><span lang=\"X-NONE\">, dirigido espec\u00edficamente a la protecci\u00f3n de los glaciares.\u00a0<span class=\"v1gmail-Apple-converted-space\">\u00a0<\/span>\u00c9ste se encuentra en primer tr\u00e1mite constitucional en el Senado, habiendo sido ya aprobado en general y revisado por las comisiones de Miner\u00eda y Medio Ambiente.<span class=\"v1gmail-Apple-converted-space\">\u00a0<\/span> Hoy est\u00e1 a la espera de su an\u00e1lisis por la Comisi\u00f3n de Hacienda, para luego ser votado por el pleno y pasar a la C\u00e1mara de Diputados.<\/span><\/p>\n<p class=\"v1MsoNormal\" style=\"text-align: justify;\"><span lang=\"X-NONE\">Recientemente, un<span class=\"v1gmail-Apple-converted-space\">\u00a0<\/span><\/span><span lang=\"ES\"><a href=\"https:\/\/www.camara.cl\/verDoc.aspx?prmID=30348&amp;prmTIPO=OFICIOPLEY\" target=\"_blank\" rel=\"noopener noreferrer\"><span lang=\"X-NONE\">oficio de la Corte Suprema<\/span><\/a><\/span><span lang=\"X-NONE\"><span class=\"v1gmail-Apple-converted-space\">\u00a0<\/span>sobre el proyecto advirti\u00f3 que considera que la \u00abproteccio\u0301n de glaciares ha de extenderse a todas aquellas reservas que revistan dicha naturaleza, sin restriccio\u0301n a una no\u0301mina de a\u0301reas de proteccio\u0301n oficial\u00bb. Es decir, propone su salvaguarda independiente de que est\u00e9 en el registro elaborado por la autoridad.<\/span><\/p>\n<p class=\"v1MsoNormal\" style=\"text-align: justify;\"><span lang=\"X-NONE\">Asimismo, se refiere a la duplicidad de competencias para la fiscalizaci\u00f3n y sanci\u00f3n de las contravenciones a esta futura norma, dado que entrega facultades a la DGA en todas las materias no adscritas a las atribuciones de la Superintendencia del Medio Ambiente, en circunstancias que la protecci\u00f3n de glaciares es un \u00e1mbito eminentemente medioambiental por tanto debiera estar radicada en la SMA su supervigilancia. Y tambi\u00e9n plantea reparos con respecto a las posibles sanciones y a la forma de reclamar ante los tribunales ambientales.<\/span><\/p>\n<\/div><\/section><\/div><div  style='height:50px' class='hr hr-invisible   avia-builder-el-6  el_after_av_one_full  el_before_av_social_share '><span class='hr-inner ' ><span class='hr-inner-style'><\/span><\/span><\/div><\/p>\n<div  class='av-social-sharing-box  avia-builder-el-7  el_after_av_hr  el_before_av_hr  '><div class='av-share-box'><h5 class='av-share-link-description av-no-toc '>Compartir esta noticia<\/h5><ul class='av-share-box-list noLightbox'><li class='av-share-link av-social-link-facebook' ><a target=\"_blank\" aria-label=\"Compartir en Facebook\" href='https:\/\/www.facebook.com\/sharer.php?u=https:\/\/radiorevelacionfm.cl\/?p=18163&#038;t=Avanza%20en%20la%20C%C3%A1mara%20de%20Diputados%20proyecto%20que%20refuerza%20protecci%C3%B3n%20de%20los%20glaciares' aria-hidden='false' data-av_icon='\ue8f3' data-av_iconfont='entypo-fontello' title='' data-avia-related-tooltip='Compartir en Facebook' rel=\"noopener\"><span class='avia_hidden_link_text'>Compartir en Facebook<\/span><\/a><\/li><li class='av-share-link av-social-link-twitter' ><a target=\"_blank\" aria-label=\"Compartir en Twitter\" href='https:\/\/twitter.com\/share?text=Avanza%20en%20la%20C%C3%A1mara%20de%20Diputados%20proyecto%20que%20refuerza%20protecci%C3%B3n%20de%20los%20glaciares&#038;url=https:\/\/radiorevelacionfm.cl\/?p=18163' aria-hidden='false' data-av_icon='\ue8f1' data-av_iconfont='entypo-fontello' title='' data-avia-related-tooltip='Compartir en Twitter' rel=\"noopener\"><span class='avia_hidden_link_text'>Compartir en Twitter<\/span><\/a><\/li><li class='av-share-link av-social-link-whatsapp' ><a target=\"_blank\" aria-label=\"Compartir en Whatsapp\" href='https:\/\/api.whatsapp.com\/send?text=https:\/\/radiorevelacionfm.cl\/?p=18163' aria-hidden='false' data-av_icon='\uf232' data-av_iconfont='entypo-fontello' title='' data-avia-related-tooltip='Compartir en Whatsapp' rel=\"noopener\"><span class='avia_hidden_link_text'>Compartir en Whatsapp<\/span><\/a><\/li><li class='av-share-link av-social-link-linkedin' ><a target=\"_blank\" aria-label=\"Compartir en LinkedIn\" href='https:\/\/linkedin.com\/shareArticle?mini=true&#038;title=Avanza%20en%20la%20C%C3%A1mara%20de%20Diputados%20proyecto%20que%20refuerza%20protecci%C3%B3n%20de%20los%20glaciares&#038;url=https:\/\/radiorevelacionfm.cl\/?p=18163' aria-hidden='false' data-av_icon='\ue8fc' data-av_iconfont='entypo-fontello' title='' data-avia-related-tooltip='Compartir en LinkedIn' rel=\"noopener\"><span class='avia_hidden_link_text'>Compartir en LinkedIn<\/span><\/a><\/li><li class='av-share-link av-social-link-mail' ><a  aria-label=\"Compartir por correo\" href='mailto:?subject=Avanza%20en%20la%20C%C3%A1mara%20de%20Diputados%20proyecto%20que%20refuerza%20protecci%C3%B3n%20de%20los%20glaciares&#038;body=https:\/\/radiorevelacionfm.cl\/?p=18163' aria-hidden='false' data-av_icon='\ue805' data-av_iconfont='entypo-fontello' title='' data-avia-related-tooltip='Compartir por correo'><span class='avia_hidden_link_text'>Compartir por correo<\/span><\/a><\/li><\/ul><\/div><\/div>\n<div  style='height:50px' class='hr hr-invisible   avia-builder-el-8  el_after_av_social_share  el_before_av_comments_list '><span class='hr-inner ' ><span class='hr-inner-style'><\/span><\/span><\/div>\n<div  class='av-buildercomment  av-blog-meta-html-info-disabled av-blog-meta-tag-disabled  '><\/div>\n","protected":false},"excerpt":{"rendered":"","protected":false},"author":1,"featured_media":7234,"comment_status":"open","ping_status":"open","sticky":false,"template":"","format":"standard","meta":{"footnotes":""},"categories":[39],"tags":[],"class_list":["post-18163","post","type-post","status-publish","format-standard","has-post-thumbnail","hentry","category-medio-ambiente"],"jetpack_featured_media_url":"https:\/\/radiorevelacionfm.cl\/wp-content\/uploads\/2021\/08\/glaciares1-1_optimized.jpg","_links":{"self":[{"href":"https:\/\/radiorevelacionfm.cl\/index.php?rest_route=\/wp\/v2\/posts\/18163","targetHints":{"allow":["GET"]}}],"collection":[{"href":"https:\/\/radiorevelacionfm.cl\/index.php?rest_route=\/wp\/v2\/posts"}],"about":[{"href":"https:\/\/radiorevelacionfm.cl\/index.php?rest_route=\/wp\/v2\/types\/post"}],"author":[{"embeddable":true,"href":"https:\/\/radiorevelacionfm.cl\/index.php?rest_route=\/wp\/v2\/users\/1"}],"replies":[{"embeddable":true,"href":"https:\/\/radiorevelacionfm.cl\/index.php?rest_route=%2Fwp%2Fv2%2Fcomments&post=18163"}],"version-history":[{"count":2,"href":"https:\/\/radiorevelacionfm.cl\/index.php?rest_route=\/wp\/v2\/posts\/18163\/revisions"}],"predecessor-version":[{"id":18178,"href":"https:\/\/radiorevelacionfm.cl\/index.php?rest_route=\/wp\/v2\/posts\/18163\/revisions\/18178"}],"wp:featuredmedia":[{"embeddable":true,"href":"https:\/\/radiorevelacionfm.cl\/index.php?rest_route=\/wp\/v2\/media\/7234"}],"wp:attachment":[{"href":"https:\/\/radiorevelacionfm.cl\/index.php?rest_route=%2Fwp%2Fv2%2Fmedia&parent=18163"}],"wp:term":[{"taxonomy":"category","embeddable":true,"href":"https:\/\/radiorevelacionfm.cl\/index.php?rest_route=%2Fwp%2Fv2%2Fcategories&post=18163"},{"taxonomy":"post_tag","embeddable":true,"href":"https:\/\/radiorevelacionfm.cl\/index.php?rest_route=%2Fwp%2Fv2%2Ftags&post=18163"}],"curies":[{"name":"wp","href":"https:\/\/api.w.org\/{rel}","templated":true}]}}