{"id":18158,"date":"2022-06-18T11:17:09","date_gmt":"2022-06-18T14:17:09","guid":{"rendered":"https:\/\/radiorevelacionfm.cl\/?p=18158"},"modified":"2022-06-18T11:17:09","modified_gmt":"2022-06-18T14:17:09","slug":"trabajadores-con-hijos-menores-de-12-anos-pueden-realizar-teletrabajo-o-trabajo-a-distancia-durante-las-vacaciones-de-invierno-debido-a-alerta-sanitaria","status":"publish","type":"post","link":"https:\/\/radiorevelacionfm.cl\/?p=18158","title":{"rendered":"Trabajadores con hijos menores de 12 a\u00f1os pueden realizar teletrabajo o trabajo a distancia durante las vacaciones de invierno debido a alerta sanitaria"},"content":{"rendered":"<div class=\"flex_column av_one_full  flex_column_div av-zero-column-padding first  avia-builder-el-0  el_before_av_one_full  avia-builder-el-first  \" style='border-radius:0px; '><div  class='avia-image-container  av-styling-    avia-builder-el-1  avia-builder-el-no-sibling  avia-align-center '  itemprop=\"image\" itemscope=\"itemscope\" itemtype=\"https:\/\/schema.org\/ImageObject\"  ><div class='avia-image-container-inner'><div class='avia-image-overlay-wrap'><img decoding=\"async\" class='wp-image-18161 avia-img-lazy-loading-not-18161 avia_image' src=\"https:\/\/radiorevelacionfm.cl\/wp-content\/uploads\/2022\/06\/Grafica_mama1-1-1-5.jpg\" alt='' title='Grafica_mama1 (1) (1)' height=\"600\" width=\"936\"  itemprop=\"thumbnailUrl\" srcset=\"https:\/\/radiorevelacionfm.cl\/wp-content\/uploads\/2022\/06\/Grafica_mama1-1-1-5.jpg 936w, https:\/\/radiorevelacionfm.cl\/wp-content\/uploads\/2022\/06\/Grafica_mama1-1-1-5-300x192.jpg 300w, https:\/\/radiorevelacionfm.cl\/wp-content\/uploads\/2022\/06\/Grafica_mama1-1-1-5-768x492.jpg 768w, https:\/\/radiorevelacionfm.cl\/wp-content\/uploads\/2022\/06\/Grafica_mama1-1-1-5-705x452.jpg 705w, https:\/\/radiorevelacionfm.cl\/wp-content\/uploads\/2022\/06\/Grafica_mama1-1-1-5-600x385.jpg 600w\" sizes=\"(max-width: 936px) 100vw, 936px\" \/><\/div><\/div><\/div><\/div><div class=\"flex_column av_one_full  flex_column_div av-zero-column-padding first  avia-builder-el-2  el_after_av_one_full  el_before_av_one_full  column-top-margin\" style='border-radius:0px; '><section class=\"av_textblock_section \"  itemscope=\"itemscope\" itemtype=\"https:\/\/schema.org\/BlogPosting\" itemprop=\"blogPost\" ><div class='avia_textblock  '   itemprop=\"text\" ><p style=\"text-align: center;\"><span style=\"font-size: 18pt;\"><b><span lang=\"ES-TRAD\">Trabajadores con hijos menores de 12 a\u00f1os pueden realizar teletrabajo o trabajo a distancia durante las vacaciones de invierno debido a alerta sanitaria<\/span><\/b><\/span><\/p>\n<div id=\"gtx-trans\" style=\"position: absolute; left: -50px; top: 4.31534px;\">\n<div class=\"gtx-trans-icon\"><\/div>\n<\/div>\n<\/div><\/section><\/div><\/p>\n<div class=\"flex_column av_one_full  flex_column_div av-zero-column-padding first  avia-builder-el-4  el_after_av_one_full  el_before_av_hr  column-top-margin\" style='border-radius:0px; '><section class=\"av_textblock_section \"  itemscope=\"itemscope\" itemtype=\"https:\/\/schema.org\/BlogPosting\" itemprop=\"blogPost\" ><div class='avia_textblock  '   itemprop=\"text\" ><div class=\"v1gmail_default\">\n<p class=\"v1MsoNormal\" style=\"text-align: justify;\"><span lang=\"ES-MX\">Debido al aumento de los casos de enfermedades respiratorias, el Ministerio de Salud decret\u00f3 la extensi\u00f3n de las vacaciones de invierno desde la Regi\u00f3n de Arica y Parinacota hasta la Regi\u00f3n de Los Lagos, siendo en la Regi\u00f3n de Ays\u00e9n desde el 7 de julio al 1 de agosto. Ante el cierre de los establecimientos educacionales y estando nuestro pa\u00eds en Alerta Sanitaria, la Direcci\u00f3n del Trabajo public\u00f3 un dictamen que otorga la posibilidad a los trabajadores\/as de realizar teletrabajo o trabajo a distancia, cumpliendo con ciertos requisitos.<\/span><\/p>\n<p class=\"v1MsoNormal\" style=\"text-align: justify;\"><span lang=\"ES-MX\">A prop\u00f3sito de ello, la Directora del Trabajo, Victoria Sierra, detall\u00f3, \u00abLa Direcci\u00f3n del Trabajo dictamin\u00f3 que, durante el periodo de vacaciones de invierno, los trabajadores\/as podr\u00e1n hacer uso de teletrabajo o trabajo a distancia, conforme lo dispone el art\u00edculo 206 bis del C\u00f3digo del Trabajo, en el caso que se deban extender y anticipar las vacaciones. \u00bfA qui\u00e9nes beneficia esta medida? A padres o madres que tengan el cuidado de ni\u00f1os\/as en edad preescolar y tambi\u00e9n a aquellos padres o madres que tengan el cuidado de un ni\u00f1o o ni\u00f1a menor de 12 a\u00f1os y que la autoridad haya decretado el cierre del establecimiento educacional al cual asiste. En estos casos, la norma establece que el empleador deber\u00e1 disponer la medida de teletrabajo, siempre y cuando su funci\u00f3n sea teletrabajable o se peda realizar a distancia. Para esto el trabajador o trabajadora deber\u00e1 entregar al empleador una declaraci\u00f3n jurada diciendo que ejerce el cuidado personal del ni\u00f1o o ni\u00f1a menor de 12 a\u00f1os sin ayuda o la concurrencia de otra persona adulta, o que comparte el cuidado personal de su hijo o hija con otra persona adulta, es \u00e9l o ella quien ejercer\u00e1 el trabajo a distancia, estando, por consiguiente, la otra persona obligada a cumplir sus funciones de manera presencial conforme lo establezca su contrato de trabajo\u00bb, afirm\u00f3.<\/span><\/p>\n<p class=\"v1MsoNormal\" style=\"text-align: justify;\"><span lang=\"ES-MX\">Adem\u00e1s a\u00f1adi\u00f3, \u00absin perjuicio de lo anterior, nuestro dictamen igualmente se\u00f1ala que resulta aplicable lo se\u00f1alado en la ley 21.342 que establece el retorno seguro al trabajo y que permite el teletrabajo cuando, entre otros casos, se est\u00e9 al cuidado tambi\u00e9n de ni\u00f1os, ni\u00f1as o adolescentes menores de edad, resultando por tanto, tambi\u00e9n extensiva esta posibilidad para nuestros trabajadores y trabajadoras de acceder al teletrabajo conforme permanezca la alerta sanitaria por Covid que est\u00e1 vigente hasta el 30 de septiembre de este a\u00f1o, ampli\u00e1ndose as\u00ed la posibilidad de acceso al derecho a quienes tengan el cuidado personal de hijas e hijos menores de edad\u00bb, sostuvo la directora regional del Trabajo.<\/span><\/p>\n<p class=\"v1MsoNormal\" style=\"text-align: justify;\"><span lang=\"ES-MX\">Por su parte, el Seremi del Trabajo y Previsi\u00f3n Social, Rodrigo D\u00edaz, hizo un llamado a los empleadores, \u00abEn atenci\u00f3n a las vacaciones de invierno, con el consiguiente cierre de salas cunas, jardines infantiles y colegios, y al aumento de enfermedades respiratorias, es que solicitamos a los empleadores y empleadoras den las facilidades a los trabajadores con ni\u00f1os y ni\u00f1as menores de 12 a\u00f1os para que realicen teletrabajo o trabajo a distancia. En estos casos, uno de los requisitos del Dictamen de la Direcci\u00f3n del Trabajo es que la funci\u00f3n que desempe\u00f1a el trabajador debe ser teletrabajable o realizable a distancia y para ello, deben entregarle a su empleador una declaraci\u00f3n jurada simple detallando lo que mencion\u00f3 la Directora del Trabajo. Esta medida no podr\u00e1 implicar descuento en su sueldo. Solicitamos a los empleadores ser flexibles y llegar a acuerdo con sus trabajadores, lo que sin duda, ayudar\u00e1 a evitar el ausentismo debido a complicaciones de salud de las ni\u00f1as y de los ni\u00f1os\u00bb, mencion\u00f3 D\u00edaz Cordaro. \u00a0\u00a0<\/span><\/p>\n<p class=\"v1MsoNormal\" style=\"text-align: justify;\"><span lang=\"ES-MX\">Por su parte, la Seremi de Educaci\u00f3n, Isabel Garrido, se refiri\u00f3 a las vacaciones escolares en la Regi\u00f3n de Ays\u00e9n, \u00abValoramos mucho este anuncio nacional de la Direcci\u00f3n del Trabajo que permite a los padres o madres trabajadores solicitar el trabajo a distancia durante las pr\u00f3ximas vacaciones escolares de invierno para acompa\u00f1ar y cuidar a sus ni\u00f1os y ni\u00f1as en dicho periodo. Recordar que somos un Gobierno que se ha declarado feminista y eso implica hacernos cargo que en nuestra sociedad la mayor\u00eda de las personas que cuidan a los ni\u00f1os y ni\u00f1as son mujeres, por tanto, tenemos que responder tambi\u00e9n a sus necesidades. En nuestra regi\u00f3n, el receso escolar de invierno es de tres semanas, comienza el 7 de julio y termina el 1 de agosto. Esta medida va en la l\u00ednea de proteger la salud de los ni\u00f1os y las ni\u00f1as, pero tambi\u00e9n para sostener la presencialidad de la educaci\u00f3n en el tiempo\u00bb, coment\u00f3.<\/span><\/p>\n<p class=\"v1MsoNormal\" style=\"text-align: justify;\"><span lang=\"ES-MX\">En el sitio web\u00a0<a href=\"http:\/\/www.direcciondeltrabajo.cl\/\" target=\"_blank\" rel=\"noopener noreferrer\">www.direcciondeltrabajo.cl<\/a>\u00a0se puede acceder al Dictamen de la Direcci\u00f3n del Trabajo, el link directo es\u00a0<a href=\"https:\/\/www.dt.gob.cl\/portal\/1627\/w3-article-122324.html\" target=\"_blank\" rel=\"noopener noreferrer\">https:\/\/www.dt.gob.cl\/portal\/1627\/w3-article-122324.html<\/a>.<\/span><\/p>\n<\/div>\n<div class=\"v1gmail_default\" style=\"text-align: justify;\"><\/div>\n<div class=\"v1gmail_default\" style=\"text-align: justify;\"><\/div>\n<\/div><\/section><\/div>\n<div  style='height:50px' class='hr hr-invisible   avia-builder-el-6  el_after_av_one_full  el_before_av_social_share '><span class='hr-inner ' ><span class='hr-inner-style'><\/span><\/span><\/div>\n<div  class='av-social-sharing-box  avia-builder-el-7  el_after_av_hr  el_before_av_hr  '><div class='av-share-box'><h5 class='av-share-link-description av-no-toc '>Compartir esta noticia<\/h5><ul class='av-share-box-list noLightbox'><li class='av-share-link av-social-link-facebook' ><a target=\"_blank\" aria-label=\"Compartir en Facebook\" href='https:\/\/www.facebook.com\/sharer.php?u=https:\/\/radiorevelacionfm.cl\/?p=18158&#038;t=Trabajadores%20con%20hijos%20menores%20de%2012%20a%C3%B1os%20pueden%20realizar%20teletrabajo%20o%20trabajo%20a%20distancia%20durante%20las%20vacaciones%20de%20invierno%20debido%20a%20alerta%20sanitaria' aria-hidden='false' data-av_icon='\ue8f3' data-av_iconfont='entypo-fontello' title='' data-avia-related-tooltip='Compartir en Facebook' rel=\"noopener\"><span class='avia_hidden_link_text'>Compartir en Facebook<\/span><\/a><\/li><li class='av-share-link av-social-link-twitter' ><a target=\"_blank\" aria-label=\"Compartir en Twitter\" href='https:\/\/twitter.com\/share?text=Trabajadores%20con%20hijos%20menores%20de%2012%20a%C3%B1os%20pueden%20realizar%20teletrabajo%20o%20trabajo%20a%20distancia%20durante%20las%20vacaciones%20de%20invierno%20debido%20a%20alerta%20sanitaria&#038;url=https:\/\/radiorevelacionfm.cl\/?p=18158' aria-hidden='false' data-av_icon='\ue8f1' data-av_iconfont='entypo-fontello' title='' data-avia-related-tooltip='Compartir en Twitter' rel=\"noopener\"><span class='avia_hidden_link_text'>Compartir en Twitter<\/span><\/a><\/li><li class='av-share-link av-social-link-whatsapp' ><a target=\"_blank\" aria-label=\"Compartir en Whatsapp\" href='https:\/\/api.whatsapp.com\/send?text=https:\/\/radiorevelacionfm.cl\/?p=18158' aria-hidden='false' data-av_icon='\uf232' data-av_iconfont='entypo-fontello' title='' data-avia-related-tooltip='Compartir en Whatsapp' rel=\"noopener\"><span class='avia_hidden_link_text'>Compartir en Whatsapp<\/span><\/a><\/li><li class='av-share-link av-social-link-linkedin' ><a target=\"_blank\" aria-label=\"Compartir en LinkedIn\" href='https:\/\/linkedin.com\/shareArticle?mini=true&#038;title=Trabajadores%20con%20hijos%20menores%20de%2012%20a%C3%B1os%20pueden%20realizar%20teletrabajo%20o%20trabajo%20a%20distancia%20durante%20las%20vacaciones%20de%20invierno%20debido%20a%20alerta%20sanitaria&#038;url=https:\/\/radiorevelacionfm.cl\/?p=18158' aria-hidden='false' data-av_icon='\ue8fc' data-av_iconfont='entypo-fontello' title='' data-avia-related-tooltip='Compartir en LinkedIn' rel=\"noopener\"><span class='avia_hidden_link_text'>Compartir en LinkedIn<\/span><\/a><\/li><li class='av-share-link av-social-link-mail' ><a  aria-label=\"Compartir por correo\" href='mailto:?subject=Trabajadores%20con%20hijos%20menores%20de%2012%20a%C3%B1os%20pueden%20realizar%20teletrabajo%20o%20trabajo%20a%20distancia%20durante%20las%20vacaciones%20de%20invierno%20debido%20a%20alerta%20sanitaria&#038;body=https:\/\/radiorevelacionfm.cl\/?p=18158' aria-hidden='false' data-av_icon='\ue805' data-av_iconfont='entypo-fontello' title='' data-avia-related-tooltip='Compartir por correo'><span class='avia_hidden_link_text'>Compartir por correo<\/span><\/a><\/li><\/ul><\/div><\/div>\n<div  style='height:50px' class='hr hr-invisible   avia-builder-el-8  el_after_av_social_share  el_before_av_comments_list '><span class='hr-inner ' ><span class='hr-inner-style'><\/span><\/span><\/div>\n<div  class='av-buildercomment  av-blog-meta-html-info-disabled av-blog-meta-tag-disabled  '><\/div>\n","protected":false},"excerpt":{"rendered":"","protected":false},"author":1,"featured_media":18161,"comment_status":"open","ping_status":"open","sticky":false,"template":"","format":"standard","meta":{"footnotes":""},"categories":[56],"tags":[],"class_list":["post-18158","post","type-post","status-publish","format-standard","has-post-thumbnail","hentry","category-trabajo"],"jetpack_featured_media_url":"https:\/\/radiorevelacionfm.cl\/wp-content\/uploads\/2022\/06\/Grafica_mama1-1-1-5.jpg","_links":{"self":[{"href":"https:\/\/radiorevelacionfm.cl\/index.php?rest_route=\/wp\/v2\/posts\/18158","targetHints":{"allow":["GET"]}}],"collection":[{"href":"https:\/\/radiorevelacionfm.cl\/index.php?rest_route=\/wp\/v2\/posts"}],"about":[{"href":"https:\/\/radiorevelacionfm.cl\/index.php?rest_route=\/wp\/v2\/types\/post"}],"author":[{"embeddable":true,"href":"https:\/\/radiorevelacionfm.cl\/index.php?rest_route=\/wp\/v2\/users\/1"}],"replies":[{"embeddable":true,"href":"https:\/\/radiorevelacionfm.cl\/index.php?rest_route=%2Fwp%2Fv2%2Fcomments&post=18158"}],"version-history":[{"count":3,"href":"https:\/\/radiorevelacionfm.cl\/index.php?rest_route=\/wp\/v2\/posts\/18158\/revisions"}],"predecessor-version":[{"id":18173,"href":"https:\/\/radiorevelacionfm.cl\/index.php?rest_route=\/wp\/v2\/posts\/18158\/revisions\/18173"}],"wp:featuredmedia":[{"embeddable":true,"href":"https:\/\/radiorevelacionfm.cl\/index.php?rest_route=\/wp\/v2\/media\/18161"}],"wp:attachment":[{"href":"https:\/\/radiorevelacionfm.cl\/index.php?rest_route=%2Fwp%2Fv2%2Fmedia&parent=18158"}],"wp:term":[{"taxonomy":"category","embeddable":true,"href":"https:\/\/radiorevelacionfm.cl\/index.php?rest_route=%2Fwp%2Fv2%2Fcategories&post=18158"},{"taxonomy":"post_tag","embeddable":true,"href":"https:\/\/radiorevelacionfm.cl\/index.php?rest_route=%2Fwp%2Fv2%2Ftags&post=18158"}],"curies":[{"name":"wp","href":"https:\/\/api.w.org\/{rel}","templated":true}]}}