{"id":18152,"date":"2022-06-18T11:59:09","date_gmt":"2022-06-18T14:59:09","guid":{"rendered":"https:\/\/radiorevelacionfm.cl\/?p=18152"},"modified":"2022-06-18T11:59:09","modified_gmt":"2022-06-18T14:59:09","slug":"par-explora-aysen-inicia-proceso-de-convocatoria-para-capacitacion-en-comunicacion-de-la-ciencia","status":"publish","type":"post","link":"https:\/\/radiorevelacionfm.cl\/?p=18152","title":{"rendered":"PAR Explora Ays\u00e9n inicia proceso de convocatoria para capacitaci\u00f3n en comunicaci\u00f3n de la ciencia"},"content":{"rendered":"<div class=\"flex_column av_one_full  flex_column_div av-zero-column-padding first  avia-builder-el-0  el_before_av_one_full  avia-builder-el-first  \" style='border-radius:0px; '><div  class='avia-image-container  av-styling-    avia-builder-el-1  avia-builder-el-no-sibling  avia-align-center '  itemprop=\"image\" itemscope=\"itemscope\" itemtype=\"https:\/\/schema.org\/ImageObject\"  ><div class='avia-image-container-inner'><div class='avia-image-overlay-wrap'><img decoding=\"async\" class='wp-image-18153 avia-img-lazy-loading-not-18153 avia_image' src=\"https:\/\/radiorevelacionfm.cl\/wp-content\/uploads\/2022\/06\/Conv_CienciaAbierta_Baner_Web-1-1.png\" alt='' title='Conv_CienciaAbierta_Baner_Web (1) (1)' height=\"600\" width=\"929\"  itemprop=\"thumbnailUrl\" srcset=\"https:\/\/radiorevelacionfm.cl\/wp-content\/uploads\/2022\/06\/Conv_CienciaAbierta_Baner_Web-1-1.png 929w, https:\/\/radiorevelacionfm.cl\/wp-content\/uploads\/2022\/06\/Conv_CienciaAbierta_Baner_Web-1-1-300x194.png 300w, https:\/\/radiorevelacionfm.cl\/wp-content\/uploads\/2022\/06\/Conv_CienciaAbierta_Baner_Web-1-1-768x496.png 768w, https:\/\/radiorevelacionfm.cl\/wp-content\/uploads\/2022\/06\/Conv_CienciaAbierta_Baner_Web-1-1-705x455.png 705w, https:\/\/radiorevelacionfm.cl\/wp-content\/uploads\/2022\/06\/Conv_CienciaAbierta_Baner_Web-1-1-600x388.png 600w\" sizes=\"(max-width: 929px) 100vw, 929px\" \/><\/div><\/div><\/div><\/div><div class=\"flex_column av_one_full  flex_column_div av-zero-column-padding first  avia-builder-el-2  el_after_av_one_full  el_before_av_one_full  column-top-margin\" style='border-radius:0px; '><section class=\"av_textblock_section \"  itemscope=\"itemscope\" itemtype=\"https:\/\/schema.org\/BlogPosting\" itemprop=\"blogPost\" ><div class='avia_textblock  '   itemprop=\"text\" ><p style=\"text-align: center;\"><span style=\"font-size: 18pt;\"><strong>PAR Explora Ays\u00e9n inicia proceso de convocatoria para capacitaci\u00f3n en comunicaci\u00f3n de la ciencia<\/strong><\/span><\/p>\n<div id=\"gtx-trans\" style=\"position: absolute; left: -50px; top: 4.31534px;\">\n<div class=\"gtx-trans-icon\"><\/div>\n<\/div>\n<\/div><\/section><\/div><div class=\"flex_column av_one_full  flex_column_div av-zero-column-padding first  avia-builder-el-4  el_after_av_one_full  el_before_av_hr  column-top-margin\" style='border-radius:0px; '><section class=\"av_textblock_section \"  itemscope=\"itemscope\" itemtype=\"https:\/\/schema.org\/BlogPosting\" itemprop=\"blogPost\" ><div class='avia_textblock  '   itemprop=\"text\" ><p style=\"text-align: justify;\">El instrumento Ciencia Abierta, perteneciente al Proyecto Asociativo Regional (PAR) Explora Ays\u00e9n, ejecutado por el Campus Patagonia de la Universidad Austral de Chile invita a investigadores\/as a participar de la capacitaci\u00f3n LA CIENCIA QUE COMUNICAMOS.<\/p>\n<p style=\"text-align: justify;\">La capacitaci\u00f3n, que se realizar\u00e1 de manera virtual, comenzar\u00e1 el jueves 30 de junio y estar\u00e1 compuesta de cuatro talleres de dos horas cronol\u00f3gicas cada una, m\u00e1s una reuni\u00f3n informativa. Adem\u00e1s incorporar\u00e1 tem\u00e1ticas como: Bases para comunicar la ciencia, Medios y estrategias de divulgaci\u00f3n, Estrategias de comunicaci\u00f3n seg\u00fan el tipo de p\u00fablico (charlas\/talleres); y Estrategias corporales, destrezas y habilidades.<\/p>\n<p style=\"text-align: justify;\">Karina Ocampo, Coordinadora de Ciencia Abierta, indic\u00f3 \u201cLa ciencia que comunicamos\u00a0surge de la propia necesidad de investigadores e investigadoras respecto al manejo de estrategias y herramientas para alcanzar una comunicaci\u00f3n efectiva de la ciencia, pudiendo ser una gran ventaja en un mundo hiperconectado como el de hoy.\u201d \u00a0Adem\u00e1s respecto los participantes agreg\u00f3 \u201cquienes participen de la capacitaci\u00f3n, tendr\u00e1n la posibilidad de incorporarse voluntariamente en alguna de las actividades que se impulsar\u00e1n durante todo el a\u00f1o desde Explora Ays\u00e9n\u201d<\/p>\n<p style=\"text-align: justify;\">La actividad contar\u00e1 con el apoyo de destacados profesionales en el \u00e1rea, como N\u00e9lida Pohl: Asesora del programa de difusi\u00f3n de la Ciencia, 6 sentidos, del Instituto de Ecolog\u00eda y Biodiversidad (IEB) de la Universidad de Chile, y Jos\u00e9 Ilic: Divulgador cient\u00edfico, f\u00edsico e ilusionista profesional. Mag\u00edster en F\u00edsica de la Universidad de Concepci\u00f3n.<\/p>\n<p style=\"text-align: justify;\">El plazo para postular es hasta el jueves 23 de junio a trav\u00e9s del formulario de inscripci\u00f3n disponible en la p\u00e1gina web explora.cl\/aysen<\/p>\n<\/div><\/section><\/div><div  style='height:50px' class='hr hr-invisible   avia-builder-el-6  el_after_av_one_full  el_before_av_social_share '><span class='hr-inner ' ><span class='hr-inner-style'><\/span><\/span><\/div><\/p>\n<div  class='av-social-sharing-box  avia-builder-el-7  el_after_av_hr  el_before_av_hr  '><div class='av-share-box'><h5 class='av-share-link-description av-no-toc '>Compartir esta noticia<\/h5><ul class='av-share-box-list noLightbox'><li class='av-share-link av-social-link-facebook' ><a target=\"_blank\" aria-label=\"Compartir en Facebook\" href='https:\/\/www.facebook.com\/sharer.php?u=https:\/\/radiorevelacionfm.cl\/?p=18152&#038;t=PAR%20Explora%20Ays%C3%A9n%20inicia%20proceso%20de%20convocatoria%20para%20capacitaci%C3%B3n%20en%20comunicaci%C3%B3n%20de%20la%20ciencia' aria-hidden='false' data-av_icon='\ue8f3' data-av_iconfont='entypo-fontello' title='' data-avia-related-tooltip='Compartir en Facebook' rel=\"noopener\"><span class='avia_hidden_link_text'>Compartir en Facebook<\/span><\/a><\/li><li class='av-share-link av-social-link-twitter' ><a target=\"_blank\" aria-label=\"Compartir en Twitter\" href='https:\/\/twitter.com\/share?text=PAR%20Explora%20Ays%C3%A9n%20inicia%20proceso%20de%20convocatoria%20para%20capacitaci%C3%B3n%20en%20comunicaci%C3%B3n%20de%20la%20ciencia&#038;url=https:\/\/radiorevelacionfm.cl\/?p=18152' aria-hidden='false' data-av_icon='\ue8f1' data-av_iconfont='entypo-fontello' title='' data-avia-related-tooltip='Compartir en Twitter' rel=\"noopener\"><span class='avia_hidden_link_text'>Compartir en Twitter<\/span><\/a><\/li><li class='av-share-link av-social-link-whatsapp' ><a target=\"_blank\" aria-label=\"Compartir en Whatsapp\" href='https:\/\/api.whatsapp.com\/send?text=https:\/\/radiorevelacionfm.cl\/?p=18152' aria-hidden='false' data-av_icon='\uf232' data-av_iconfont='entypo-fontello' title='' data-avia-related-tooltip='Compartir en Whatsapp' rel=\"noopener\"><span class='avia_hidden_link_text'>Compartir en Whatsapp<\/span><\/a><\/li><li class='av-share-link av-social-link-linkedin' ><a target=\"_blank\" aria-label=\"Compartir en LinkedIn\" href='https:\/\/linkedin.com\/shareArticle?mini=true&#038;title=PAR%20Explora%20Ays%C3%A9n%20inicia%20proceso%20de%20convocatoria%20para%20capacitaci%C3%B3n%20en%20comunicaci%C3%B3n%20de%20la%20ciencia&#038;url=https:\/\/radiorevelacionfm.cl\/?p=18152' aria-hidden='false' data-av_icon='\ue8fc' data-av_iconfont='entypo-fontello' title='' data-avia-related-tooltip='Compartir en LinkedIn' rel=\"noopener\"><span class='avia_hidden_link_text'>Compartir en LinkedIn<\/span><\/a><\/li><li class='av-share-link av-social-link-mail' ><a  aria-label=\"Compartir por correo\" href='mailto:?subject=PAR%20Explora%20Ays%C3%A9n%20inicia%20proceso%20de%20convocatoria%20para%20capacitaci%C3%B3n%20en%20comunicaci%C3%B3n%20de%20la%20ciencia&#038;body=https:\/\/radiorevelacionfm.cl\/?p=18152' aria-hidden='false' data-av_icon='\ue805' data-av_iconfont='entypo-fontello' title='' data-avia-related-tooltip='Compartir por correo'><span class='avia_hidden_link_text'>Compartir por correo<\/span><\/a><\/li><\/ul><\/div><\/div>\n<div  style='height:50px' class='hr hr-invisible   avia-builder-el-8  el_after_av_social_share  el_before_av_comments_list '><span class='hr-inner ' ><span class='hr-inner-style'><\/span><\/span><\/div>\n<div  class='av-buildercomment  av-blog-meta-html-info-disabled av-blog-meta-tag-disabled  '><\/div>\n","protected":false},"excerpt":{"rendered":"","protected":false},"author":1,"featured_media":18153,"comment_status":"open","ping_status":"open","sticky":false,"template":"","format":"standard","meta":{"footnotes":""},"categories":[53],"tags":[],"class_list":["post-18152","post","type-post","status-publish","format-standard","has-post-thumbnail","hentry","category-ciencia"],"jetpack_featured_media_url":"https:\/\/radiorevelacionfm.cl\/wp-content\/uploads\/2022\/06\/Conv_CienciaAbierta_Baner_Web-1-1.png","_links":{"self":[{"href":"https:\/\/radiorevelacionfm.cl\/index.php?rest_route=\/wp\/v2\/posts\/18152","targetHints":{"allow":["GET"]}}],"collection":[{"href":"https:\/\/radiorevelacionfm.cl\/index.php?rest_route=\/wp\/v2\/posts"}],"about":[{"href":"https:\/\/radiorevelacionfm.cl\/index.php?rest_route=\/wp\/v2\/types\/post"}],"author":[{"embeddable":true,"href":"https:\/\/radiorevelacionfm.cl\/index.php?rest_route=\/wp\/v2\/users\/1"}],"replies":[{"embeddable":true,"href":"https:\/\/radiorevelacionfm.cl\/index.php?rest_route=%2Fwp%2Fv2%2Fcomments&post=18152"}],"version-history":[{"count":2,"href":"https:\/\/radiorevelacionfm.cl\/index.php?rest_route=\/wp\/v2\/posts\/18152\/revisions"}],"predecessor-version":[{"id":18175,"href":"https:\/\/radiorevelacionfm.cl\/index.php?rest_route=\/wp\/v2\/posts\/18152\/revisions\/18175"}],"wp:featuredmedia":[{"embeddable":true,"href":"https:\/\/radiorevelacionfm.cl\/index.php?rest_route=\/wp\/v2\/media\/18153"}],"wp:attachment":[{"href":"https:\/\/radiorevelacionfm.cl\/index.php?rest_route=%2Fwp%2Fv2%2Fmedia&parent=18152"}],"wp:term":[{"taxonomy":"category","embeddable":true,"href":"https:\/\/radiorevelacionfm.cl\/index.php?rest_route=%2Fwp%2Fv2%2Fcategories&post=18152"},{"taxonomy":"post_tag","embeddable":true,"href":"https:\/\/radiorevelacionfm.cl\/index.php?rest_route=%2Fwp%2Fv2%2Ftags&post=18152"}],"curies":[{"name":"wp","href":"https:\/\/api.w.org\/{rel}","templated":true}]}}