{"id":18148,"date":"2022-06-17T21:47:15","date_gmt":"2022-06-18T00:47:15","guid":{"rendered":"https:\/\/radiorevelacionfm.cl\/?p=18148"},"modified":"2022-06-17T21:47:15","modified_gmt":"2022-06-18T00:47:15","slug":"distribucion-geografica-de-comunidades-bentonicas-de-los-fiordos-patagonicos","status":"publish","type":"post","link":"https:\/\/radiorevelacionfm.cl\/?p=18148","title":{"rendered":"Distribuci\u00f3n geogr\u00e1fica de comunidades bent\u00f3nicas de los fiordos patag\u00f3nicos"},"content":{"rendered":"<div class=\"flex_column av_one_full  flex_column_div av-zero-column-padding first  avia-builder-el-0  el_before_av_one_full  avia-builder-el-first  \" style='border-radius:0px; '><div  class='avia-image-container  av-styling-    avia-builder-el-1  avia-builder-el-no-sibling  avia-align-center '  itemprop=\"image\" itemscope=\"itemscope\" itemtype=\"https:\/\/schema.org\/ImageObject\"  ><div class='avia-image-container-inner'><div class='avia-image-overlay-wrap'><img decoding=\"async\" class='wp-image-18149 avia-img-lazy-loading-not-18149 avia_image' src=\"https:\/\/radiorevelacionfm.cl\/wp-content\/uploads\/2022\/06\/foto-fondo-blando-1-1.jpg\" alt='' title='foto fondo blando (1) (1)' height=\"600\" width=\"800\"  itemprop=\"thumbnailUrl\" srcset=\"https:\/\/radiorevelacionfm.cl\/wp-content\/uploads\/2022\/06\/foto-fondo-blando-1-1.jpg 800w, https:\/\/radiorevelacionfm.cl\/wp-content\/uploads\/2022\/06\/foto-fondo-blando-1-1-300x225.jpg 300w, https:\/\/radiorevelacionfm.cl\/wp-content\/uploads\/2022\/06\/foto-fondo-blando-1-1-768x576.jpg 768w, https:\/\/radiorevelacionfm.cl\/wp-content\/uploads\/2022\/06\/foto-fondo-blando-1-1-705x529.jpg 705w, https:\/\/radiorevelacionfm.cl\/wp-content\/uploads\/2022\/06\/foto-fondo-blando-1-1-600x450.jpg 600w\" sizes=\"(max-width: 800px) 100vw, 800px\" \/><\/div><\/div><\/div><\/div><div class=\"flex_column av_one_full  flex_column_div av-zero-column-padding first  avia-builder-el-2  el_after_av_one_full  el_before_av_one_full  column-top-margin\" style='border-radius:0px; '><section class=\"av_textblock_section \"  itemscope=\"itemscope\" itemtype=\"https:\/\/schema.org\/BlogPosting\" itemprop=\"blogPost\" ><div class='avia_textblock  '   itemprop=\"text\" ><p style=\"text-align: center;\"><span style=\"font-size: 18pt;\"><b><span class=\"v1elementToProof\">Distribuci\u00f3n geogr\u00e1fica de comunidades bent\u00f3nicas de los fiordos patag\u00f3nicos\u00a0<\/span><\/b><b>\u00a0<\/b><\/span><\/p>\n<div id=\"gtx-trans\" style=\"position: absolute; left: -50px; top: 4.31534px;\">\n<div class=\"gtx-trans-icon\"><\/div>\n<\/div>\n<\/div><\/section><\/div><div class=\"flex_column av_one_full  flex_column_div av-zero-column-padding first  avia-builder-el-4  el_after_av_one_full  el_before_av_hr  column-top-margin\" style='border-radius:0px; '><section class=\"av_textblock_section \"  itemscope=\"itemscope\" itemtype=\"https:\/\/schema.org\/BlogPosting\" itemprop=\"blogPost\" ><div class='avia_textblock  '   itemprop=\"text\" ><p class=\"v1MsoNormal\" style=\"text-align: justify;\" align=\"justify\">La comunidad bent\u00f3nica en la Patagonia Chilena es tan rica y diversa como son sus h\u00e1bitats y fuentes de alimento. \u00a0Un reciente estudio publicado abord\u00f3 como el estr\u00e9s ambiental causado por el derretimiento de los glaciares y las descargas de los r\u00edos impulsa y modifica las din\u00e1micas de esta comunidad.<\/p>\n<p class=\"v1MsoNormal\" style=\"text-align: justify;\" align=\"justify\">En este sentido, un\u00a0grupo de investigadores e investigadoras analizaron\u00a0los patrones de\u00a0distribuci\u00f3n de los organismos que habitan\u00a0los fondos blandos\u00a0a trav\u00e9s del estudio de gradientes espaciales en ambientes con influencia marina y glaciar, y c\u00f3mo estos h\u00e1bitats pueden responder a los cambios en las condiciones ambientales.<\/p>\n<p class=\"v1MsoNormal\" style=\"text-align: justify;\" align=\"justify\">Para evaluar las relaciones entre la heterogeneidad ambiental, producida por\u00a0h\u00e1bitats marinos y glaciares,\u00a0y la biodiversidad bent\u00f3nica, se revisaron un conjunto de datos biol\u00f3gicos (fauna\u00a0marina) y sedimentol\u00f3gicos de m\u00faltiples campa\u00f1as oceanogr\u00e1ficas en los fiordos patag\u00f3nicos chilenos\u00a0(47\u00b0-54\u00b0S).\u00a0Adem\u00e1s, se analizaron las composiciones isot\u00f3picas de organismos de la epifauna, que vendr\u00edan siendo aquellos que\u00a0viven sobre el sustrato y macroinfauna, que se encuentran\u00a0enterrados\u00a0\u00a0en el sustrato,\u00a0para\u00a0as\u00ed\u00a0determinar la disponibilidad de carbono y nitr\u00f3geno.<\/p>\n<p class=\"v1MsoNormal\" style=\"text-align: justify;\" align=\"justify\">Los resultados mostraron que el estr\u00e9s ambiental glaciomarino y glaciofluvial afect\u00f3\u00a0de manera negativa\u00a0los reservorios de nutrientes y la disponibilidad de materia org\u00e1nica, lo que\u00a0genera cambios en la diversidad bent\u00f3nica y la\u00a0red alimentaria (estructura tr\u00f3fica)\u00a0a lo largo de los fiordos.\u00a0El \u00a0estudio arroj\u00f3 una\u00a0mayor riqueza de especies\u00a0bent\u00f3nicas\u00a0hacia el exterior de los fiordos, dominados principalmente por equinodermos, como\u00a0estrellas y erizos de mar,\u00a0y poliquetos\u00a0(gusanos marinos). Esta estructura faun\u00edstica se correlacion\u00f3 con la distribuci\u00f3n de la materia org\u00e1nica de origen terrestre en los sedimentos, los que disminuyen gradualmente hacia la plataforma del fiordo exterior. En la zona interior de los fiordos la comunidad bent\u00f3nica est\u00e1 dominada por poliquetos de peque\u00f1o tama\u00f1o corporal y especies\u00a0con alta capacidad de adaptarse a cambios ambientales\u00a0u\u00a0oportunistas.\u00a0De esta forma, las y los cient\u00edficos pudieron demostrar\u00a0c\u00f3mo la compleja interacci\u00f3n entre factores hidrogr\u00e1ficos y ecol\u00f3gicos,\u00a0a diferentes\u00a0escalas espaciales,\u00a0influye en la calidad y cantidad de recursos alimentarios para las comunidades bent\u00f3nicas en los fiordos patag\u00f3nicos.<\/p>\n<p class=\"v1MsoNormal\" style=\"text-align: justify;\" align=\"justify\">Esta publicaci\u00f3n, cont\u00f3 con el trabajo del investigador Dr. Eduardo Quiroga como autor principal, quien nos dej\u00f3 el pasado mes (QEPD), raz\u00f3n por la cual queremos destacar su investigaci\u00f3n y poner a\u00a0disposici\u00f3n\u00a0su \u00faltimo trabajo publicado, de quien fue en vida un apasionado investigador, amante de la Patagonia y un respetado y querido colega. \u00a0Adem\u00e1s,\u00a0este trabajo cont\u00f3 con la participaci\u00f3n de Paula Ortiz (CIEP), Eulogio Soto (UV), Nicole Salinas (PUCV), Nicole Olgu\u00edn (PUCV) y Chester Sands (British Antarctic Survey). La publicaci\u00f3n completa puede ser descargada de la revista Progress in Oceanography en el siguiente link:\u00a0<a href=\"https:\/\/authors.elsevier.com\/c\/1f2kiI7ECuHTA\" target=\"_blank\" rel=\"noopener noreferrer\"><u><span class=\"v115\">https:\/\/authors.elsevier.com\/c\/1f2kiI7ECuHTA<\/span><\/u><\/a><\/p>\n<\/div><\/section><\/div><div  style='height:50px' class='hr hr-invisible   avia-builder-el-6  el_after_av_one_full  el_before_av_social_share '><span class='hr-inner ' ><span class='hr-inner-style'><\/span><\/span><\/div><\/p>\n<div  class='av-social-sharing-box  avia-builder-el-7  el_after_av_hr  el_before_av_hr  '><div class='av-share-box'><h5 class='av-share-link-description av-no-toc '>Compartir esta noticia<\/h5><ul class='av-share-box-list noLightbox'><li class='av-share-link av-social-link-facebook' ><a target=\"_blank\" aria-label=\"Compartir en Facebook\" href='https:\/\/www.facebook.com\/sharer.php?u=https:\/\/radiorevelacionfm.cl\/?p=18148&#038;t=Distribuci%C3%B3n%20geogr%C3%A1fica%20de%20comunidades%20bent%C3%B3nicas%20de%20los%20fiordos%20patag%C3%B3nicos' aria-hidden='false' data-av_icon='\ue8f3' data-av_iconfont='entypo-fontello' title='' data-avia-related-tooltip='Compartir en Facebook' rel=\"noopener\"><span class='avia_hidden_link_text'>Compartir en Facebook<\/span><\/a><\/li><li class='av-share-link av-social-link-twitter' ><a target=\"_blank\" aria-label=\"Compartir en Twitter\" href='https:\/\/twitter.com\/share?text=Distribuci%C3%B3n%20geogr%C3%A1fica%20de%20comunidades%20bent%C3%B3nicas%20de%20los%20fiordos%20patag%C3%B3nicos&#038;url=https:\/\/radiorevelacionfm.cl\/?p=18148' aria-hidden='false' data-av_icon='\ue8f1' data-av_iconfont='entypo-fontello' title='' data-avia-related-tooltip='Compartir en Twitter' rel=\"noopener\"><span class='avia_hidden_link_text'>Compartir en Twitter<\/span><\/a><\/li><li class='av-share-link av-social-link-whatsapp' ><a target=\"_blank\" aria-label=\"Compartir en Whatsapp\" href='https:\/\/api.whatsapp.com\/send?text=https:\/\/radiorevelacionfm.cl\/?p=18148' aria-hidden='false' data-av_icon='\uf232' data-av_iconfont='entypo-fontello' title='' data-avia-related-tooltip='Compartir en Whatsapp' rel=\"noopener\"><span class='avia_hidden_link_text'>Compartir en Whatsapp<\/span><\/a><\/li><li class='av-share-link av-social-link-linkedin' ><a target=\"_blank\" aria-label=\"Compartir en LinkedIn\" href='https:\/\/linkedin.com\/shareArticle?mini=true&#038;title=Distribuci%C3%B3n%20geogr%C3%A1fica%20de%20comunidades%20bent%C3%B3nicas%20de%20los%20fiordos%20patag%C3%B3nicos&#038;url=https:\/\/radiorevelacionfm.cl\/?p=18148' aria-hidden='false' data-av_icon='\ue8fc' data-av_iconfont='entypo-fontello' title='' data-avia-related-tooltip='Compartir en LinkedIn' rel=\"noopener\"><span class='avia_hidden_link_text'>Compartir en LinkedIn<\/span><\/a><\/li><li class='av-share-link av-social-link-mail' ><a  aria-label=\"Compartir por correo\" href='mailto:?subject=Distribuci%C3%B3n%20geogr%C3%A1fica%20de%20comunidades%20bent%C3%B3nicas%20de%20los%20fiordos%20patag%C3%B3nicos&#038;body=https:\/\/radiorevelacionfm.cl\/?p=18148' aria-hidden='false' data-av_icon='\ue805' data-av_iconfont='entypo-fontello' title='' data-avia-related-tooltip='Compartir por correo'><span class='avia_hidden_link_text'>Compartir por correo<\/span><\/a><\/li><\/ul><\/div><\/div>\n<div  style='height:50px' class='hr hr-invisible   avia-builder-el-8  el_after_av_social_share  el_before_av_comments_list '><span class='hr-inner ' ><span class='hr-inner-style'><\/span><\/span><\/div>\n<div  class='av-buildercomment  av-blog-meta-html-info-disabled av-blog-meta-tag-disabled  '><\/div>\n","protected":false},"excerpt":{"rendered":"","protected":false},"author":1,"featured_media":18149,"comment_status":"open","ping_status":"open","sticky":false,"template":"","format":"standard","meta":{"footnotes":""},"categories":[38],"tags":[],"class_list":["post-18148","post","type-post","status-publish","format-standard","has-post-thumbnail","hentry","category-regional"],"jetpack_featured_media_url":"https:\/\/radiorevelacionfm.cl\/wp-content\/uploads\/2022\/06\/foto-fondo-blando-1-1.jpg","_links":{"self":[{"href":"https:\/\/radiorevelacionfm.cl\/index.php?rest_route=\/wp\/v2\/posts\/18148","targetHints":{"allow":["GET"]}}],"collection":[{"href":"https:\/\/radiorevelacionfm.cl\/index.php?rest_route=\/wp\/v2\/posts"}],"about":[{"href":"https:\/\/radiorevelacionfm.cl\/index.php?rest_route=\/wp\/v2\/types\/post"}],"author":[{"embeddable":true,"href":"https:\/\/radiorevelacionfm.cl\/index.php?rest_route=\/wp\/v2\/users\/1"}],"replies":[{"embeddable":true,"href":"https:\/\/radiorevelacionfm.cl\/index.php?rest_route=%2Fwp%2Fv2%2Fcomments&post=18148"}],"version-history":[{"count":2,"href":"https:\/\/radiorevelacionfm.cl\/index.php?rest_route=\/wp\/v2\/posts\/18148\/revisions"}],"predecessor-version":[{"id":18151,"href":"https:\/\/radiorevelacionfm.cl\/index.php?rest_route=\/wp\/v2\/posts\/18148\/revisions\/18151"}],"wp:featuredmedia":[{"embeddable":true,"href":"https:\/\/radiorevelacionfm.cl\/index.php?rest_route=\/wp\/v2\/media\/18149"}],"wp:attachment":[{"href":"https:\/\/radiorevelacionfm.cl\/index.php?rest_route=%2Fwp%2Fv2%2Fmedia&parent=18148"}],"wp:term":[{"taxonomy":"category","embeddable":true,"href":"https:\/\/radiorevelacionfm.cl\/index.php?rest_route=%2Fwp%2Fv2%2Fcategories&post=18148"},{"taxonomy":"post_tag","embeddable":true,"href":"https:\/\/radiorevelacionfm.cl\/index.php?rest_route=%2Fwp%2Fv2%2Ftags&post=18148"}],"curies":[{"name":"wp","href":"https:\/\/api.w.org\/{rel}","templated":true}]}}