{"id":18144,"date":"2022-06-17T21:19:43","date_gmt":"2022-06-18T00:19:43","guid":{"rendered":"https:\/\/radiorevelacionfm.cl\/?p=18144"},"modified":"2022-06-17T21:19:43","modified_gmt":"2022-06-18T00:19:43","slug":"salud-refuerza-medidas-de-autocuidado-ante-casos-de-escabiosis-en-villa-ohiggins","status":"publish","type":"post","link":"https:\/\/radiorevelacionfm.cl\/?p=18144","title":{"rendered":"Salud refuerza medidas de autocuidado ante casos de escabiosis en Villa O\u201dHiggins"},"content":{"rendered":"<div class=\"flex_column av_one_full  flex_column_div av-zero-column-padding first  avia-builder-el-0  el_before_av_one_full  avia-builder-el-first  \" style='border-radius:0px; '><div  class='avia-image-container  av-styling-    avia-builder-el-1  avia-builder-el-no-sibling  avia-align-center '  itemprop=\"image\" itemscope=\"itemscope\" itemtype=\"https:\/\/schema.org\/ImageObject\"  ><div class='avia-image-container-inner'><div class='avia-image-overlay-wrap'><img decoding=\"async\" class='wp-image-18145 avia-img-lazy-loading-not-18145 avia_image' src=\"https:\/\/radiorevelacionfm.cl\/wp-content\/uploads\/2022\/06\/escabiosis-humana-1-1.jpg\" alt='' title='escabiosis humana (1) (1)' height=\"600\" width=\"1067\"  itemprop=\"thumbnailUrl\" srcset=\"https:\/\/radiorevelacionfm.cl\/wp-content\/uploads\/2022\/06\/escabiosis-humana-1-1.jpg 1067w, https:\/\/radiorevelacionfm.cl\/wp-content\/uploads\/2022\/06\/escabiosis-humana-1-1-300x169.jpg 300w, https:\/\/radiorevelacionfm.cl\/wp-content\/uploads\/2022\/06\/escabiosis-humana-1-1-1030x579.jpg 1030w, https:\/\/radiorevelacionfm.cl\/wp-content\/uploads\/2022\/06\/escabiosis-humana-1-1-768x432.jpg 768w, https:\/\/radiorevelacionfm.cl\/wp-content\/uploads\/2022\/06\/escabiosis-humana-1-1-705x396.jpg 705w, https:\/\/radiorevelacionfm.cl\/wp-content\/uploads\/2022\/06\/escabiosis-humana-1-1-600x337.jpg 600w\" sizes=\"(max-width: 1067px) 100vw, 1067px\" \/><\/div><\/div><\/div><\/div><div class=\"flex_column av_one_full  flex_column_div av-zero-column-padding first  avia-builder-el-2  el_after_av_one_full  el_before_av_one_full  column-top-margin\" style='border-radius:0px; '><section class=\"av_textblock_section \"  itemscope=\"itemscope\" itemtype=\"https:\/\/schema.org\/BlogPosting\" itemprop=\"blogPost\" ><div class='avia_textblock  '   itemprop=\"text\" ><p style=\"text-align: center;\"><span style=\"font-size: 18pt;\"><strong>Salud refuerza medidas de autocuidado ante casos de escabiosis en Villa O\u201dHiggins<\/strong><\/span><\/p>\n<div id=\"gtx-trans\" style=\"position: absolute; left: -50px; top: 4.31534px;\">\n<div class=\"gtx-trans-icon\"><\/div>\n<\/div>\n<\/div><\/section><\/div><div class=\"flex_column av_one_full  flex_column_div av-zero-column-padding first  avia-builder-el-4  el_after_av_one_full  el_before_av_hr  column-top-margin\" style='border-radius:0px; '><section class=\"av_textblock_section \"  itemscope=\"itemscope\" itemtype=\"https:\/\/schema.org\/BlogPosting\" itemprop=\"blogPost\" ><div class='avia_textblock  '   itemprop=\"text\" ><p style=\"text-align: justify;\">Tras conocerse de un brote de escabiosis (sarna humana) en algunos pobladores de Villa O\u201dHiggins, desde la autoridad sanitaria se inici\u00f3 un trabajo para reforzar las medidas de autocuidado y de prevenci\u00f3n en la zona sur de la regi\u00f3n, donde se enfatiza que esta enfermedad no es peligrosa y tiene tratamiento m\u00e9dico.<\/p>\n<p style=\"text-align: justify;\">En este contexto, el epidemi\u00f3logo de la Seremi de Salud Ays\u00e9n, Marco Acu\u00f1a, se refiri\u00f3 a esta situaci\u00f3n sanitaria.\u00a0 \u201cEn estos momentos en Villa O\u201dHiggins est\u00e1 ocurriendo un brote comunitario por sarna, que es una enfermedad causada por un par\u00e1sito, un \u00e1caro peque\u00f1o que se introduce bajo la piel, causando una sintomatolog\u00eda caracterizada por picaz\u00f3n principalmente entre los dedos, mu\u00f1ecas y codos.\u00a0 Es una enfermedad que tiene una caracter\u00edstica estacional ya que aparece principalmente en oto\u00f1o e invierno, porque nos abrigamos m\u00e1s, nos hacinamos m\u00e1s, y entonces aparece esta enfermedad parasitaria\u201d.<\/p>\n<p style=\"text-align: justify;\">Esta enfermedad, que cuenta con tratamiento en los centros de salud, requiere de medidas de autocuidado, como lo explic\u00f3 el profesional de la Seremi de Salud, quien a su vez solicit\u00f3 que ante la presencia de sintomatolog\u00eda las personas deben consultar oportunamente en los centros de salud.\u00a0 \u201cLa persona que esta con picaz\u00f3n entre los dedos, manos o brazos, sobretodo en la noche cuando uno esta abrigado, debe concurrir de inmediato a un centro de salud para contar con un diagn\u00f3stico y tratamiento, el cual se caracteriza por la aplicaci\u00f3n de soluciones en crema en todo el cuerpo de la persona afectada para poder eliminar el par\u00e1sito. \u00a0Este tratamiento debe ser al grupo familiar por la relaci\u00f3n estrecha que se produce entre las personas; y para el manejo de la ropa del caso positivo, se recomienda que la ropa de cama y del paciente sea lavada idealmente con agua caliente y harto detergente, para ser secada al sol y posteriormente planchada para que pueda ser nuevamente utilizada\u201d.<\/p>\n<p style=\"text-align: justify;\">La sarna humana (escabiosis) es una condici\u00f3n de la piel que produce picaz\u00f3n y que es causada por peque\u00f1os par\u00e1sitos. Se transmite por contacto de piel a piel, y no tiene antecedentes de ser peligrosa, por lo que se reitera a la poblaci\u00f3n que en el caso de sintomatolog\u00eda asociada a esta enfermedad, acuda al centro asistencial m\u00e1s cercano para una evaluaci\u00f3n de salud.<\/p>\n<\/div><\/section><\/div><div  style='height:50px' class='hr hr-invisible   avia-builder-el-6  el_after_av_one_full  el_before_av_social_share '><span class='hr-inner ' ><span class='hr-inner-style'><\/span><\/span><\/div><\/p>\n<div  class='av-social-sharing-box  avia-builder-el-7  el_after_av_hr  el_before_av_hr  '><div class='av-share-box'><h5 class='av-share-link-description av-no-toc '>Compartir esta noticia<\/h5><ul class='av-share-box-list noLightbox'><li class='av-share-link av-social-link-facebook' ><a target=\"_blank\" aria-label=\"Compartir en Facebook\" href='https:\/\/www.facebook.com\/sharer.php?u=https:\/\/radiorevelacionfm.cl\/?p=18144&#038;t=Salud%20refuerza%20medidas%20de%20autocuidado%20ante%20casos%20de%20escabiosis%20en%20Villa%20O%E2%80%9DHiggins' aria-hidden='false' data-av_icon='\ue8f3' data-av_iconfont='entypo-fontello' title='' data-avia-related-tooltip='Compartir en Facebook' rel=\"noopener\"><span class='avia_hidden_link_text'>Compartir en Facebook<\/span><\/a><\/li><li class='av-share-link av-social-link-twitter' ><a target=\"_blank\" aria-label=\"Compartir en Twitter\" href='https:\/\/twitter.com\/share?text=Salud%20refuerza%20medidas%20de%20autocuidado%20ante%20casos%20de%20escabiosis%20en%20Villa%20O%E2%80%9DHiggins&#038;url=https:\/\/radiorevelacionfm.cl\/?p=18144' aria-hidden='false' data-av_icon='\ue8f1' data-av_iconfont='entypo-fontello' title='' data-avia-related-tooltip='Compartir en Twitter' rel=\"noopener\"><span class='avia_hidden_link_text'>Compartir en Twitter<\/span><\/a><\/li><li class='av-share-link av-social-link-whatsapp' ><a target=\"_blank\" aria-label=\"Compartir en Whatsapp\" href='https:\/\/api.whatsapp.com\/send?text=https:\/\/radiorevelacionfm.cl\/?p=18144' aria-hidden='false' data-av_icon='\uf232' data-av_iconfont='entypo-fontello' title='' data-avia-related-tooltip='Compartir en Whatsapp' rel=\"noopener\"><span class='avia_hidden_link_text'>Compartir en Whatsapp<\/span><\/a><\/li><li class='av-share-link av-social-link-linkedin' ><a target=\"_blank\" aria-label=\"Compartir en LinkedIn\" href='https:\/\/linkedin.com\/shareArticle?mini=true&#038;title=Salud%20refuerza%20medidas%20de%20autocuidado%20ante%20casos%20de%20escabiosis%20en%20Villa%20O%E2%80%9DHiggins&#038;url=https:\/\/radiorevelacionfm.cl\/?p=18144' aria-hidden='false' data-av_icon='\ue8fc' data-av_iconfont='entypo-fontello' title='' data-avia-related-tooltip='Compartir en LinkedIn' rel=\"noopener\"><span class='avia_hidden_link_text'>Compartir en LinkedIn<\/span><\/a><\/li><li class='av-share-link av-social-link-mail' ><a  aria-label=\"Compartir por correo\" href='mailto:?subject=Salud%20refuerza%20medidas%20de%20autocuidado%20ante%20casos%20de%20escabiosis%20en%20Villa%20O%E2%80%9DHiggins&#038;body=https:\/\/radiorevelacionfm.cl\/?p=18144' aria-hidden='false' data-av_icon='\ue805' data-av_iconfont='entypo-fontello' title='' data-avia-related-tooltip='Compartir por correo'><span class='avia_hidden_link_text'>Compartir por correo<\/span><\/a><\/li><\/ul><\/div><\/div>\n<div  style='height:50px' class='hr hr-invisible   avia-builder-el-8  el_after_av_social_share  el_before_av_comments_list '><span class='hr-inner ' ><span class='hr-inner-style'><\/span><\/span><\/div>\n<div  class='av-buildercomment  av-blog-meta-html-info-disabled av-blog-meta-tag-disabled  '><\/div>\n","protected":false},"excerpt":{"rendered":"","protected":false},"author":1,"featured_media":18145,"comment_status":"open","ping_status":"open","sticky":false,"template":"","format":"standard","meta":{"footnotes":""},"categories":[46],"tags":[],"class_list":["post-18144","post","type-post","status-publish","format-standard","has-post-thumbnail","hentry","category-salud"],"jetpack_featured_media_url":"https:\/\/radiorevelacionfm.cl\/wp-content\/uploads\/2022\/06\/escabiosis-humana-1-1.jpg","_links":{"self":[{"href":"https:\/\/radiorevelacionfm.cl\/index.php?rest_route=\/wp\/v2\/posts\/18144","targetHints":{"allow":["GET"]}}],"collection":[{"href":"https:\/\/radiorevelacionfm.cl\/index.php?rest_route=\/wp\/v2\/posts"}],"about":[{"href":"https:\/\/radiorevelacionfm.cl\/index.php?rest_route=\/wp\/v2\/types\/post"}],"author":[{"embeddable":true,"href":"https:\/\/radiorevelacionfm.cl\/index.php?rest_route=\/wp\/v2\/users\/1"}],"replies":[{"embeddable":true,"href":"https:\/\/radiorevelacionfm.cl\/index.php?rest_route=%2Fwp%2Fv2%2Fcomments&post=18144"}],"version-history":[{"count":2,"href":"https:\/\/radiorevelacionfm.cl\/index.php?rest_route=\/wp\/v2\/posts\/18144\/revisions"}],"predecessor-version":[{"id":18147,"href":"https:\/\/radiorevelacionfm.cl\/index.php?rest_route=\/wp\/v2\/posts\/18144\/revisions\/18147"}],"wp:featuredmedia":[{"embeddable":true,"href":"https:\/\/radiorevelacionfm.cl\/index.php?rest_route=\/wp\/v2\/media\/18145"}],"wp:attachment":[{"href":"https:\/\/radiorevelacionfm.cl\/index.php?rest_route=%2Fwp%2Fv2%2Fmedia&parent=18144"}],"wp:term":[{"taxonomy":"category","embeddable":true,"href":"https:\/\/radiorevelacionfm.cl\/index.php?rest_route=%2Fwp%2Fv2%2Fcategories&post=18144"},{"taxonomy":"post_tag","embeddable":true,"href":"https:\/\/radiorevelacionfm.cl\/index.php?rest_route=%2Fwp%2Fv2%2Ftags&post=18144"}],"curies":[{"name":"wp","href":"https:\/\/api.w.org\/{rel}","templated":true}]}}