{"id":18122,"date":"2022-06-17T10:24:52","date_gmt":"2022-06-17T13:24:52","guid":{"rendered":"https:\/\/radiorevelacionfm.cl\/?p=18122"},"modified":"2022-06-17T10:24:52","modified_gmt":"2022-06-17T13:24:52","slug":"charla-de-irregularidades-en-el-dominio-de-la-propiedad-se-realizo-en-coyhaique","status":"publish","type":"post","link":"https:\/\/radiorevelacionfm.cl\/?p=18122","title":{"rendered":"Charla de irregularidades en el dominio de la propiedad se realiz\u00f3 en Coyhaique"},"content":{"rendered":"<div class=\"flex_column av_one_full  flex_column_div av-zero-column-padding first  avia-builder-el-0  el_before_av_one_full  avia-builder-el-first  \" style='border-radius:0px; '><div  class='avia-image-container  av-styling-    avia-builder-el-1  avia-builder-el-no-sibling  avia-align-center '  itemprop=\"image\" itemscope=\"itemscope\" itemtype=\"https:\/\/schema.org\/ImageObject\"  ><div class='avia-image-container-inner'><div class='avia-image-overlay-wrap'><img decoding=\"async\" class='wp-image-18123 avia-img-lazy-loading-not-18123 avia_image' src=\"https:\/\/radiorevelacionfm.cl\/wp-content\/uploads\/2022\/06\/2-90-1-1.jpg\" alt='' title='2 (90) (1) (1)' height=\"600\" width=\"903\"  itemprop=\"thumbnailUrl\" srcset=\"https:\/\/radiorevelacionfm.cl\/wp-content\/uploads\/2022\/06\/2-90-1-1.jpg 903w, https:\/\/radiorevelacionfm.cl\/wp-content\/uploads\/2022\/06\/2-90-1-1-300x199.jpg 300w, https:\/\/radiorevelacionfm.cl\/wp-content\/uploads\/2022\/06\/2-90-1-1-768x510.jpg 768w, https:\/\/radiorevelacionfm.cl\/wp-content\/uploads\/2022\/06\/2-90-1-1-705x468.jpg 705w, https:\/\/radiorevelacionfm.cl\/wp-content\/uploads\/2022\/06\/2-90-1-1-600x399.jpg 600w\" sizes=\"(max-width: 903px) 100vw, 903px\" \/><\/div><\/div><\/div><\/div><div class=\"flex_column av_one_full  flex_column_div av-zero-column-padding first  avia-builder-el-2  el_after_av_one_full  el_before_av_one_full  column-top-margin\" style='border-radius:0px; '><section class=\"av_textblock_section \"  itemscope=\"itemscope\" itemtype=\"https:\/\/schema.org\/BlogPosting\" itemprop=\"blogPost\" ><div class='avia_textblock  '   itemprop=\"text\" ><p style=\"text-align: center;\"><strong><span style=\"font-size: 18pt;\">Charla de irregularidades en el dominio de la propiedad se realiz\u00f3 en Coyhaique<\/span><\/strong><\/p>\n<div id=\"gtx-trans\" style=\"position: absolute; left: -50px; top: 4.31534px;\">\n<div class=\"gtx-trans-icon\"><\/div>\n<\/div>\n<\/div><\/section><\/div><div class=\"flex_column av_one_full  flex_column_div av-zero-column-padding first  avia-builder-el-4  el_after_av_one_full  el_before_av_hr  column-top-margin\" style='border-radius:0px; '><section class=\"av_textblock_section \"  itemscope=\"itemscope\" itemtype=\"https:\/\/schema.org\/BlogPosting\" itemprop=\"blogPost\" ><div class='avia_textblock  '   itemprop=\"text\" ><p style=\"text-align: justify;\">En el Centro Cultural Coyhaique los funcionarios de la Unidad de Regularizaci\u00f3n de la Seremi de Bienes Nacionales, dictaron la charla que busca prevenir la adquisici\u00f3n de un bien ra\u00edz a trav\u00e9s de procedimientos que no cumplen con la normativa, y c\u00f3mo, la aplicaci\u00f3n de un Decreto Ley permite excepcionalmente regularizar casos de ocupaci\u00f3n material irregular en propiedad privada.<\/p>\n<p style=\"text-align: justify;\"><strong>\u00bfCu\u00e1ndo hay irregularidad? <\/strong><\/p>\n<p style=\"text-align: justify;\">Hay una irregularidad en el dominio cuando una persona tiene de forma material un bien ra\u00edz y se comporta como si fuera el due\u00f1o durante un per\u00edodo de tiempo prolongado, no obstante, esta propiedad no est\u00e1 a nombre de \u00e9l en el Conservador de Bienes Ra\u00edces respectivo.<\/p>\n<p style=\"text-align: justify;\"><strong>D.L. N\u00ba 2.695\/79<\/strong><\/p>\n<p style=\"text-align: justify;\">Uno de los mecanismos con los que cuenta el Ministerio de Bienes Nacionales para regularizar la peque\u00f1a propiedad particular es el procedimiento de Saneamiento del Dominio. Este procedimiento administrativo, establecido por el D.L.2.695 de 1977, otorga el Titulo de Dominio inscrito si se cumplen los requisitos legales, eliminando la situaci\u00f3n de irregularidad.<\/p>\n<p style=\"text-align: justify;\">El encuentro cont\u00f3 con la participaci\u00f3n de la Seremi Irina Morend Valdebenito, qui\u00e9n aclar\u00f3 que \u201cestas charlas est\u00e1n dirigidas a funcionarios p\u00fablicos, organizaciones del \u00e1mbito civil y p\u00fablico en general y en lo que va del a\u00f1o, ya la hemos realizado en Valle Simpson, tuvimos una fecha en Puerto Ays\u00e9n y ahora en Coyhaique. Esperamos para el segundo semestre moveremos a otras comunas, porque sabemos que existe la necesidad de las personas de contar con esta informaci\u00f3n, tan importante a la hora de tomar la decisi\u00f3n de adquirir una propiedad\u201d.<\/p>\n<p style=\"text-align: justify;\">Entre las asistentes se encontraba Marliz Mu\u00f1oz, quien valor\u00f3 los contenidos y el aporte le que le significan para su trabajo. \u201cLos contenidos que se tocaron hoy d\u00eda son muy importantes, sobre todo para las familias con la que yo trabajo, a quienes les transmitir\u00e9 lo aprendido, para que ellos puedan comprender y acceder a estos servicios y finalmente al t\u00edtulo de dominio, documento muy importante para cualquier persona que posee un inmueble\u201d.<\/p>\n<p style=\"text-align: justify;\">Marcela Santib\u00e1\u00f1ez destac\u00f3 la importancia de asesorarse antes de tomar la decisi\u00f3n de adquirir un bien. \u201cMe pareci\u00f3 s\u00faper pr\u00e1ctica la charla en la explicaci\u00f3n del proceso de regularizaci\u00f3n, o cuando vas a comprar algo en qu\u00e9 fijarse, como por ejemplo asesorarse por un abogado, est\u00e1s son materias que, en mi caso, se aplican tanto en mi trabajo como en la vida personal\u201d.<\/p>\n<\/div><\/section><\/div><div  style='height:50px' class='hr hr-invisible   avia-builder-el-6  el_after_av_one_full  el_before_av_social_share '><span class='hr-inner ' ><span class='hr-inner-style'><\/span><\/span><\/div><\/p>\n<div  class='av-social-sharing-box  avia-builder-el-7  el_after_av_hr  el_before_av_hr  '><div class='av-share-box'><h5 class='av-share-link-description av-no-toc '>Compartir esta noticia<\/h5><ul class='av-share-box-list noLightbox'><li class='av-share-link av-social-link-facebook' ><a target=\"_blank\" aria-label=\"Compartir en Facebook\" href='https:\/\/www.facebook.com\/sharer.php?u=https:\/\/radiorevelacionfm.cl\/?p=18122&#038;t=Charla%20de%20irregularidades%20en%20el%20dominio%20de%20la%20propiedad%20se%20realiz%C3%B3%20en%20Coyhaique' aria-hidden='false' data-av_icon='\ue8f3' data-av_iconfont='entypo-fontello' title='' data-avia-related-tooltip='Compartir en Facebook' rel=\"noopener\"><span class='avia_hidden_link_text'>Compartir en Facebook<\/span><\/a><\/li><li class='av-share-link av-social-link-twitter' ><a target=\"_blank\" aria-label=\"Compartir en Twitter\" href='https:\/\/twitter.com\/share?text=Charla%20de%20irregularidades%20en%20el%20dominio%20de%20la%20propiedad%20se%20realiz%C3%B3%20en%20Coyhaique&#038;url=https:\/\/radiorevelacionfm.cl\/?p=18122' aria-hidden='false' data-av_icon='\ue8f1' data-av_iconfont='entypo-fontello' title='' data-avia-related-tooltip='Compartir en Twitter' rel=\"noopener\"><span class='avia_hidden_link_text'>Compartir en Twitter<\/span><\/a><\/li><li class='av-share-link av-social-link-whatsapp' ><a target=\"_blank\" aria-label=\"Compartir en Whatsapp\" href='https:\/\/api.whatsapp.com\/send?text=https:\/\/radiorevelacionfm.cl\/?p=18122' aria-hidden='false' data-av_icon='\uf232' data-av_iconfont='entypo-fontello' title='' data-avia-related-tooltip='Compartir en Whatsapp' rel=\"noopener\"><span class='avia_hidden_link_text'>Compartir en Whatsapp<\/span><\/a><\/li><li class='av-share-link av-social-link-linkedin' ><a target=\"_blank\" aria-label=\"Compartir en LinkedIn\" href='https:\/\/linkedin.com\/shareArticle?mini=true&#038;title=Charla%20de%20irregularidades%20en%20el%20dominio%20de%20la%20propiedad%20se%20realiz%C3%B3%20en%20Coyhaique&#038;url=https:\/\/radiorevelacionfm.cl\/?p=18122' aria-hidden='false' data-av_icon='\ue8fc' data-av_iconfont='entypo-fontello' title='' data-avia-related-tooltip='Compartir en LinkedIn' rel=\"noopener\"><span class='avia_hidden_link_text'>Compartir en LinkedIn<\/span><\/a><\/li><li class='av-share-link av-social-link-mail' ><a  aria-label=\"Compartir por correo\" href='mailto:?subject=Charla%20de%20irregularidades%20en%20el%20dominio%20de%20la%20propiedad%20se%20realiz%C3%B3%20en%20Coyhaique&#038;body=https:\/\/radiorevelacionfm.cl\/?p=18122' aria-hidden='false' data-av_icon='\ue805' data-av_iconfont='entypo-fontello' title='' data-avia-related-tooltip='Compartir por correo'><span class='avia_hidden_link_text'>Compartir por correo<\/span><\/a><\/li><\/ul><\/div><\/div>\n<div  style='height:50px' class='hr hr-invisible   avia-builder-el-8  el_after_av_social_share  el_before_av_comments_list '><span class='hr-inner ' ><span class='hr-inner-style'><\/span><\/span><\/div>\n<div  class='av-buildercomment  av-blog-meta-html-info-disabled av-blog-meta-tag-disabled  '><\/div>\n","protected":false},"excerpt":{"rendered":"","protected":false},"author":1,"featured_media":18123,"comment_status":"open","ping_status":"open","sticky":false,"template":"","format":"standard","meta":{"footnotes":""},"categories":[38],"tags":[],"class_list":["post-18122","post","type-post","status-publish","format-standard","has-post-thumbnail","hentry","category-regional"],"jetpack_featured_media_url":"https:\/\/radiorevelacionfm.cl\/wp-content\/uploads\/2022\/06\/2-90-1-1.jpg","_links":{"self":[{"href":"https:\/\/radiorevelacionfm.cl\/index.php?rest_route=\/wp\/v2\/posts\/18122","targetHints":{"allow":["GET"]}}],"collection":[{"href":"https:\/\/radiorevelacionfm.cl\/index.php?rest_route=\/wp\/v2\/posts"}],"about":[{"href":"https:\/\/radiorevelacionfm.cl\/index.php?rest_route=\/wp\/v2\/types\/post"}],"author":[{"embeddable":true,"href":"https:\/\/radiorevelacionfm.cl\/index.php?rest_route=\/wp\/v2\/users\/1"}],"replies":[{"embeddable":true,"href":"https:\/\/radiorevelacionfm.cl\/index.php?rest_route=%2Fwp%2Fv2%2Fcomments&post=18122"}],"version-history":[{"count":2,"href":"https:\/\/radiorevelacionfm.cl\/index.php?rest_route=\/wp\/v2\/posts\/18122\/revisions"}],"predecessor-version":[{"id":18134,"href":"https:\/\/radiorevelacionfm.cl\/index.php?rest_route=\/wp\/v2\/posts\/18122\/revisions\/18134"}],"wp:featuredmedia":[{"embeddable":true,"href":"https:\/\/radiorevelacionfm.cl\/index.php?rest_route=\/wp\/v2\/media\/18123"}],"wp:attachment":[{"href":"https:\/\/radiorevelacionfm.cl\/index.php?rest_route=%2Fwp%2Fv2%2Fmedia&parent=18122"}],"wp:term":[{"taxonomy":"category","embeddable":true,"href":"https:\/\/radiorevelacionfm.cl\/index.php?rest_route=%2Fwp%2Fv2%2Fcategories&post=18122"},{"taxonomy":"post_tag","embeddable":true,"href":"https:\/\/radiorevelacionfm.cl\/index.php?rest_route=%2Fwp%2Fv2%2Ftags&post=18122"}],"curies":[{"name":"wp","href":"https:\/\/api.w.org\/{rel}","templated":true}]}}