{"id":18118,"date":"2022-06-16T19:41:47","date_gmt":"2022-06-16T22:41:47","guid":{"rendered":"https:\/\/radiorevelacionfm.cl\/?p=18118"},"modified":"2022-06-16T19:41:47","modified_gmt":"2022-06-16T22:41:47","slug":"ministra-siches-en-la-region-de-aysen-vengo-como-jefa-de-gabinete-a-hacer-patente-el-compromiso-de-nuestro-presidente-de-llevar-un-gobierno-regionalista","status":"publish","type":"post","link":"https:\/\/radiorevelacionfm.cl\/?p=18118","title":{"rendered":"Ministra Siches en la Regi\u00f3n de Ays\u00e9n: \u201cVengo como jefa de gabinete a hacer patente el compromiso de nuestro Presidente de llevar un gobierno regionalista\u201d"},"content":{"rendered":"<div class=\"flex_column av_one_full  flex_column_div av-zero-column-padding first  avia-builder-el-0  el_before_av_one_full  avia-builder-el-first  \" style='border-radius:0px; '><div  class='avia-image-container  av-styling-    avia-builder-el-1  avia-builder-el-no-sibling  avia-align-center '  itemprop=\"image\" itemscope=\"itemscope\" itemtype=\"https:\/\/schema.org\/ImageObject\"  ><div class='avia-image-container-inner'><div class='avia-image-overlay-wrap'><img decoding=\"async\" class='wp-image-18119 avia-img-lazy-loading-not-18119 avia_image' src=\"https:\/\/radiorevelacionfm.cl\/wp-content\/uploads\/2022\/06\/visita-ministra-2022-06-16-1_optimized.jpeg\" alt='' title='visita-ministra-2022-06-16-(1)_optimized' height=\"600\" width=\"800\"  itemprop=\"thumbnailUrl\" srcset=\"https:\/\/radiorevelacionfm.cl\/wp-content\/uploads\/2022\/06\/visita-ministra-2022-06-16-1_optimized.jpeg 800w, https:\/\/radiorevelacionfm.cl\/wp-content\/uploads\/2022\/06\/visita-ministra-2022-06-16-1_optimized-300x225.jpeg 300w, https:\/\/radiorevelacionfm.cl\/wp-content\/uploads\/2022\/06\/visita-ministra-2022-06-16-1_optimized-768x576.jpeg 768w, https:\/\/radiorevelacionfm.cl\/wp-content\/uploads\/2022\/06\/visita-ministra-2022-06-16-1_optimized-705x529.jpeg 705w, https:\/\/radiorevelacionfm.cl\/wp-content\/uploads\/2022\/06\/visita-ministra-2022-06-16-1_optimized-600x450.jpeg 600w\" sizes=\"(max-width: 800px) 100vw, 800px\" \/><\/div><\/div><\/div><\/div><div class=\"flex_column av_one_full  flex_column_div av-zero-column-padding first  avia-builder-el-2  el_after_av_one_full  el_before_av_one_full  column-top-margin\" style='border-radius:0px; '><section class=\"av_textblock_section \"  itemscope=\"itemscope\" itemtype=\"https:\/\/schema.org\/BlogPosting\" itemprop=\"blogPost\" ><div class='avia_textblock  '   itemprop=\"text\" ><div style=\"text-align: center;\"><strong><span style=\"font-size: 18pt;\">Ministra Siches en la Regi\u00f3n de Ays\u00e9n: \u201cVengo como jefa de gabinete a hacer patente el compromiso de nuestro Presidente de llevar un gobierno regionalista\u201d<\/span><\/strong><\/div>\n<div id=\"gtx-trans\" style=\"position: absolute; left: -50px; top: 4.31534px;\">\n<div class=\"gtx-trans-icon\"><\/div>\n<\/div>\n<\/div><\/section><\/div><div class=\"flex_column av_one_full  flex_column_div av-zero-column-padding first  avia-builder-el-4  el_after_av_one_full  el_before_av_hr  column-top-margin\" style='border-radius:0px; '><section class=\"av_textblock_section \"  itemscope=\"itemscope\" itemtype=\"https:\/\/schema.org\/BlogPosting\" itemprop=\"blogPost\" ><div class='avia_textblock  '   itemprop=\"text\" ><div style=\"text-align: justify;\">Este jueves la ministra del Interior y Seguridad P\u00fablica, Izkia Siches, viaj\u00f3 hasta Coyhaique, en la regi\u00f3n de Ays\u00e9n, para reunirse con autoridades locales y realizar una serie de actividades con la comunidad.<\/div>\n<div>\n<p style=\"text-align: justify;\">Durante la ma\u00f1ana se traslad\u00f3 hasta el Gobierno Regional, donde fue recibida por la gobernadora de Ays\u00e9n, Andrea Mac\u00edas, el subsecretario de Desarrollo Regional, Miguel Crispi, el Delegado\u00a0Presidencial Regional, Rodrigo Araya Morales, acompa\u00f1ado por el gabinete de secretarios regionales ministeriales, y alcaldes.<\/p>\n<p style=\"text-align: justify;\">Tras el encuentro, la ministra Siches explic\u00f3: \u00abvengo para hacer latente el compromiso de la Cuenta P\u00fablica de nuestro Presidente Gabriel Boric: llevar un gobierno regionalista. \u00bfC\u00f3mo eso se hace patente? Conversando con los vecinos y vecinas, con las autoridades locales, para llevar la potencia del Estado alineado a lo que se requiere con la diversidad de nuestro territorio y particularmente esta regi\u00f3n. Una extrema, con una geograf\u00eda hermosa y a la vez desafiante\u00bb.<\/p>\n<p style=\"text-align: justify;\">En este sentido, el subsecretario Crispi coment\u00f3 que \u00ablo que nos ha dicho la ministra es que durante el mes de agosto comencemos ya a trabajar la cartera de proyectos, que avancemos con las asistencias t\u00e9cnicas para los 10 municipios de la regi\u00f3n y que as\u00ed vayamos construyendo un futuro donde nadie se quede abajo\u00bb.<\/p>\n<p style=\"text-align: justify;\">La gobernadora Mac\u00edas destac\u00f3 la visita de la ministra: \u00abEsperamos que lo que hemos podido conversar a partir de ayer en las jornadas de trabajo, se puedan traducir efectivamente en mayores niveles de autonom\u00eda, pero por sobre todo en poder impactar de manera positiva en la calidad de vida de toda nuestra gente de la regi\u00f3n de Ays\u00e9n\u00bb, dijo.<\/p>\n<p style=\"text-align: justify;\">El Delegado Rodrigo Araya reafirm\u00f3 que \u00abuno de los principios de nuestro gobierno es la participaci\u00f3n y estar en terreno, haciendo carne los conceptos de descentralizaci\u00f3n y avanzando en la equidad territorial\u00bb.<\/p>\n<h5 style=\"text-align: justify;\">Actividades en Coyhaique<\/h5>\n<p style=\"text-align: justify;\">Posteriormente, la ministra se traslad\u00f3 hasta la 1\u00aa Comisar\u00eda de Carabineros de Coyhaique, donde se reuni\u00f3 con los carabineros y carabineras para evaluar la realidad delictual en la regi\u00f3n y conocer la central de comunicaciones local.<\/p>\n<p style=\"text-align: justify;\">Por otra parte, visit\u00f3 el Club Deportivo y Social Baquedano y dialog\u00f3 con dirigentes de esta organizaci\u00f3n, donde se construye una cancha de pasto sint\u00e9tico de 540 m2, con el fin de rescatar un terreno para el deporte y la comunidad.<\/p>\n<\/div>\n<\/div><\/section><\/div><div  style='height:50px' class='hr hr-invisible   avia-builder-el-6  el_after_av_one_full  el_before_av_social_share '><span class='hr-inner ' ><span class='hr-inner-style'><\/span><\/span><\/div><\/p>\n<div  class='av-social-sharing-box  avia-builder-el-7  el_after_av_hr  el_before_av_hr  '><div class='av-share-box'><h5 class='av-share-link-description av-no-toc '>Compartir esta noticia<\/h5><ul class='av-share-box-list noLightbox'><li class='av-share-link av-social-link-facebook' ><a target=\"_blank\" aria-label=\"Compartir en Facebook\" href='https:\/\/www.facebook.com\/sharer.php?u=https:\/\/radiorevelacionfm.cl\/?p=18118&#038;t=Ministra%20Siches%20en%20la%20Regi%C3%B3n%20de%20Ays%C3%A9n%3A%20%E2%80%9CVengo%20como%20jefa%20de%20gabinete%20a%20hacer%20patente%20el%20compromiso%20de%20nuestro%20Presidente%20de%20llevar%20un%20gobierno%20regionalista%E2%80%9D' aria-hidden='false' data-av_icon='\ue8f3' data-av_iconfont='entypo-fontello' title='' data-avia-related-tooltip='Compartir en Facebook' rel=\"noopener\"><span class='avia_hidden_link_text'>Compartir en Facebook<\/span><\/a><\/li><li class='av-share-link av-social-link-twitter' ><a target=\"_blank\" aria-label=\"Compartir en Twitter\" href='https:\/\/twitter.com\/share?text=Ministra%20Siches%20en%20la%20Regi%C3%B3n%20de%20Ays%C3%A9n%3A%20%E2%80%9CVengo%20como%20jefa%20de%20gabinete%20a%20hacer%20patente%20el%20compromiso%20de%20nuestro%20Presidente%20de%20llevar%20un%20gobierno%20regionalista%E2%80%9D&#038;url=https:\/\/radiorevelacionfm.cl\/?p=18118' aria-hidden='false' data-av_icon='\ue8f1' data-av_iconfont='entypo-fontello' title='' data-avia-related-tooltip='Compartir en Twitter' rel=\"noopener\"><span class='avia_hidden_link_text'>Compartir en Twitter<\/span><\/a><\/li><li class='av-share-link av-social-link-whatsapp' ><a target=\"_blank\" aria-label=\"Compartir en Whatsapp\" href='https:\/\/api.whatsapp.com\/send?text=https:\/\/radiorevelacionfm.cl\/?p=18118' aria-hidden='false' data-av_icon='\uf232' data-av_iconfont='entypo-fontello' title='' data-avia-related-tooltip='Compartir en Whatsapp' rel=\"noopener\"><span class='avia_hidden_link_text'>Compartir en Whatsapp<\/span><\/a><\/li><li class='av-share-link av-social-link-linkedin' ><a target=\"_blank\" aria-label=\"Compartir en LinkedIn\" href='https:\/\/linkedin.com\/shareArticle?mini=true&#038;title=Ministra%20Siches%20en%20la%20Regi%C3%B3n%20de%20Ays%C3%A9n%3A%20%E2%80%9CVengo%20como%20jefa%20de%20gabinete%20a%20hacer%20patente%20el%20compromiso%20de%20nuestro%20Presidente%20de%20llevar%20un%20gobierno%20regionalista%E2%80%9D&#038;url=https:\/\/radiorevelacionfm.cl\/?p=18118' aria-hidden='false' data-av_icon='\ue8fc' data-av_iconfont='entypo-fontello' title='' data-avia-related-tooltip='Compartir en LinkedIn' rel=\"noopener\"><span class='avia_hidden_link_text'>Compartir en LinkedIn<\/span><\/a><\/li><li class='av-share-link av-social-link-mail' ><a  aria-label=\"Compartir por correo\" href='mailto:?subject=Ministra%20Siches%20en%20la%20Regi%C3%B3n%20de%20Ays%C3%A9n%3A%20%E2%80%9CVengo%20como%20jefa%20de%20gabinete%20a%20hacer%20patente%20el%20compromiso%20de%20nuestro%20Presidente%20de%20llevar%20un%20gobierno%20regionalista%E2%80%9D&#038;body=https:\/\/radiorevelacionfm.cl\/?p=18118' aria-hidden='false' data-av_icon='\ue805' data-av_iconfont='entypo-fontello' title='' data-avia-related-tooltip='Compartir por correo'><span class='avia_hidden_link_text'>Compartir por correo<\/span><\/a><\/li><\/ul><\/div><\/div>\n<div  style='height:50px' class='hr hr-invisible   avia-builder-el-8  el_after_av_social_share  el_before_av_comments_list '><span class='hr-inner ' ><span class='hr-inner-style'><\/span><\/span><\/div>\n<div  class='av-buildercomment  av-blog-meta-html-info-disabled av-blog-meta-tag-disabled  '><\/div>\n","protected":false},"excerpt":{"rendered":"","protected":false},"author":1,"featured_media":18119,"comment_status":"open","ping_status":"open","sticky":false,"template":"","format":"standard","meta":{"footnotes":""},"categories":[38],"tags":[],"class_list":["post-18118","post","type-post","status-publish","format-standard","has-post-thumbnail","hentry","category-regional"],"jetpack_featured_media_url":"https:\/\/radiorevelacionfm.cl\/wp-content\/uploads\/2022\/06\/visita-ministra-2022-06-16-1_optimized.jpeg","_links":{"self":[{"href":"https:\/\/radiorevelacionfm.cl\/index.php?rest_route=\/wp\/v2\/posts\/18118","targetHints":{"allow":["GET"]}}],"collection":[{"href":"https:\/\/radiorevelacionfm.cl\/index.php?rest_route=\/wp\/v2\/posts"}],"about":[{"href":"https:\/\/radiorevelacionfm.cl\/index.php?rest_route=\/wp\/v2\/types\/post"}],"author":[{"embeddable":true,"href":"https:\/\/radiorevelacionfm.cl\/index.php?rest_route=\/wp\/v2\/users\/1"}],"replies":[{"embeddable":true,"href":"https:\/\/radiorevelacionfm.cl\/index.php?rest_route=%2Fwp%2Fv2%2Fcomments&post=18118"}],"version-history":[{"count":2,"href":"https:\/\/radiorevelacionfm.cl\/index.php?rest_route=\/wp\/v2\/posts\/18118\/revisions"}],"predecessor-version":[{"id":18121,"href":"https:\/\/radiorevelacionfm.cl\/index.php?rest_route=\/wp\/v2\/posts\/18118\/revisions\/18121"}],"wp:featuredmedia":[{"embeddable":true,"href":"https:\/\/radiorevelacionfm.cl\/index.php?rest_route=\/wp\/v2\/media\/18119"}],"wp:attachment":[{"href":"https:\/\/radiorevelacionfm.cl\/index.php?rest_route=%2Fwp%2Fv2%2Fmedia&parent=18118"}],"wp:term":[{"taxonomy":"category","embeddable":true,"href":"https:\/\/radiorevelacionfm.cl\/index.php?rest_route=%2Fwp%2Fv2%2Fcategories&post=18118"},{"taxonomy":"post_tag","embeddable":true,"href":"https:\/\/radiorevelacionfm.cl\/index.php?rest_route=%2Fwp%2Fv2%2Ftags&post=18118"}],"curies":[{"name":"wp","href":"https:\/\/api.w.org\/{rel}","templated":true}]}}