{"id":18115,"date":"2022-06-16T21:45:38","date_gmt":"2022-06-17T00:45:38","guid":{"rendered":"https:\/\/radiorevelacionfm.cl\/?p=18115"},"modified":"2022-06-16T21:45:38","modified_gmt":"2022-06-17T00:45:38","slug":"mas-de-3-mil-quinientos-usuarios-se-beneficiaran-con-la-habilitacion-de-una-nueva-oficina-del-registro-civil-en-cochrane","status":"publish","type":"post","link":"https:\/\/radiorevelacionfm.cl\/?p=18115","title":{"rendered":"M\u00e1s de 3 mil quinientos usuarios se beneficiar\u00e1n con la habilitaci\u00f3n de una nueva oficina del Registro Civil en Cochrane"},"content":{"rendered":"<div class=\"flex_column av_one_full  flex_column_div av-zero-column-padding first  avia-builder-el-0  el_before_av_one_full  avia-builder-el-first  \" style='border-radius:0px; '><div  class='avia-image-container  av-styling-    avia-builder-el-1  avia-builder-el-no-sibling  avia-align-center '  itemprop=\"image\" itemscope=\"itemscope\" itemtype=\"https:\/\/schema.org\/ImageObject\"  ><div class='avia-image-container-inner'><div class='avia-image-overlay-wrap'><img decoding=\"async\" class='wp-image-18116 avia-img-lazy-loading-not-18116 avia_image' src=\"https:\/\/radiorevelacionfm.cl\/wp-content\/uploads\/2022\/06\/image-49-1.jpg\" alt='' title='image (49) (1)' height=\"600\" width=\"891\"  itemprop=\"thumbnailUrl\" srcset=\"https:\/\/radiorevelacionfm.cl\/wp-content\/uploads\/2022\/06\/image-49-1.jpg 891w, https:\/\/radiorevelacionfm.cl\/wp-content\/uploads\/2022\/06\/image-49-1-300x202.jpg 300w, https:\/\/radiorevelacionfm.cl\/wp-content\/uploads\/2022\/06\/image-49-1-768x517.jpg 768w, https:\/\/radiorevelacionfm.cl\/wp-content\/uploads\/2022\/06\/image-49-1-705x475.jpg 705w, https:\/\/radiorevelacionfm.cl\/wp-content\/uploads\/2022\/06\/image-49-1-600x404.jpg 600w\" sizes=\"(max-width: 891px) 100vw, 891px\" \/><\/div><\/div><\/div><\/div><div class=\"flex_column av_one_full  flex_column_div av-zero-column-padding first  avia-builder-el-2  el_after_av_one_full  el_before_av_one_full  column-top-margin\" style='border-radius:0px; '><section class=\"av_textblock_section \"  itemscope=\"itemscope\" itemtype=\"https:\/\/schema.org\/BlogPosting\" itemprop=\"blogPost\" ><div class='avia_textblock  '   itemprop=\"text\" ><p style=\"text-align: center;\"><span style=\"font-size: 18pt;\"><strong>M\u00e1s de 3 mil quinientos usuarios se beneficiar\u00e1n con la habilitaci\u00f3n de una nueva oficina del Registro Civil en Cochrane <\/strong><\/span><\/p>\n<div id=\"gtx-trans\" style=\"position: absolute; left: -50px; top: 4.31534px;\">\n<div class=\"gtx-trans-icon\"><\/div>\n<\/div>\n<\/div><\/section><\/div><div class=\"flex_column av_one_full  flex_column_div av-zero-column-padding first  avia-builder-el-4  el_after_av_one_full  el_before_av_hr  column-top-margin\" style='border-radius:0px; '><section class=\"av_textblock_section \"  itemscope=\"itemscope\" itemtype=\"https:\/\/schema.org\/BlogPosting\" itemprop=\"blogPost\" ><div class='avia_textblock  '   itemprop=\"text\" ><p style=\"text-align: justify;\">En el marco de su visita a la zona sur de la regi\u00f3n, el Seremi de Justicia y Derechos Humanos Samuel Navarro Castro particip\u00f3 en la firma del acta de entrega de terreno a la empresa a cargo de ejecutar las obras de habilitaci\u00f3n de las nuevas oficinas del Servicio de Registro Civil e Identificaci\u00f3n en Cochrane, actividad en la que particip\u00f3 junto a la Delegada Presidencial de la Provincia Capit\u00e1n Prat, Marta Montiel Alarc\u00f3n y el Director Regional del Registro Civil, Rodrigo Aguilera Silva.<\/p>\n<p style=\"text-align: justify;\">Cabe mencionar que ser\u00e1n m\u00e1s de 3 mil quinientos los usuarios beneficiados con esta nueva oficina, la que alcanza una inversi\u00f3n cercana a los 60 millones de pesos, y que permitir\u00e1 entregar un mejor servicio a todos los usuarios y usuarias de esta localidad, y con la que se espera contar en un plazo de 50 d\u00edas.<\/p>\n<p style=\"text-align: justify;\">Respecto a la importancia de dotar a las oficinas de mejores espacios, tanto para los usuarios como para los funcionarios que se desempe\u00f1an en ellas, el Seremi de Justicia y Derechos Humanos, Samuel Navarro Castro explic\u00f3 que \u201cnos parece muy importante que Cochrane, y los usuarios que puedan venir de localidades cercanas, incluso desde Villa O\u00b4Higgins y Tortel, cuenten con un Registro Civil, con una oficina que cumpla est\u00e1ndares que se verifican e otras partes del pa\u00eds, como un acceso universal una sala de espera adecuada, que se cumpla con cierta normativa, porque eso demuestra que hay una preocupaci\u00f3n por ofrecer las mejores condiciones, en un servicio tan requerido para c\u00e9dula de identidad, para los pasaportes, para distintas ceremonias, para inscripciones que se hace en los registros del Registro civil valga la redundancia, en ese sentido nos parece potente, positivo, ofrecerle a la comunidad de Cochrane y sus alrededores una oficina a un est\u00e1ndar muy adecuado para la prestaci\u00f3n del servicio que se requiere\u201d.<\/p>\n<p style=\"text-align: justify;\">Por su parte, el Director Regional del Servicio de Registro Civil e Identificaci\u00f3n, Rodrigo Aguilera se refiri\u00f3 a las especificaciones t\u00e9cnicas de esta nueva oficina se\u00f1alando que \u201cesta nueva oficina se emplaza en el sector c\u00e9ntrico de la localidad es un espacio de 110 metros cuadrados, y que va a ofrecer a la comunidad todas las comodidades de cualquier otra oficina nueva del Registro Civil en el pa\u00eds, ya que considera un hall de espera de usuarios, m\u00f3dulos adecuados para las atenciones que brinda el servicio, una sala de ceremonias, equipamiento y mobiliario nuevo, rampa de acceso y servicios sanitarios dise\u00f1ados en virtud del cumplimiento del DS N\u00b050 de Accesibilidad Universal\u201d.<\/p>\n<p style=\"text-align: justify;\"><strong>Visitas a servicios dependientes y relacionados en localidades<\/strong><\/p>\n<p style=\"text-align: justify;\">Junto con participar de la entrega del terreno para las nuevas oficinas del Servicio de Registro Civil e Identificaci\u00f3n en Cochrane, el Seremi Samuel Navarro Castro visit\u00f3 las oficinas de los servicios dependientes y relacionados del Ministerio de Justicia y Derechos Humanos, adem\u00e1s de los recintos penales en las localidades de Cochrane y Chile Chico, donde pudo dialogar con los funcionarios y conocer las dependencias donde desarrollan sus labores a diario, en ese sentido se\u00f1al\u00f3 que \u201cesta visita a Cochrane y Chile Chico fue muy provechosa, pudimos intercambiar opiniones con los funcionarios de las distintas dependencias de los servicios relacionados con la Seremi de Justicia y DDHH, y tambi\u00e9n conversar con algunas autoridades, los delegados provinciales y los alcaldes, que nos recibieron para conocer de primera mano cuales son los requerimientos y las urgencias, que se tienen en estas localidades y sectores en relaci\u00f3n a los servicios que dependen de esta cartera, por eso nos llevamos una panor\u00e1mica bastante aterrizada, y nos ponemos en campa\u00f1a, en trabajo, para buscar las soluciones respecto de los requerimientos m\u00e1s urgentes de la comunidad, cumpliendo\u00a0 de esta forma el mandato del Presidente Gabriel Boric de desarrollar un gobierno cercano y en terreno.\u201d<\/p>\n<p style=\"text-align: justify;\">Finalmente se\u00f1alar que esta visita se suma a la realizada a la zona norte hace un tiempo, y que tuvo como objetivo poder conocer en terreno cada uno de los servicios as\u00ed tambi\u00e9n las unidades penales existentes a nivel regional.<\/p>\n<\/div><\/section><\/div><div  style='height:50px' class='hr hr-invisible   avia-builder-el-6  el_after_av_one_full  el_before_av_social_share '><span class='hr-inner ' ><span class='hr-inner-style'><\/span><\/span><\/div><\/p>\n<div  class='av-social-sharing-box  avia-builder-el-7  el_after_av_hr  el_before_av_hr  '><div class='av-share-box'><h5 class='av-share-link-description av-no-toc '>Compartir esta noticia<\/h5><ul class='av-share-box-list noLightbox'><li class='av-share-link av-social-link-facebook' ><a target=\"_blank\" aria-label=\"Compartir en Facebook\" href='https:\/\/www.facebook.com\/sharer.php?u=https:\/\/radiorevelacionfm.cl\/?p=18115&#038;t=M%C3%A1s%20de%203%20mil%20quinientos%20usuarios%20se%20beneficiar%C3%A1n%20con%20la%20habilitaci%C3%B3n%20de%20una%20nueva%20oficina%20del%20Registro%20Civil%20en%20Cochrane' aria-hidden='false' data-av_icon='\ue8f3' data-av_iconfont='entypo-fontello' title='' data-avia-related-tooltip='Compartir en Facebook' rel=\"noopener\"><span class='avia_hidden_link_text'>Compartir en Facebook<\/span><\/a><\/li><li class='av-share-link av-social-link-twitter' ><a target=\"_blank\" aria-label=\"Compartir en Twitter\" href='https:\/\/twitter.com\/share?text=M%C3%A1s%20de%203%20mil%20quinientos%20usuarios%20se%20beneficiar%C3%A1n%20con%20la%20habilitaci%C3%B3n%20de%20una%20nueva%20oficina%20del%20Registro%20Civil%20en%20Cochrane&#038;url=https:\/\/radiorevelacionfm.cl\/?p=18115' aria-hidden='false' data-av_icon='\ue8f1' data-av_iconfont='entypo-fontello' title='' data-avia-related-tooltip='Compartir en Twitter' rel=\"noopener\"><span class='avia_hidden_link_text'>Compartir en Twitter<\/span><\/a><\/li><li class='av-share-link av-social-link-whatsapp' ><a target=\"_blank\" aria-label=\"Compartir en Whatsapp\" href='https:\/\/api.whatsapp.com\/send?text=https:\/\/radiorevelacionfm.cl\/?p=18115' aria-hidden='false' data-av_icon='\uf232' data-av_iconfont='entypo-fontello' title='' data-avia-related-tooltip='Compartir en Whatsapp' rel=\"noopener\"><span class='avia_hidden_link_text'>Compartir en Whatsapp<\/span><\/a><\/li><li class='av-share-link av-social-link-linkedin' ><a target=\"_blank\" aria-label=\"Compartir en LinkedIn\" href='https:\/\/linkedin.com\/shareArticle?mini=true&#038;title=M%C3%A1s%20de%203%20mil%20quinientos%20usuarios%20se%20beneficiar%C3%A1n%20con%20la%20habilitaci%C3%B3n%20de%20una%20nueva%20oficina%20del%20Registro%20Civil%20en%20Cochrane&#038;url=https:\/\/radiorevelacionfm.cl\/?p=18115' aria-hidden='false' data-av_icon='\ue8fc' data-av_iconfont='entypo-fontello' title='' data-avia-related-tooltip='Compartir en LinkedIn' rel=\"noopener\"><span class='avia_hidden_link_text'>Compartir en LinkedIn<\/span><\/a><\/li><li class='av-share-link av-social-link-mail' ><a  aria-label=\"Compartir por correo\" href='mailto:?subject=M%C3%A1s%20de%203%20mil%20quinientos%20usuarios%20se%20beneficiar%C3%A1n%20con%20la%20habilitaci%C3%B3n%20de%20una%20nueva%20oficina%20del%20Registro%20Civil%20en%20Cochrane&#038;body=https:\/\/radiorevelacionfm.cl\/?p=18115' aria-hidden='false' data-av_icon='\ue805' data-av_iconfont='entypo-fontello' title='' data-avia-related-tooltip='Compartir por correo'><span class='avia_hidden_link_text'>Compartir por correo<\/span><\/a><\/li><\/ul><\/div><\/div>\n<div  style='height:50px' class='hr hr-invisible   avia-builder-el-8  el_after_av_social_share  el_before_av_comments_list '><span class='hr-inner ' ><span class='hr-inner-style'><\/span><\/span><\/div>\n<div  class='av-buildercomment  av-blog-meta-html-info-disabled av-blog-meta-tag-disabled  '><\/div>\n","protected":false},"excerpt":{"rendered":"","protected":false},"author":1,"featured_media":18116,"comment_status":"open","ping_status":"open","sticky":false,"template":"","format":"standard","meta":{"footnotes":""},"categories":[38],"tags":[],"class_list":["post-18115","post","type-post","status-publish","format-standard","has-post-thumbnail","hentry","category-regional"],"jetpack_featured_media_url":"https:\/\/radiorevelacionfm.cl\/wp-content\/uploads\/2022\/06\/image-49-1.jpg","_links":{"self":[{"href":"https:\/\/radiorevelacionfm.cl\/index.php?rest_route=\/wp\/v2\/posts\/18115","targetHints":{"allow":["GET"]}}],"collection":[{"href":"https:\/\/radiorevelacionfm.cl\/index.php?rest_route=\/wp\/v2\/posts"}],"about":[{"href":"https:\/\/radiorevelacionfm.cl\/index.php?rest_route=\/wp\/v2\/types\/post"}],"author":[{"embeddable":true,"href":"https:\/\/radiorevelacionfm.cl\/index.php?rest_route=\/wp\/v2\/users\/1"}],"replies":[{"embeddable":true,"href":"https:\/\/radiorevelacionfm.cl\/index.php?rest_route=%2Fwp%2Fv2%2Fcomments&post=18115"}],"version-history":[{"count":2,"href":"https:\/\/radiorevelacionfm.cl\/index.php?rest_route=\/wp\/v2\/posts\/18115\/revisions"}],"predecessor-version":[{"id":18128,"href":"https:\/\/radiorevelacionfm.cl\/index.php?rest_route=\/wp\/v2\/posts\/18115\/revisions\/18128"}],"wp:featuredmedia":[{"embeddable":true,"href":"https:\/\/radiorevelacionfm.cl\/index.php?rest_route=\/wp\/v2\/media\/18116"}],"wp:attachment":[{"href":"https:\/\/radiorevelacionfm.cl\/index.php?rest_route=%2Fwp%2Fv2%2Fmedia&parent=18115"}],"wp:term":[{"taxonomy":"category","embeddable":true,"href":"https:\/\/radiorevelacionfm.cl\/index.php?rest_route=%2Fwp%2Fv2%2Fcategories&post=18115"},{"taxonomy":"post_tag","embeddable":true,"href":"https:\/\/radiorevelacionfm.cl\/index.php?rest_route=%2Fwp%2Fv2%2Ftags&post=18115"}],"curies":[{"name":"wp","href":"https:\/\/api.w.org\/{rel}","templated":true}]}}