{"id":18111,"date":"2022-06-16T18:02:03","date_gmt":"2022-06-16T21:02:03","guid":{"rendered":"https:\/\/radiorevelacionfm.cl\/?p=18111"},"modified":"2022-06-16T18:02:03","modified_gmt":"2022-06-16T21:02:03","slug":"diputados-de-la-region-molestos-con-subdere-miguel-crispi-por-falta-de-coordinacion","status":"publish","type":"post","link":"https:\/\/radiorevelacionfm.cl\/?p=18111","title":{"rendered":"Diputados de la regi\u00f3n molestos con Subdere Miguel Crispi por falta de coordinaci\u00f3n"},"content":{"rendered":"<div class=\"flex_column av_one_full  flex_column_div av-zero-column-padding first  avia-builder-el-0  el_before_av_one_full  avia-builder-el-first  \" style='border-radius:0px; '><div  class='avia-image-container  av-styling-    avia-builder-el-1  avia-builder-el-no-sibling  avia-align-center '  itemprop=\"image\" itemscope=\"itemscope\" itemtype=\"https:\/\/schema.org\/ImageObject\"  ><div class='avia-image-container-inner'><div class='avia-image-overlay-wrap'><img decoding=\"async\" class='wp-image-18112 avia-img-lazy-loading-not-18112 avia_image' src=\"https:\/\/radiorevelacionfm.cl\/wp-content\/uploads\/2022\/06\/Subdere-Miguel-Crispi-1-1.jpg\" alt='' title='Subdere-Miguel-Crispi (1) (1)' height=\"600\" width=\"904\"  itemprop=\"thumbnailUrl\" srcset=\"https:\/\/radiorevelacionfm.cl\/wp-content\/uploads\/2022\/06\/Subdere-Miguel-Crispi-1-1.jpg 904w, https:\/\/radiorevelacionfm.cl\/wp-content\/uploads\/2022\/06\/Subdere-Miguel-Crispi-1-1-300x199.jpg 300w, https:\/\/radiorevelacionfm.cl\/wp-content\/uploads\/2022\/06\/Subdere-Miguel-Crispi-1-1-768x510.jpg 768w, https:\/\/radiorevelacionfm.cl\/wp-content\/uploads\/2022\/06\/Subdere-Miguel-Crispi-1-1-705x468.jpg 705w, https:\/\/radiorevelacionfm.cl\/wp-content\/uploads\/2022\/06\/Subdere-Miguel-Crispi-1-1-600x398.jpg 600w\" sizes=\"(max-width: 904px) 100vw, 904px\" \/><\/div><\/div><\/div><\/div><div class=\"flex_column av_one_full  flex_column_div av-zero-column-padding first  avia-builder-el-2  el_after_av_one_full  el_before_av_one_full  column-top-margin\" style='border-radius:0px; '><section class=\"av_textblock_section \"  itemscope=\"itemscope\" itemtype=\"https:\/\/schema.org\/BlogPosting\" itemprop=\"blogPost\" ><div class='avia_textblock  '   itemprop=\"text\" ><p style=\"text-align: center;\"><span style=\"font-size: 18pt;\"><b><span lang=\"ES\">Diputados de la regi\u00f3n molestos con Subdere Miguel Crispi por falta de coordinaci\u00f3n<\/span><\/b><\/span><\/p>\n<div id=\"gtx-trans\" style=\"position: absolute; left: -50px; top: 4.31534px;\">\n<div class=\"gtx-trans-icon\"><\/div>\n<\/div>\n<\/div><\/section><\/div><div class=\"flex_column av_one_full  flex_column_div av-zero-column-padding first  avia-builder-el-4  el_after_av_one_full  el_before_av_hr  column-top-margin\" style='border-radius:0px; '><section class=\"av_textblock_section \"  itemscope=\"itemscope\" itemtype=\"https:\/\/schema.org\/BlogPosting\" itemprop=\"blogPost\" ><div class='avia_textblock  '   itemprop=\"text\" ><p style=\"font-weight: 400; text-align: justify;\">Con molestia reaccionaron los tres diputados de la regi\u00f3n, Miguel \u00c1ngel Calisto, Marcia Raphael y Ren\u00e9 Alinco, esto luego que fueran informados s\u00f3lo un d\u00eda antes de la visita del Subsecretario de Desarrollo Regional, Miguel Crispi, hecho por el cual no pudieron participar en las actividades organizadas por el Gobierno debido a encontrarse en Valpara\u00edso en las sesiones de la C\u00e1mara.<\/p>\n<p style=\"font-weight: 400; text-align: justify;\">Algo similar sucedi\u00f3 con la visita de la Ministra del Interior, Izquia Siches, quien tambi\u00e9n visita estos d\u00edas la regi\u00f3n. Los parlamentarios le enviaron una carta a las autoridades nacionales, manifest\u00e1ndoles su molestia por la poca coordinaci\u00f3n, acusando adem\u00e1s cierta improvisaci\u00f3n en la visita.<\/p>\n<p style=\"font-weight: 400; text-align: justify;\">\u201cQuisi\u00e9ramos manifestar nuestra mayor molestia por la improvisaci\u00f3n vista en la organizaci\u00f3n de su visita a la regi\u00f3n de Ays\u00e9n junto a la Ministra del interior y Seguridad P\u00fablica, do\u00f1a Izkia Siches Past\u00e9n\u201d, se indica en la misiva.<\/p>\n<p style=\"font-weight: 400; text-align: justify;\">Adem\u00e1s, se\u00f1ala que \u201clo anterior, obedece a que fuimos notificados a menos de 24 horas de su llegada a la Patagonia, volvi\u00e9ndose imposible viajar por v\u00eda a\u00e9rea a las actividades indicadas, situaci\u00f3n que pueden desconocer por vuestra desconexi\u00f3n con los territorios, siendo motivo de preocupaci\u00f3n para nosotros, no solo la poca deferencia, consideraci\u00f3n y respeto a quienes fuimos electos por votaci\u00f3n popular, sino adem\u00e1s por la evidencia de su desconocimiento respecto a los problemas de conectividad que debemos vivir d\u00eda a d\u00eda por ser de zonas extremas\u201d.<\/p>\n<p style=\"font-weight: 400; text-align: justify;\">La misiva retama se\u00f1alando \u201ca su vez, nos merece an\u00e1lisis que pese a haber ejercido el cargo de diputado de la rep\u00fablica, haya pasado por alto la dificultad que tiene trasladarse en semanas de sesiones legislativas, y mayor a\u00fan, si la invitaci\u00f3n se realiza intempestivamente\u201d.<\/p>\n<p style=\"font-weight: 400; text-align: justify;\">.<\/p>\n<\/div><\/section><\/div><div  style='height:50px' class='hr hr-invisible   avia-builder-el-6  el_after_av_one_full  el_before_av_social_share '><span class='hr-inner ' ><span class='hr-inner-style'><\/span><\/span><\/div><\/p>\n<div  class='av-social-sharing-box  avia-builder-el-7  el_after_av_hr  el_before_av_hr  '><div class='av-share-box'><h5 class='av-share-link-description av-no-toc '>Compartir esta noticia<\/h5><ul class='av-share-box-list noLightbox'><li class='av-share-link av-social-link-facebook' ><a target=\"_blank\" aria-label=\"Compartir en Facebook\" href='https:\/\/www.facebook.com\/sharer.php?u=https:\/\/radiorevelacionfm.cl\/?p=18111&#038;t=Diputados%20de%20la%20regi%C3%B3n%20molestos%20con%20Subdere%20Miguel%20Crispi%20por%20falta%20de%20coordinaci%C3%B3n' aria-hidden='false' data-av_icon='\ue8f3' data-av_iconfont='entypo-fontello' title='' data-avia-related-tooltip='Compartir en Facebook' rel=\"noopener\"><span class='avia_hidden_link_text'>Compartir en Facebook<\/span><\/a><\/li><li class='av-share-link av-social-link-twitter' ><a target=\"_blank\" aria-label=\"Compartir en Twitter\" href='https:\/\/twitter.com\/share?text=Diputados%20de%20la%20regi%C3%B3n%20molestos%20con%20Subdere%20Miguel%20Crispi%20por%20falta%20de%20coordinaci%C3%B3n&#038;url=https:\/\/radiorevelacionfm.cl\/?p=18111' aria-hidden='false' data-av_icon='\ue8f1' data-av_iconfont='entypo-fontello' title='' data-avia-related-tooltip='Compartir en Twitter' rel=\"noopener\"><span class='avia_hidden_link_text'>Compartir en Twitter<\/span><\/a><\/li><li class='av-share-link av-social-link-whatsapp' ><a target=\"_blank\" aria-label=\"Compartir en Whatsapp\" href='https:\/\/api.whatsapp.com\/send?text=https:\/\/radiorevelacionfm.cl\/?p=18111' aria-hidden='false' data-av_icon='\uf232' data-av_iconfont='entypo-fontello' title='' data-avia-related-tooltip='Compartir en Whatsapp' rel=\"noopener\"><span class='avia_hidden_link_text'>Compartir en Whatsapp<\/span><\/a><\/li><li class='av-share-link av-social-link-linkedin' ><a target=\"_blank\" aria-label=\"Compartir en LinkedIn\" href='https:\/\/linkedin.com\/shareArticle?mini=true&#038;title=Diputados%20de%20la%20regi%C3%B3n%20molestos%20con%20Subdere%20Miguel%20Crispi%20por%20falta%20de%20coordinaci%C3%B3n&#038;url=https:\/\/radiorevelacionfm.cl\/?p=18111' aria-hidden='false' data-av_icon='\ue8fc' data-av_iconfont='entypo-fontello' title='' data-avia-related-tooltip='Compartir en LinkedIn' rel=\"noopener\"><span class='avia_hidden_link_text'>Compartir en LinkedIn<\/span><\/a><\/li><li class='av-share-link av-social-link-mail' ><a  aria-label=\"Compartir por correo\" href='mailto:?subject=Diputados%20de%20la%20regi%C3%B3n%20molestos%20con%20Subdere%20Miguel%20Crispi%20por%20falta%20de%20coordinaci%C3%B3n&#038;body=https:\/\/radiorevelacionfm.cl\/?p=18111' aria-hidden='false' data-av_icon='\ue805' data-av_iconfont='entypo-fontello' title='' data-avia-related-tooltip='Compartir por correo'><span class='avia_hidden_link_text'>Compartir por correo<\/span><\/a><\/li><\/ul><\/div><\/div>\n<div  style='height:50px' class='hr hr-invisible   avia-builder-el-8  el_after_av_social_share  el_before_av_comments_list '><span class='hr-inner ' ><span class='hr-inner-style'><\/span><\/span><\/div>\n<div  class='av-buildercomment  av-blog-meta-html-info-disabled av-blog-meta-tag-disabled  '><\/div>\n","protected":false},"excerpt":{"rendered":"","protected":false},"author":1,"featured_media":18112,"comment_status":"open","ping_status":"open","sticky":false,"template":"","format":"standard","meta":{"footnotes":""},"categories":[35],"tags":[],"class_list":["post-18111","post","type-post","status-publish","format-standard","has-post-thumbnail","hentry","category-politica"],"jetpack_featured_media_url":"https:\/\/radiorevelacionfm.cl\/wp-content\/uploads\/2022\/06\/Subdere-Miguel-Crispi-1-1.jpg","_links":{"self":[{"href":"https:\/\/radiorevelacionfm.cl\/index.php?rest_route=\/wp\/v2\/posts\/18111","targetHints":{"allow":["GET"]}}],"collection":[{"href":"https:\/\/radiorevelacionfm.cl\/index.php?rest_route=\/wp\/v2\/posts"}],"about":[{"href":"https:\/\/radiorevelacionfm.cl\/index.php?rest_route=\/wp\/v2\/types\/post"}],"author":[{"embeddable":true,"href":"https:\/\/radiorevelacionfm.cl\/index.php?rest_route=\/wp\/v2\/users\/1"}],"replies":[{"embeddable":true,"href":"https:\/\/radiorevelacionfm.cl\/index.php?rest_route=%2Fwp%2Fv2%2Fcomments&post=18111"}],"version-history":[{"count":2,"href":"https:\/\/radiorevelacionfm.cl\/index.php?rest_route=\/wp\/v2\/posts\/18111\/revisions"}],"predecessor-version":[{"id":18114,"href":"https:\/\/radiorevelacionfm.cl\/index.php?rest_route=\/wp\/v2\/posts\/18111\/revisions\/18114"}],"wp:featuredmedia":[{"embeddable":true,"href":"https:\/\/radiorevelacionfm.cl\/index.php?rest_route=\/wp\/v2\/media\/18112"}],"wp:attachment":[{"href":"https:\/\/radiorevelacionfm.cl\/index.php?rest_route=%2Fwp%2Fv2%2Fmedia&parent=18111"}],"wp:term":[{"taxonomy":"category","embeddable":true,"href":"https:\/\/radiorevelacionfm.cl\/index.php?rest_route=%2Fwp%2Fv2%2Fcategories&post=18111"},{"taxonomy":"post_tag","embeddable":true,"href":"https:\/\/radiorevelacionfm.cl\/index.php?rest_route=%2Fwp%2Fv2%2Ftags&post=18111"}],"curies":[{"name":"wp","href":"https:\/\/api.w.org\/{rel}","templated":true}]}}