{"id":18104,"date":"2022-06-16T17:30:41","date_gmt":"2022-06-16T20:30:41","guid":{"rendered":"https:\/\/radiorevelacionfm.cl\/?p=18104"},"modified":"2022-06-16T17:30:41","modified_gmt":"2022-06-16T20:30:41","slug":"aysen-tras-notificacion-de-sernapesca-empresas-retiraron-115-toneladas-de-basura-del-litoral","status":"publish","type":"post","link":"https:\/\/radiorevelacionfm.cl\/?p=18104","title":{"rendered":"Ays\u00e9n: Tras notificaci\u00f3n de Sernapesca, empresas retiraron 115 toneladas de basura del litoral"},"content":{"rendered":"<div class=\"flex_column av_one_full  flex_column_div av-zero-column-padding first  avia-builder-el-0  el_before_av_one_full  avia-builder-el-first  \" style='border-radius:0px; '><div  class='avia-image-container  av-styling-    avia-builder-el-1  avia-builder-el-no-sibling  avia-align-center '  itemprop=\"image\" itemscope=\"itemscope\" itemtype=\"https:\/\/schema.org\/ImageObject\"  ><div class='avia-image-container-inner'><div class='avia-image-overlay-wrap'><img decoding=\"async\" class='wp-image-18105 avia-img-lazy-loading-not-18105 avia_image' src=\"https:\/\/radiorevelacionfm.cl\/wp-content\/uploads\/2022\/06\/15-3-1_optimized.jpg\" alt='' title='15-(3)-(1)_optimized' height=\"600\" width=\"900\"  itemprop=\"thumbnailUrl\" srcset=\"https:\/\/radiorevelacionfm.cl\/wp-content\/uploads\/2022\/06\/15-3-1_optimized.jpg 900w, https:\/\/radiorevelacionfm.cl\/wp-content\/uploads\/2022\/06\/15-3-1_optimized-300x200.jpg 300w, https:\/\/radiorevelacionfm.cl\/wp-content\/uploads\/2022\/06\/15-3-1_optimized-768x512.jpg 768w, https:\/\/radiorevelacionfm.cl\/wp-content\/uploads\/2022\/06\/15-3-1_optimized-705x470.jpg 705w, https:\/\/radiorevelacionfm.cl\/wp-content\/uploads\/2022\/06\/15-3-1_optimized-600x400.jpg 600w\" sizes=\"(max-width: 900px) 100vw, 900px\" \/><\/div><\/div><\/div><\/div><div class=\"flex_column av_one_full  flex_column_div av-zero-column-padding first  avia-builder-el-2  el_after_av_one_full  el_before_av_one_full  column-top-margin\" style='border-radius:0px; '><section class=\"av_textblock_section \"  itemscope=\"itemscope\" itemtype=\"https:\/\/schema.org\/BlogPosting\" itemprop=\"blogPost\" ><div class='avia_textblock  '   itemprop=\"text\" ><p style=\"text-align: center;\"><span style=\"font-size: 18pt;\"><b>Ays\u00e9n: Tras notificaci\u00f3n de Sernapesca, empresas retiraron 115 toneladas de basura del litoral<\/b><\/span><\/p>\n<div id=\"gtx-trans\" style=\"position: absolute; left: -50px; top: 4.31534px;\">\n<div class=\"gtx-trans-icon\"><\/div>\n<\/div>\n<\/div><\/section><\/div><div class=\"flex_column av_one_full  flex_column_div av-zero-column-padding first  avia-builder-el-4  el_after_av_one_full  el_before_av_hr  column-top-margin\" style='border-radius:0px; '><section class=\"av_textblock_section \"  itemscope=\"itemscope\" itemtype=\"https:\/\/schema.org\/BlogPosting\" itemprop=\"blogPost\" ><div class='avia_textblock  '   itemprop=\"text\" ><p style=\"font-weight: 400; text-align: justify;\">Como resultado de las campa\u00f1as de fiscalizaci\u00f3n ambiental realizadas en los meses de abril y mayo, el Servicio Nacional de Pesca y Acuicultura (SERNAPESCA) de la regi\u00f3n de Ays\u00e9n notific\u00f3 a 8 empresas salmoneras por la detecci\u00f3n de 41 focos de basura en playas aleda\u00f1as a centros de cultivo entre Islas Huichas, Cisnes, Puyuhuapi, Isla Gala y Melimoyu, destacando las \u00e1reas protegidas del Parque Nacional Isla Magdalena y la Reserva A\u00f1ihue, y el \u00c1rea Marina Costera Protegida de M\u00faltiples Usos (AMCPU) Pitipalena A\u00f1ihue.<\/p>\n<p style=\"font-weight: 400; text-align: justify;\">Como resultado de estas notificaciones y\u00a0pasado el periodo de 10 d\u00edas para el retiro de desechos por parte\u00a0de las empresas involucradas, SERNAPESCA informa que de los 41 focos de contaminaci\u00f3n detectados, 38 fueron subsanados en los plazos establecidos por la Ley de Pesca y Acuicultura, sin embargo, hubo 3 focos en los que no se cumpli\u00f3 con el retiro y la limpieza de los sectores, por lo que los antecedentes fueron derivados y denunciados a la Superintendencia del Medio Ambiente (SMA) y Armada de Chile.<\/p>\n<p style=\"font-weight: 400; text-align: justify;\">Producto de la campa\u00f1a de fiscalizaci\u00f3n se logr\u00f3 el retiro de m\u00e1s de\u00a0<strong>115 toneladas\u00a0<\/strong>de basura y residuos de distinta \u00edndole provenientes principalmente de la actividad acu\u00edcola como boyas, flotadores, pasillos met\u00e1licos, cabos, ductos de alimentaci\u00f3n, entre otros, adem\u00e1s de basura domiciliaria que fueron retirados desde el litoral de la regi\u00f3n.<\/p>\n<p style=\"font-weight: 400; text-align: justify;\">\u201cDada la importancia de este tipo de hallazgos informamos que como SERNAPESCA mantendremos las actividades de control y fiscalizaci\u00f3n en el litoral, aplicando diferentes estrategias de detecci\u00f3n, intervenci\u00f3n y comunicaci\u00f3n, a objeto de disminuir la incidencia de los residuos de las actividades de acuicultura\u00a0 en el borde costero de la Regi\u00f3n de Ays\u00e9n,\u201d agreg\u00f3 Cristian Hudson, Director Regional de SERNAPESCA Ays\u00e9n.<\/p>\n<\/div><\/section><\/div><div  style='height:50px' class='hr hr-invisible   avia-builder-el-6  el_after_av_one_full  el_before_av_social_share '><span class='hr-inner ' ><span class='hr-inner-style'><\/span><\/span><\/div><\/p>\n<div  class='av-social-sharing-box  avia-builder-el-7  el_after_av_hr  el_before_av_hr  '><div class='av-share-box'><h5 class='av-share-link-description av-no-toc '>Compartir esta noticia<\/h5><ul class='av-share-box-list noLightbox'><li class='av-share-link av-social-link-facebook' ><a target=\"_blank\" aria-label=\"Compartir en Facebook\" href='https:\/\/www.facebook.com\/sharer.php?u=https:\/\/radiorevelacionfm.cl\/?p=18104&#038;t=Ays%C3%A9n%3A%20Tras%20notificaci%C3%B3n%20de%20Sernapesca%2C%20empresas%20retiraron%20115%20toneladas%20de%20basura%20del%20litoral' aria-hidden='false' data-av_icon='\ue8f3' data-av_iconfont='entypo-fontello' title='' data-avia-related-tooltip='Compartir en Facebook' rel=\"noopener\"><span class='avia_hidden_link_text'>Compartir en Facebook<\/span><\/a><\/li><li class='av-share-link av-social-link-twitter' ><a target=\"_blank\" aria-label=\"Compartir en Twitter\" href='https:\/\/twitter.com\/share?text=Ays%C3%A9n%3A%20Tras%20notificaci%C3%B3n%20de%20Sernapesca%2C%20empresas%20retiraron%20115%20toneladas%20de%20basura%20del%20litoral&#038;url=https:\/\/radiorevelacionfm.cl\/?p=18104' aria-hidden='false' data-av_icon='\ue8f1' data-av_iconfont='entypo-fontello' title='' data-avia-related-tooltip='Compartir en Twitter' rel=\"noopener\"><span class='avia_hidden_link_text'>Compartir en Twitter<\/span><\/a><\/li><li class='av-share-link av-social-link-whatsapp' ><a target=\"_blank\" aria-label=\"Compartir en Whatsapp\" href='https:\/\/api.whatsapp.com\/send?text=https:\/\/radiorevelacionfm.cl\/?p=18104' aria-hidden='false' data-av_icon='\uf232' data-av_iconfont='entypo-fontello' title='' data-avia-related-tooltip='Compartir en Whatsapp' rel=\"noopener\"><span class='avia_hidden_link_text'>Compartir en Whatsapp<\/span><\/a><\/li><li class='av-share-link av-social-link-linkedin' ><a target=\"_blank\" aria-label=\"Compartir en LinkedIn\" href='https:\/\/linkedin.com\/shareArticle?mini=true&#038;title=Ays%C3%A9n%3A%20Tras%20notificaci%C3%B3n%20de%20Sernapesca%2C%20empresas%20retiraron%20115%20toneladas%20de%20basura%20del%20litoral&#038;url=https:\/\/radiorevelacionfm.cl\/?p=18104' aria-hidden='false' data-av_icon='\ue8fc' data-av_iconfont='entypo-fontello' title='' data-avia-related-tooltip='Compartir en LinkedIn' rel=\"noopener\"><span class='avia_hidden_link_text'>Compartir en LinkedIn<\/span><\/a><\/li><li class='av-share-link av-social-link-mail' ><a  aria-label=\"Compartir por correo\" href='mailto:?subject=Ays%C3%A9n%3A%20Tras%20notificaci%C3%B3n%20de%20Sernapesca%2C%20empresas%20retiraron%20115%20toneladas%20de%20basura%20del%20litoral&#038;body=https:\/\/radiorevelacionfm.cl\/?p=18104' aria-hidden='false' data-av_icon='\ue805' data-av_iconfont='entypo-fontello' title='' data-avia-related-tooltip='Compartir por correo'><span class='avia_hidden_link_text'>Compartir por correo<\/span><\/a><\/li><\/ul><\/div><\/div>\n<div  style='height:50px' class='hr hr-invisible   avia-builder-el-8  el_after_av_social_share  el_before_av_comments_list '><span class='hr-inner ' ><span class='hr-inner-style'><\/span><\/span><\/div>\n<div  class='av-buildercomment  av-blog-meta-html-info-disabled av-blog-meta-tag-disabled  '><\/div>\n","protected":false},"excerpt":{"rendered":"","protected":false},"author":1,"featured_media":18105,"comment_status":"open","ping_status":"open","sticky":false,"template":"","format":"standard","meta":{"footnotes":""},"categories":[60],"tags":[],"class_list":["post-18104","post","type-post","status-publish","format-standard","has-post-thumbnail","hentry","category-pesca"],"jetpack_featured_media_url":"https:\/\/radiorevelacionfm.cl\/wp-content\/uploads\/2022\/06\/15-3-1_optimized.jpg","_links":{"self":[{"href":"https:\/\/radiorevelacionfm.cl\/index.php?rest_route=\/wp\/v2\/posts\/18104","targetHints":{"allow":["GET"]}}],"collection":[{"href":"https:\/\/radiorevelacionfm.cl\/index.php?rest_route=\/wp\/v2\/posts"}],"about":[{"href":"https:\/\/radiorevelacionfm.cl\/index.php?rest_route=\/wp\/v2\/types\/post"}],"author":[{"embeddable":true,"href":"https:\/\/radiorevelacionfm.cl\/index.php?rest_route=\/wp\/v2\/users\/1"}],"replies":[{"embeddable":true,"href":"https:\/\/radiorevelacionfm.cl\/index.php?rest_route=%2Fwp%2Fv2%2Fcomments&post=18104"}],"version-history":[{"count":2,"href":"https:\/\/radiorevelacionfm.cl\/index.php?rest_route=\/wp\/v2\/posts\/18104\/revisions"}],"predecessor-version":[{"id":18107,"href":"https:\/\/radiorevelacionfm.cl\/index.php?rest_route=\/wp\/v2\/posts\/18104\/revisions\/18107"}],"wp:featuredmedia":[{"embeddable":true,"href":"https:\/\/radiorevelacionfm.cl\/index.php?rest_route=\/wp\/v2\/media\/18105"}],"wp:attachment":[{"href":"https:\/\/radiorevelacionfm.cl\/index.php?rest_route=%2Fwp%2Fv2%2Fmedia&parent=18104"}],"wp:term":[{"taxonomy":"category","embeddable":true,"href":"https:\/\/radiorevelacionfm.cl\/index.php?rest_route=%2Fwp%2Fv2%2Fcategories&post=18104"},{"taxonomy":"post_tag","embeddable":true,"href":"https:\/\/radiorevelacionfm.cl\/index.php?rest_route=%2Fwp%2Fv2%2Ftags&post=18104"}],"curies":[{"name":"wp","href":"https:\/\/api.w.org\/{rel}","templated":true}]}}