{"id":18101,"date":"2022-06-16T17:15:22","date_gmt":"2022-06-16T20:15:22","guid":{"rendered":"https:\/\/radiorevelacionfm.cl\/?p=18101"},"modified":"2022-06-16T17:15:22","modified_gmt":"2022-06-16T20:15:22","slug":"corte-ordena-a-municipalidad-de-aysen-reintegrar-a-educadora-diferencial-a-su-calidad-de-docente-titular","status":"publish","type":"post","link":"https:\/\/radiorevelacionfm.cl\/?p=18101","title":{"rendered":"Corte ordena a municipalidad de Ays\u00e9n reintegrar a educadora diferencial a su calidad de docente titular"},"content":{"rendered":"<div class=\"flex_column av_one_full  flex_column_div av-zero-column-padding first  avia-builder-el-0  el_before_av_one_full  avia-builder-el-first  \" style='border-radius:0px; '><div  class='avia-image-container  av-styling-    avia-builder-el-1  avia-builder-el-no-sibling  avia-align-center '  itemprop=\"image\" itemscope=\"itemscope\" itemtype=\"https:\/\/schema.org\/ImageObject\"  ><div class='avia-image-container-inner'><div class='avia-image-overlay-wrap'><img decoding=\"async\" class='wp-image-5552 avia-img-lazy-loading-not-5552 avia_image' src=\"https:\/\/radiorevelacionfm.cl\/wp-content\/uploads\/2021\/06\/Foto-10-Corte-COYHAIQUE-1-1-1.jpg\" alt='' title='Foto 10 Corte COYHAIQUE (1) (1) (1)' height=\"600\" width=\"1169\"  itemprop=\"thumbnailUrl\" srcset=\"https:\/\/radiorevelacionfm.cl\/wp-content\/uploads\/2021\/06\/Foto-10-Corte-COYHAIQUE-1-1-1.jpg 1169w, https:\/\/radiorevelacionfm.cl\/wp-content\/uploads\/2021\/06\/Foto-10-Corte-COYHAIQUE-1-1-1-300x154.jpg 300w, https:\/\/radiorevelacionfm.cl\/wp-content\/uploads\/2021\/06\/Foto-10-Corte-COYHAIQUE-1-1-1-1030x529.jpg 1030w, https:\/\/radiorevelacionfm.cl\/wp-content\/uploads\/2021\/06\/Foto-10-Corte-COYHAIQUE-1-1-1-768x394.jpg 768w, https:\/\/radiorevelacionfm.cl\/wp-content\/uploads\/2021\/06\/Foto-10-Corte-COYHAIQUE-1-1-1-705x362.jpg 705w, https:\/\/radiorevelacionfm.cl\/wp-content\/uploads\/2021\/06\/Foto-10-Corte-COYHAIQUE-1-1-1-600x308.jpg 600w\" sizes=\"(max-width: 1169px) 100vw, 1169px\" \/><\/div><\/div><\/div><\/div><div class=\"flex_column av_one_full  flex_column_div av-zero-column-padding first  avia-builder-el-2  el_after_av_one_full  el_before_av_one_full  column-top-margin\" style='border-radius:0px; '><section class=\"av_textblock_section \"  itemscope=\"itemscope\" itemtype=\"https:\/\/schema.org\/BlogPosting\" itemprop=\"blogPost\" ><div class='avia_textblock  '   itemprop=\"text\" ><p style=\"text-align: center;\"><strong><span style=\"font-size: 18pt;\">Corte ordena a municipalidad de Ays\u00e9n reintegrar a educadora diferencial a su calidad de docente titular<\/span><\/strong><\/p>\n<div id=\"gtx-trans\" style=\"position: absolute; left: -50px; top: 4.31534px;\">\n<div class=\"gtx-trans-icon\"><\/div>\n<\/div>\n<\/div><\/section><\/div><div class=\"flex_column av_one_full  flex_column_div av-zero-column-padding first  avia-builder-el-4  el_after_av_one_full  el_before_av_hr  column-top-margin\" style='border-radius:0px; '><section class=\"av_textblock_section \"  itemscope=\"itemscope\" itemtype=\"https:\/\/schema.org\/BlogPosting\" itemprop=\"blogPost\" ><div class='avia_textblock  '   itemprop=\"text\" ><p class=\"v1MsoNormal\" style=\"text-align: justify;\">La Corte de Apelaciones de Coyhaique acogi\u00f3 el recurso de protecci\u00f3n presentado en contra de la Municipalidad de Puerto Ays\u00e9n, por incurrir en un acto arbitrario e ilegal al dejar sin efecto la calidad de docente titular de una educadora diferencial de la Escuela Almirante Simpson.<\/p>\n<p class=\"v1MsoNormal\" style=\"text-align: justify;\">En fallo un\u00e1nime (causa rol 173-2022), la Primera Sala del Tribunal de alzada \u2013integrada por los ministros Sergio Mora Vallejos, Pedro Castro Espinoza, Jos\u00e9 Ignacio Mora Trujillo y Natalia Rencoret Oliva \u2013 acogi\u00f3 la acci\u00f3n constitucional y orden\u00f3 la reincorporaci\u00f3n de la docente en su calidad de titular y el pago de las remuneraciones que le corresponden.<\/p>\n<p class=\"v1MsoNormal\" style=\"text-align: justify;\">\u00abQue, en efecto, la resoluci\u00f3n administrativa impugnada fundamenta la revocaci\u00f3n del nombramiento como titular de la recurrente para el a\u00f1o 2022, en la circunstancia de considerar que no cumple con la calidad de docente, lo que obedece a no contar con la respectiva autorizaci\u00f3n de la Secretar\u00eda Regional Ministerial, para el ejercicio docente de aula, la que seg\u00fan la normativa vigente deb\u00eda tramitar el propio sostenedor, lo que evidencia una conducta de la recurrida, que pugna con la l\u00f3gica y la recta raz\u00f3n, ya que contradice su propio y normal comportamiento, al dejar sin efecto oficiosamente el nombramiento de la recurrente, por la ausencia de requisitos legales cuya obtenci\u00f3n depend\u00eda exclusivamente de su gesti\u00f3n y competencia por mandato legal, en cuanto para obtener autorizaci\u00f3n para el ejercicio de la docencia de aula, deb\u00eda el sostenedor del establecimiento educacional presentar la solicitud ante la Secretar\u00eda Regional Ministerial\u00bb, sostiene el fallo.<\/p>\n<p class=\"v1MsoNormal\" style=\"text-align: justify;\">La resoluci\u00f3n agrega que: \u00ab(&#8230;) dicha arbitrariedad se confirma, asimismo, por la ausencia de otras motivaciones que faculten a la autoridad recurrida a dejar sin efecto la designaci\u00f3n en el cargo, seg\u00fan se evidencia de la lectura del Decreto Alcaldicio 0854, cuyos considerandos refieren que seg\u00fan correo electr\u00f3nico enviado por la Directora de Educaci\u00f3n Municipal, la recurrente est\u00e1 ejerciendo como educadora diferencial en la Escuela Almirante Simpson, sin t\u00edtulo docente, ni contar con la autorizaci\u00f3n para ejercer la docencia, refiriendo luego en los siguientes numerandos la normativa que regula el ejercicio de la labor docente, sin contemplar alg\u00fan otro antecedente que justifique la decisi\u00f3n plasmada en lo resolutivo del mismo\u00bb.<\/p>\n<p class=\"v1MsoNormal\" style=\"text-align: justify;\">\u00abQue, asimismo, se estima conculcado su derecho de propiedad seg\u00fan alega la recurrente, recogido en el art\u00edculo 19 N\u00b0 24 de la se\u00f1alada Constituci\u00f3n Pol\u00edtica, en cuanto se la ha privado de la estabilidad en el empleo y del derecho que le asiste de permanecer desempe\u00f1\u00e1ndose en sus funciones y de recibir una remuneraci\u00f3n por ello, afectando su patrimonio\u00bb, a\u00f1ade.<\/p>\n<p class=\"v1MsoNormal\" style=\"text-align: justify;\">Por tanto, se resuelve: SE ACOGE, sin costas, el recurso de protecci\u00f3n deducido por Daniela Paz Ruiz Urbina, en contra de la Municipalidad de Ays\u00e9n, representada legalmente por su Alcalde, Julio Esteban Confucio Uribe Alvarado, y, en consecuencia se dispone que, la recurrida debe dejar sin efecto la decisi\u00f3n contenida en el Decreto N\u00ba 0854 de fecha 25 de febrero de 2022, notificado el 01 de marzo de 2022, que a su vez, deja sin efecto la calidad de docente titular de la recurrente contenido en Decreto Alcaldicio N\u00b0 1517 de fecha 19 de Mayo de 2020; que la recurrente debe ser reincorporada de inmediato a sus funciones, disponiendo la pr\u00f3rroga de sus designaciones a contrata por el a\u00f1o 2022 y por ende, de su titularidad docente reconocida en el Decreto Alcaldicio N\u00ba 1517 y ordenar el pago de las remuneraciones que le correspondieren a la recurrente, por todo el tiempo en que estuvo separada de sus funciones.<\/p>\n<\/div><\/section><\/div><div  style='height:50px' class='hr hr-invisible   avia-builder-el-6  el_after_av_one_full  el_before_av_social_share '><span class='hr-inner ' ><span class='hr-inner-style'><\/span><\/span><\/div><\/p>\n<div  class='av-social-sharing-box  avia-builder-el-7  el_after_av_hr  el_before_av_hr  '><div class='av-share-box'><h5 class='av-share-link-description av-no-toc '>Compartir esta noticia<\/h5><ul class='av-share-box-list noLightbox'><li class='av-share-link av-social-link-facebook' ><a target=\"_blank\" aria-label=\"Compartir en Facebook\" href='https:\/\/www.facebook.com\/sharer.php?u=https:\/\/radiorevelacionfm.cl\/?p=18101&#038;t=Corte%20ordena%20a%20municipalidad%20de%20Ays%C3%A9n%20reintegrar%20a%20educadora%20diferencial%20a%20su%20calidad%20de%20docente%20titular' aria-hidden='false' data-av_icon='\ue8f3' data-av_iconfont='entypo-fontello' title='' data-avia-related-tooltip='Compartir en Facebook' rel=\"noopener\"><span class='avia_hidden_link_text'>Compartir en Facebook<\/span><\/a><\/li><li class='av-share-link av-social-link-twitter' ><a target=\"_blank\" aria-label=\"Compartir en Twitter\" href='https:\/\/twitter.com\/share?text=Corte%20ordena%20a%20municipalidad%20de%20Ays%C3%A9n%20reintegrar%20a%20educadora%20diferencial%20a%20su%20calidad%20de%20docente%20titular&#038;url=https:\/\/radiorevelacionfm.cl\/?p=18101' aria-hidden='false' data-av_icon='\ue8f1' data-av_iconfont='entypo-fontello' title='' data-avia-related-tooltip='Compartir en Twitter' rel=\"noopener\"><span class='avia_hidden_link_text'>Compartir en Twitter<\/span><\/a><\/li><li class='av-share-link av-social-link-whatsapp' ><a target=\"_blank\" aria-label=\"Compartir en Whatsapp\" href='https:\/\/api.whatsapp.com\/send?text=https:\/\/radiorevelacionfm.cl\/?p=18101' aria-hidden='false' data-av_icon='\uf232' data-av_iconfont='entypo-fontello' title='' data-avia-related-tooltip='Compartir en Whatsapp' rel=\"noopener\"><span class='avia_hidden_link_text'>Compartir en Whatsapp<\/span><\/a><\/li><li class='av-share-link av-social-link-linkedin' ><a target=\"_blank\" aria-label=\"Compartir en LinkedIn\" href='https:\/\/linkedin.com\/shareArticle?mini=true&#038;title=Corte%20ordena%20a%20municipalidad%20de%20Ays%C3%A9n%20reintegrar%20a%20educadora%20diferencial%20a%20su%20calidad%20de%20docente%20titular&#038;url=https:\/\/radiorevelacionfm.cl\/?p=18101' aria-hidden='false' data-av_icon='\ue8fc' data-av_iconfont='entypo-fontello' title='' data-avia-related-tooltip='Compartir en LinkedIn' rel=\"noopener\"><span class='avia_hidden_link_text'>Compartir en LinkedIn<\/span><\/a><\/li><li class='av-share-link av-social-link-mail' ><a  aria-label=\"Compartir por correo\" href='mailto:?subject=Corte%20ordena%20a%20municipalidad%20de%20Ays%C3%A9n%20reintegrar%20a%20educadora%20diferencial%20a%20su%20calidad%20de%20docente%20titular&#038;body=https:\/\/radiorevelacionfm.cl\/?p=18101' aria-hidden='false' data-av_icon='\ue805' data-av_iconfont='entypo-fontello' title='' data-avia-related-tooltip='Compartir por correo'><span class='avia_hidden_link_text'>Compartir por correo<\/span><\/a><\/li><\/ul><\/div><\/div>\n<div  style='height:50px' class='hr hr-invisible   avia-builder-el-8  el_after_av_social_share  el_before_av_comments_list '><span class='hr-inner ' ><span class='hr-inner-style'><\/span><\/span><\/div>\n<div  class='av-buildercomment  av-blog-meta-html-info-disabled av-blog-meta-tag-disabled  '><\/div>\n","protected":false},"excerpt":{"rendered":"","protected":false},"author":1,"featured_media":5552,"comment_status":"open","ping_status":"open","sticky":false,"template":"","format":"standard","meta":{"footnotes":""},"categories":[55],"tags":[],"class_list":["post-18101","post","type-post","status-publish","format-standard","has-post-thumbnail","hentry","category-justicia"],"jetpack_featured_media_url":"https:\/\/radiorevelacionfm.cl\/wp-content\/uploads\/2021\/06\/Foto-10-Corte-COYHAIQUE-1-1-1.jpg","_links":{"self":[{"href":"https:\/\/radiorevelacionfm.cl\/index.php?rest_route=\/wp\/v2\/posts\/18101","targetHints":{"allow":["GET"]}}],"collection":[{"href":"https:\/\/radiorevelacionfm.cl\/index.php?rest_route=\/wp\/v2\/posts"}],"about":[{"href":"https:\/\/radiorevelacionfm.cl\/index.php?rest_route=\/wp\/v2\/types\/post"}],"author":[{"embeddable":true,"href":"https:\/\/radiorevelacionfm.cl\/index.php?rest_route=\/wp\/v2\/users\/1"}],"replies":[{"embeddable":true,"href":"https:\/\/radiorevelacionfm.cl\/index.php?rest_route=%2Fwp%2Fv2%2Fcomments&post=18101"}],"version-history":[{"count":2,"href":"https:\/\/radiorevelacionfm.cl\/index.php?rest_route=\/wp\/v2\/posts\/18101\/revisions"}],"predecessor-version":[{"id":18103,"href":"https:\/\/radiorevelacionfm.cl\/index.php?rest_route=\/wp\/v2\/posts\/18101\/revisions\/18103"}],"wp:featuredmedia":[{"embeddable":true,"href":"https:\/\/radiorevelacionfm.cl\/index.php?rest_route=\/wp\/v2\/media\/5552"}],"wp:attachment":[{"href":"https:\/\/radiorevelacionfm.cl\/index.php?rest_route=%2Fwp%2Fv2%2Fmedia&parent=18101"}],"wp:term":[{"taxonomy":"category","embeddable":true,"href":"https:\/\/radiorevelacionfm.cl\/index.php?rest_route=%2Fwp%2Fv2%2Fcategories&post=18101"},{"taxonomy":"post_tag","embeddable":true,"href":"https:\/\/radiorevelacionfm.cl\/index.php?rest_route=%2Fwp%2Fv2%2Ftags&post=18101"}],"curies":[{"name":"wp","href":"https:\/\/api.w.org\/{rel}","templated":true}]}}