{"id":18097,"date":"2022-06-16T17:02:48","date_gmt":"2022-06-16T20:02:48","guid":{"rendered":"https:\/\/radiorevelacionfm.cl\/?p=18097"},"modified":"2022-06-16T17:02:48","modified_gmt":"2022-06-16T20:02:48","slug":"a-partir-de-la-proxima-semana-se-restableceran-vuelos-aysen-magallanes","status":"publish","type":"post","link":"https:\/\/radiorevelacionfm.cl\/?p=18097","title":{"rendered":"A partir de la pr\u00f3xima semana se restablecer\u00e1n vuelos Ays\u00e9n &#8211; Magallanes"},"content":{"rendered":"<div class=\"flex_column av_one_full  flex_column_div av-zero-column-padding first  avia-builder-el-0  el_before_av_one_full  avia-builder-el-first  \" style='border-radius:0px; '><div  class='avia-image-container  av-styling-    avia-builder-el-1  avia-builder-el-no-sibling  avia-align-center '  itemprop=\"image\" itemscope=\"itemscope\" itemtype=\"https:\/\/schema.org\/ImageObject\"  ><div class='avia-image-container-inner'><div class='avia-image-overlay-wrap'><img decoding=\"async\" class='wp-image-18098 avia-img-lazy-loading-not-18098 avia_image' src=\"https:\/\/radiorevelacionfm.cl\/wp-content\/uploads\/2022\/06\/DSC_0911-1-1.jpg\" alt='' title='DSC_0911 (1) (1)' height=\"600\" width=\"860\"  itemprop=\"thumbnailUrl\" srcset=\"https:\/\/radiorevelacionfm.cl\/wp-content\/uploads\/2022\/06\/DSC_0911-1-1.jpg 860w, https:\/\/radiorevelacionfm.cl\/wp-content\/uploads\/2022\/06\/DSC_0911-1-1-300x209.jpg 300w, https:\/\/radiorevelacionfm.cl\/wp-content\/uploads\/2022\/06\/DSC_0911-1-1-768x536.jpg 768w, https:\/\/radiorevelacionfm.cl\/wp-content\/uploads\/2022\/06\/DSC_0911-1-1-705x492.jpg 705w, https:\/\/radiorevelacionfm.cl\/wp-content\/uploads\/2022\/06\/DSC_0911-1-1-600x419.jpg 600w\" sizes=\"(max-width: 860px) 100vw, 860px\" \/><\/div><\/div><\/div><\/div><div class=\"flex_column av_one_full  flex_column_div av-zero-column-padding first  avia-builder-el-2  el_after_av_one_full  el_before_av_one_full  column-top-margin\" style='border-radius:0px; '><section class=\"av_textblock_section \"  itemscope=\"itemscope\" itemtype=\"https:\/\/schema.org\/BlogPosting\" itemprop=\"blogPost\" ><div class='avia_textblock  '   itemprop=\"text\" ><p style=\"text-align: center;\"><span style=\"font-size: 18pt;\"><b>A partir de la pr\u00f3xima semana se restablecer\u00e1n vuelos Ays\u00e9n &#8211; Magallanes<\/b><\/span><\/p>\n<div id=\"gtx-trans\" style=\"position: absolute; left: -50px; top: 4.31534px;\">\n<div class=\"gtx-trans-icon\"><\/div>\n<\/div>\n<\/div><\/section><\/div><div class=\"flex_column av_one_full  flex_column_div av-zero-column-padding first  avia-builder-el-4  el_after_av_one_full  el_before_av_hr  column-top-margin\" style='border-radius:0px; '><section class=\"av_textblock_section \"  itemscope=\"itemscope\" itemtype=\"https:\/\/schema.org\/BlogPosting\" itemprop=\"blogPost\" ><div class='avia_textblock  '   itemprop=\"text\" ><p style=\"font-weight: 400; text-align: justify;\">Con un mensaje tranquilizador para quienes se desplazan en la ruta \u00e1rea entre Balmaceda y Punta Arenas, las autoridades de Transportes y Telecomunicaciones de las regiones de Ays\u00e9n y Magallanes, informaron que se est\u00e1n realizando las gestiones para retomar la operaci\u00f3n de estos vuelos a partir de la semana pr\u00f3xima.<\/p>\n<p style=\"font-weight: 400; text-align: justify;\">En este sentido, la seremiTT Claudia Cantero declar\u00f3 que la operaci\u00f3n de este contrato, subvencionado por el Ministerio de Transportes y Telecomunicaciones, responde a una necesidad de conectividad que hoy no cubren las aerol\u00edneas comerciales y que es especialmente sensible para ambas zonas extremas.<\/p>\n<p style=\"font-weight: 400; text-align: justify;\">\u201cSabemos que hay preocupaci\u00f3n de los usuarios respecto a la suspensi\u00f3n de los servicios a\u00e9reos entre las regiones de Magallanes y Ays\u00e9n, sin embargo queremos mencionarles que este contrato se encuentra en ajustes administrativos y esperamos que ya durante la pr\u00f3xima semana se pueda cerrar y se puedan retomar los vuelos de conexi\u00f3n en ambas regiones. Este es un esfuerzo realizado por el Ministerio de Transportes y Telecomunicaciones y la seremiTT de Magallanes, quienes administran este subsidio que ha sido ajustado y aumentado en su valor\u201d, dijo Cantero.<\/p>\n<p style=\"font-weight: 400; text-align: justify;\">Su par de Magallanes, Rodrigo Hern\u00e1ndez, en tanto, se refiri\u00f3 a esta interrupci\u00f3n parcial de los servicios a\u00e9reos: \u201cEl contrato anterior, que cumpli\u00f3 5 a\u00f1os, lleg\u00f3 a su t\u00e9rmino. Se trat\u00f3 de dar una continuidad, pero finalmente se tuvo que generar un trato directo que estamos trabajando con la compa\u00f1\u00eda DAP, que tendr\u00e1 una duraci\u00f3n de 12 meses. Durante ese periodo vamos a trabajar en la nueva licitaci\u00f3n de este tramo a\u00e9reo\u201d.<\/p>\n<p style=\"font-weight: 400; text-align: justify;\">Hern\u00e1ndez a\u00f1adi\u00f3 que los t\u00e9rminos del contrato se mantendr\u00e1n, sin embargo se tuvo que solicitar un aumento del subsidio otorgado por el MTT. \u201cExiste un aumento del monto asociado a este contrato, el anterior era por $69 millones mensuales y la empresa solicit\u00f3 un aumento a $90 millones, lo cual requer\u00eda la autorizaci\u00f3n del nivel central. A eso se suma la emisi\u00f3n de una boleta de garant\u00eda para este nuevo contrato, eso nos dej\u00f3 esta semana sin el servicio. Toda esta documentaci\u00f3n ya est\u00e1 en regla y estamos trabajando r\u00e1pidamente para que ojal\u00e1 la semana que viene, est\u00e9 funcionando tal cual como antes\u201d, concluy\u00f3 la autoridad sectorial.<\/p>\n<p style=\"font-weight: 400; text-align: justify;\">Cabe se\u00f1alar que este servicio opera desde el a\u00f1o 2015 operado por Aerov\u00edas DAP. Las condiciones del contrato se\u00f1alan que el servicio operar\u00e1 con un viaje semanal en la temporada normal (16 de marzo a 15 de diciembre) y en temporada alta (16 de diciembre a 15 de marzo) dos frecuencias a la semana. Adem\u00e1s el monto de la tarifa ser\u00e1 de 51.800 pesos por tramo.<\/p>\n<\/div><\/section><\/div><div  style='height:50px' class='hr hr-invisible   avia-builder-el-6  el_after_av_one_full  el_before_av_social_share '><span class='hr-inner ' ><span class='hr-inner-style'><\/span><\/span><\/div><\/p>\n<div  class='av-social-sharing-box  avia-builder-el-7  el_after_av_hr  el_before_av_hr  '><div class='av-share-box'><h5 class='av-share-link-description av-no-toc '>Compartir esta noticia<\/h5><ul class='av-share-box-list noLightbox'><li class='av-share-link av-social-link-facebook' ><a target=\"_blank\" aria-label=\"Compartir en Facebook\" href='https:\/\/www.facebook.com\/sharer.php?u=https:\/\/radiorevelacionfm.cl\/?p=18097&#038;t=A%20partir%20de%20la%20pr%C3%B3xima%20semana%20se%20restablecer%C3%A1n%20vuelos%20Ays%C3%A9n%20%E2%80%93%20Magallanes' aria-hidden='false' data-av_icon='\ue8f3' data-av_iconfont='entypo-fontello' title='' data-avia-related-tooltip='Compartir en Facebook' rel=\"noopener\"><span class='avia_hidden_link_text'>Compartir en Facebook<\/span><\/a><\/li><li class='av-share-link av-social-link-twitter' ><a target=\"_blank\" aria-label=\"Compartir en Twitter\" href='https:\/\/twitter.com\/share?text=A%20partir%20de%20la%20pr%C3%B3xima%20semana%20se%20restablecer%C3%A1n%20vuelos%20Ays%C3%A9n%20%E2%80%93%20Magallanes&#038;url=https:\/\/radiorevelacionfm.cl\/?p=18097' aria-hidden='false' data-av_icon='\ue8f1' data-av_iconfont='entypo-fontello' title='' data-avia-related-tooltip='Compartir en Twitter' rel=\"noopener\"><span class='avia_hidden_link_text'>Compartir en Twitter<\/span><\/a><\/li><li class='av-share-link av-social-link-whatsapp' ><a target=\"_blank\" aria-label=\"Compartir en Whatsapp\" href='https:\/\/api.whatsapp.com\/send?text=https:\/\/radiorevelacionfm.cl\/?p=18097' aria-hidden='false' data-av_icon='\uf232' data-av_iconfont='entypo-fontello' title='' data-avia-related-tooltip='Compartir en Whatsapp' rel=\"noopener\"><span class='avia_hidden_link_text'>Compartir en Whatsapp<\/span><\/a><\/li><li class='av-share-link av-social-link-linkedin' ><a target=\"_blank\" aria-label=\"Compartir en LinkedIn\" href='https:\/\/linkedin.com\/shareArticle?mini=true&#038;title=A%20partir%20de%20la%20pr%C3%B3xima%20semana%20se%20restablecer%C3%A1n%20vuelos%20Ays%C3%A9n%20%E2%80%93%20Magallanes&#038;url=https:\/\/radiorevelacionfm.cl\/?p=18097' aria-hidden='false' data-av_icon='\ue8fc' data-av_iconfont='entypo-fontello' title='' data-avia-related-tooltip='Compartir en LinkedIn' rel=\"noopener\"><span class='avia_hidden_link_text'>Compartir en LinkedIn<\/span><\/a><\/li><li class='av-share-link av-social-link-mail' ><a  aria-label=\"Compartir por correo\" href='mailto:?subject=A%20partir%20de%20la%20pr%C3%B3xima%20semana%20se%20restablecer%C3%A1n%20vuelos%20Ays%C3%A9n%20%E2%80%93%20Magallanes&#038;body=https:\/\/radiorevelacionfm.cl\/?p=18097' aria-hidden='false' data-av_icon='\ue805' data-av_iconfont='entypo-fontello' title='' data-avia-related-tooltip='Compartir por correo'><span class='avia_hidden_link_text'>Compartir por correo<\/span><\/a><\/li><\/ul><\/div><\/div>\n<div  style='height:50px' class='hr hr-invisible   avia-builder-el-8  el_after_av_social_share  el_before_av_comments_list '><span class='hr-inner ' ><span class='hr-inner-style'><\/span><\/span><\/div>\n<div  class='av-buildercomment  av-blog-meta-html-info-disabled av-blog-meta-tag-disabled  '><\/div>\n","protected":false},"excerpt":{"rendered":"","protected":false},"author":1,"featured_media":18098,"comment_status":"open","ping_status":"open","sticky":false,"template":"","format":"standard","meta":{"footnotes":""},"categories":[59],"tags":[],"class_list":["post-18097","post","type-post","status-publish","format-standard","has-post-thumbnail","hentry","category-transporte"],"jetpack_featured_media_url":"https:\/\/radiorevelacionfm.cl\/wp-content\/uploads\/2022\/06\/DSC_0911-1-1.jpg","_links":{"self":[{"href":"https:\/\/radiorevelacionfm.cl\/index.php?rest_route=\/wp\/v2\/posts\/18097","targetHints":{"allow":["GET"]}}],"collection":[{"href":"https:\/\/radiorevelacionfm.cl\/index.php?rest_route=\/wp\/v2\/posts"}],"about":[{"href":"https:\/\/radiorevelacionfm.cl\/index.php?rest_route=\/wp\/v2\/types\/post"}],"author":[{"embeddable":true,"href":"https:\/\/radiorevelacionfm.cl\/index.php?rest_route=\/wp\/v2\/users\/1"}],"replies":[{"embeddable":true,"href":"https:\/\/radiorevelacionfm.cl\/index.php?rest_route=%2Fwp%2Fv2%2Fcomments&post=18097"}],"version-history":[{"count":2,"href":"https:\/\/radiorevelacionfm.cl\/index.php?rest_route=\/wp\/v2\/posts\/18097\/revisions"}],"predecessor-version":[{"id":18100,"href":"https:\/\/radiorevelacionfm.cl\/index.php?rest_route=\/wp\/v2\/posts\/18097\/revisions\/18100"}],"wp:featuredmedia":[{"embeddable":true,"href":"https:\/\/radiorevelacionfm.cl\/index.php?rest_route=\/wp\/v2\/media\/18098"}],"wp:attachment":[{"href":"https:\/\/radiorevelacionfm.cl\/index.php?rest_route=%2Fwp%2Fv2%2Fmedia&parent=18097"}],"wp:term":[{"taxonomy":"category","embeddable":true,"href":"https:\/\/radiorevelacionfm.cl\/index.php?rest_route=%2Fwp%2Fv2%2Fcategories&post=18097"},{"taxonomy":"post_tag","embeddable":true,"href":"https:\/\/radiorevelacionfm.cl\/index.php?rest_route=%2Fwp%2Fv2%2Ftags&post=18097"}],"curies":[{"name":"wp","href":"https:\/\/api.w.org\/{rel}","templated":true}]}}