{"id":18090,"date":"2022-06-15T22:44:34","date_gmt":"2022-06-16T01:44:34","guid":{"rendered":"https:\/\/radiorevelacionfm.cl\/?p=18090"},"modified":"2022-06-16T21:51:49","modified_gmt":"2022-06-17T00:51:49","slug":"primera-copec-en-villa-cerro-castillo-promete-conectar-ruta-7","status":"publish","type":"post","link":"https:\/\/radiorevelacionfm.cl\/?p=18090","title":{"rendered":"Primera Copec en Villa Cerro Castillo promete conectar ruta 7"},"content":{"rendered":"<div class=\"flex_column av_one_full  flex_column_div av-zero-column-padding first  avia-builder-el-0  el_before_av_one_full  avia-builder-el-first  \" style='border-radius:0px; '><div  class='avia-image-container  av-styling-    avia-builder-el-1  avia-builder-el-no-sibling  avia-align-center '  itemprop=\"image\" itemscope=\"itemscope\" itemtype=\"https:\/\/schema.org\/ImageObject\"  ><div class='avia-image-container-inner'><div class='avia-image-overlay-wrap'><img decoding=\"async\" class='wp-image-18130 avia-img-lazy-loading-not-18130 avia_image' src=\"https:\/\/radiorevelacionfm.cl\/wp-content\/uploads\/2022\/06\/copec3-1-1-1.jpeg\" alt='' title='copec3 (1) (1) (1)' height=\"600\" width=\"920\"  itemprop=\"thumbnailUrl\" srcset=\"https:\/\/radiorevelacionfm.cl\/wp-content\/uploads\/2022\/06\/copec3-1-1-1.jpeg 920w, https:\/\/radiorevelacionfm.cl\/wp-content\/uploads\/2022\/06\/copec3-1-1-1-300x196.jpeg 300w, https:\/\/radiorevelacionfm.cl\/wp-content\/uploads\/2022\/06\/copec3-1-1-1-768x501.jpeg 768w, https:\/\/radiorevelacionfm.cl\/wp-content\/uploads\/2022\/06\/copec3-1-1-1-705x460.jpeg 705w, https:\/\/radiorevelacionfm.cl\/wp-content\/uploads\/2022\/06\/copec3-1-1-1-600x391.jpeg 600w\" sizes=\"(max-width: 920px) 100vw, 920px\" \/><\/div><\/div><\/div><\/div><div class=\"flex_column av_one_full  flex_column_div av-zero-column-padding first  avia-builder-el-2  el_after_av_one_full  el_before_av_one_full  column-top-margin\" style='border-radius:0px; '><section class=\"av_textblock_section \"  itemscope=\"itemscope\" itemtype=\"https:\/\/schema.org\/BlogPosting\" itemprop=\"blogPost\" ><div class='avia_textblock  '   itemprop=\"text\" ><p style=\"text-align: center;\"><strong><span style=\"font-size: 18pt;\">Primera Copec en Villa Cerro Castillo promete conectar ruta 7<\/span><\/strong><\/p>\n<div id=\"gtx-trans\" style=\"position: absolute; left: -50px; top: 4.31534px;\">\n<div class=\"gtx-trans-icon\"><\/div>\n<\/div>\n<\/div><\/section><\/div><\/p>\n<div class=\"flex_column av_one_full  flex_column_div av-zero-column-padding first  avia-builder-el-4  el_after_av_one_full  el_before_av_hr  column-top-margin\" style='border-radius:0px; '><section class=\"av_textblock_section \"  itemscope=\"itemscope\" itemtype=\"https:\/\/schema.org\/BlogPosting\" itemprop=\"blogPost\" ><div class='avia_textblock  '   itemprop=\"text\" ><p style=\"text-align: justify;\">Villa Cerro Castillo- M\u00e1s de 215 km separan la \u00faltima estaci\u00f3n de servicio de combustible de la ciudad de Coyhaique, con la siguiente de la Ruta 7 ubicada en la localidad de Puerto R\u00edo Tranquilo. Por esta raz\u00f3n, el inicio de obras de una COPEC en Villa Cerro Castillo fue una noticia aplaudida por sus vecinos y turistas.<\/p>\n<p style=\"text-align: justify;\">\u201cQueremos ser un punto de encuentro y de descanso para toda la gente que venga a la Carretera Austral en verano o invierno, y puedan tener un punto para recargar combustible y cubrir cualquier necesidad que tengan\u201d afirm\u00f3 Francisco \u00c1lvarez, Ingeniero En Gesti\u00f3n de Proyectos de COPEC, durante la presentaci\u00f3n del proyecto realizado el lunes 13 de junio, en compa\u00f1\u00eda de la Junta de Vecinos de Villa Cerro Castillo y locatarios del sector.<\/p>\n<p style=\"text-align: justify;\">Esta estaci\u00f3n COPEC contar\u00e1 con combustible 93, 95, 97, kerosen y di\u00e9sel, adem\u00e1s de habilitar un minimarket 24 horas, ba\u00f1os p\u00fablicos, un bicicletero y zona para <em>motorhome <\/em>o casas rodantes, lo que implica la creaci\u00f3n de 10 empleos fijos. Caracter\u00edsticas especiales para un punto de parada altamente frecuentado por visitantes en la temporada de verano, \u201cle hab\u00edamos pedido que tenga el car\u00e1cter tur\u00edstico que esta estaci\u00f3n de servicios necesita. Observaciones que fueron acogidas por la empresa, lo que nos da mucho gusto\u201d destaca el alcalde de la comuna de R\u00edo Ib\u00e1\u00f1ez, Marcelo Santana Vargas.<\/p>\n<p style=\"text-align: justify;\">Karina Sandoval, tour operador de empresa Turismo al Galope de Villa Cerro Castillo, recibi\u00f3 con entusiasmo la noticia de la instalaci\u00f3n de esta estaci\u00f3n de servicios \u201ccomo trabajadores de turismo queremos que el pueblo crezca y esto es de gran ayuda, dando mayores facilidades para cargar combustible\u201d. Apreciaci\u00f3n compartida por el Gerente de la Corporaci\u00f3n de Turismo de Villa Cerro Castillo, Arcadio Soto Ser\u00f3n \u201ccreemos que viene a entregar una soluci\u00f3n a los vecinos como a los turistas, que a\u00f1o a a\u00f1o visitan el Parque Nacional Cerro Castillo. Es una oportunidad para hacer promoci\u00f3n y difusi\u00f3n de los servicios tur\u00edsticos de la Villa\u201d afirma.<\/p>\n<p style=\"text-align: justify;\">Actualmente, los vecinos y visitantes de Villa Cerro Castillo solo pod\u00edan abastecerse de combustible viajando hasta Coyhaique (96 km), o comprando en alg\u00fan negocio o vecino que vendiera a trav\u00e9s de bidones. En la presentaci\u00f3n del proyecto realizada por los funcionarios de COPEC, estuvo presente la vecina, Teled\u00f3fia Silva Soto, quien comenta que \u201cpara m\u00ed fue muy importante que se instale una COPEC porque hace bastante rato que la necesit\u00e1bamos (\u2026) Estamos contentos porque es un adelanto para nuestra villa, ya en el verano nos hizo falta\u201d.<\/p>\n<p style=\"text-align: justify;\">Las obras de esta estaci\u00f3n de servicios COPEC inici\u00f3 a fines del mes de abril y tiene un plazo de ejecuci\u00f3n de 150 d\u00edas de corrido, por lo que su equipo espera que est\u00e9 operativa desde el mes de diciembre del presente a\u00f1o \u201cel principal desaf\u00edo es construir algo en una zona bastante extrema dentro del pa\u00eds en invierno y llegar para el verano con esa COPEC lista\u201d afirma Santiago Santa Cruz, Gerente de Copec Zona Sur.<\/p>\n<p style=\"text-align: justify;\">Santiago Santa Cruz a\u00f1ade que \u201ccreemos que el combustible permite conectar a la gente, nos va a permitir que los turistas puedan pasar por ac\u00e1 y eso va a implicar que puedan tener un minuto de descanso\u201d. Esta inversi\u00f3n del sector privado fue bien recibido por el alcalde Marcelo Santana \u201cestamos en una ubicaci\u00f3n privilegiada al lado del Lago General Carrera y de la Carretera Austral, por lo tanto, nos da la particularidad de ser una comuna atractiva para la inversi\u00f3n\u201d.<\/p>\n<p style=\"text-align: justify;\">La exposici\u00f3n del equipo COPEC a los vecinos y vecinas de Villa Cerro Castillo, describe una esta estaci\u00f3n de servicio que contempla el perfil de los visitantes que pasan por la zona, como el cicloturista y el crecimiento exponencial de flujo de casas rodantes tras la pandemia; siendo a la vez, una oportunidad para la difusi\u00f3n del turismo y artesan\u00eda local. De esta forma, se vincul\u00f3 a la comunidad con un proyecto privado, que busca ser un aporte para su desarrollo econ\u00f3mico, cultural y social.<\/p>\n<\/div><\/section><\/div>\n<div  style='height:50px' class='hr hr-invisible   avia-builder-el-6  el_after_av_one_full  el_before_av_social_share '><span class='hr-inner ' ><span class='hr-inner-style'><\/span><\/span><\/div>\n<div  class='av-social-sharing-box  avia-builder-el-7  el_after_av_hr  el_before_av_hr  '><div class='av-share-box'><h5 class='av-share-link-description av-no-toc '>Compartir esta noticia<\/h5><ul class='av-share-box-list noLightbox'><li class='av-share-link av-social-link-facebook' ><a target=\"_blank\" aria-label=\"Compartir en Facebook\" href='https:\/\/www.facebook.com\/sharer.php?u=https:\/\/radiorevelacionfm.cl\/?p=18090&#038;t=Primera%20Copec%20en%20Villa%20Cerro%20Castillo%20promete%20conectar%20ruta%207' aria-hidden='false' data-av_icon='\ue8f3' data-av_iconfont='entypo-fontello' title='' data-avia-related-tooltip='Compartir en Facebook' rel=\"noopener\"><span class='avia_hidden_link_text'>Compartir en Facebook<\/span><\/a><\/li><li class='av-share-link av-social-link-twitter' ><a target=\"_blank\" aria-label=\"Compartir en Twitter\" href='https:\/\/twitter.com\/share?text=Primera%20Copec%20en%20Villa%20Cerro%20Castillo%20promete%20conectar%20ruta%207&#038;url=https:\/\/radiorevelacionfm.cl\/?p=18090' aria-hidden='false' data-av_icon='\ue8f1' data-av_iconfont='entypo-fontello' title='' data-avia-related-tooltip='Compartir en Twitter' rel=\"noopener\"><span class='avia_hidden_link_text'>Compartir en Twitter<\/span><\/a><\/li><li class='av-share-link av-social-link-whatsapp' ><a target=\"_blank\" aria-label=\"Compartir en Whatsapp\" href='https:\/\/api.whatsapp.com\/send?text=https:\/\/radiorevelacionfm.cl\/?p=18090' aria-hidden='false' data-av_icon='\uf232' data-av_iconfont='entypo-fontello' title='' data-avia-related-tooltip='Compartir en Whatsapp' rel=\"noopener\"><span class='avia_hidden_link_text'>Compartir en Whatsapp<\/span><\/a><\/li><li class='av-share-link av-social-link-linkedin' ><a target=\"_blank\" aria-label=\"Compartir en LinkedIn\" href='https:\/\/linkedin.com\/shareArticle?mini=true&#038;title=Primera%20Copec%20en%20Villa%20Cerro%20Castillo%20promete%20conectar%20ruta%207&#038;url=https:\/\/radiorevelacionfm.cl\/?p=18090' aria-hidden='false' data-av_icon='\ue8fc' data-av_iconfont='entypo-fontello' title='' data-avia-related-tooltip='Compartir en LinkedIn' rel=\"noopener\"><span class='avia_hidden_link_text'>Compartir en LinkedIn<\/span><\/a><\/li><li class='av-share-link av-social-link-mail' ><a  aria-label=\"Compartir por correo\" href='mailto:?subject=Primera%20Copec%20en%20Villa%20Cerro%20Castillo%20promete%20conectar%20ruta%207&#038;body=https:\/\/radiorevelacionfm.cl\/?p=18090' aria-hidden='false' data-av_icon='\ue805' data-av_iconfont='entypo-fontello' title='' data-avia-related-tooltip='Compartir por correo'><span class='avia_hidden_link_text'>Compartir por correo<\/span><\/a><\/li><\/ul><\/div><\/div>\n<div  style='height:50px' class='hr hr-invisible   avia-builder-el-8  el_after_av_social_share  el_before_av_comments_list '><span class='hr-inner ' ><span class='hr-inner-style'><\/span><\/span><\/div>\n<div  class='av-buildercomment  av-blog-meta-html-info-disabled av-blog-meta-tag-disabled  '><\/div>\n","protected":false},"excerpt":{"rendered":"","protected":false},"author":1,"featured_media":18130,"comment_status":"open","ping_status":"open","sticky":false,"template":"","format":"standard","meta":{"footnotes":""},"categories":[38],"tags":[],"class_list":["post-18090","post","type-post","status-publish","format-standard","has-post-thumbnail","hentry","category-regional"],"jetpack_featured_media_url":"https:\/\/radiorevelacionfm.cl\/wp-content\/uploads\/2022\/06\/copec3-1-1-1.jpeg","_links":{"self":[{"href":"https:\/\/radiorevelacionfm.cl\/index.php?rest_route=\/wp\/v2\/posts\/18090","targetHints":{"allow":["GET"]}}],"collection":[{"href":"https:\/\/radiorevelacionfm.cl\/index.php?rest_route=\/wp\/v2\/posts"}],"about":[{"href":"https:\/\/radiorevelacionfm.cl\/index.php?rest_route=\/wp\/v2\/types\/post"}],"author":[{"embeddable":true,"href":"https:\/\/radiorevelacionfm.cl\/index.php?rest_route=\/wp\/v2\/users\/1"}],"replies":[{"embeddable":true,"href":"https:\/\/radiorevelacionfm.cl\/index.php?rest_route=%2Fwp%2Fv2%2Fcomments&post=18090"}],"version-history":[{"count":3,"href":"https:\/\/radiorevelacionfm.cl\/index.php?rest_route=\/wp\/v2\/posts\/18090\/revisions"}],"predecessor-version":[{"id":18129,"href":"https:\/\/radiorevelacionfm.cl\/index.php?rest_route=\/wp\/v2\/posts\/18090\/revisions\/18129"}],"wp:featuredmedia":[{"embeddable":true,"href":"https:\/\/radiorevelacionfm.cl\/index.php?rest_route=\/wp\/v2\/media\/18130"}],"wp:attachment":[{"href":"https:\/\/radiorevelacionfm.cl\/index.php?rest_route=%2Fwp%2Fv2%2Fmedia&parent=18090"}],"wp:term":[{"taxonomy":"category","embeddable":true,"href":"https:\/\/radiorevelacionfm.cl\/index.php?rest_route=%2Fwp%2Fv2%2Fcategories&post=18090"},{"taxonomy":"post_tag","embeddable":true,"href":"https:\/\/radiorevelacionfm.cl\/index.php?rest_route=%2Fwp%2Fv2%2Ftags&post=18090"}],"curies":[{"name":"wp","href":"https:\/\/api.w.org\/{rel}","templated":true}]}}