{"id":18086,"date":"2022-06-16T16:31:43","date_gmt":"2022-06-16T19:31:43","guid":{"rendered":"https:\/\/radiorevelacionfm.cl\/?p=18086"},"modified":"2022-06-16T17:48:48","modified_gmt":"2022-06-16T20:48:48","slug":"sandoval-pide-al-gobierno-medidas-y-acciones-concretas-para-prevenir-y-eliminar-cualquier-forma-de-maltrato-contra-una-persona-mayor","status":"publish","type":"post","link":"https:\/\/radiorevelacionfm.cl\/?p=18086","title":{"rendered":"Sandoval pide al Gobierno medidas y acciones concretas para prevenir y eliminar cualquier forma de maltrato contra una persona mayor"},"content":{"rendered":"<div class=\"flex_column av_one_full  flex_column_div av-zero-column-padding first  avia-builder-el-0  el_before_av_one_full  avia-builder-el-first  \" style='border-radius:0px; '><div  class='avia-image-container  av-styling-    avia-builder-el-1  avia-builder-el-no-sibling  avia-align-center '  itemprop=\"image\" itemscope=\"itemscope\" itemtype=\"https:\/\/schema.org\/ImageObject\"  ><div class='avia-image-container-inner'><div class='avia-image-overlay-wrap'><img decoding=\"async\" class='wp-image-18109 avia-img-lazy-loading-not-18109 avia_image' src=\"https:\/\/radiorevelacionfm.cl\/wp-content\/uploads\/2022\/06\/Sandoval_archivo1-1-1-1.jpg\" alt='' title='Sandoval_archivo1-1 (1) (1)' height=\"600\" width=\"901\"  itemprop=\"thumbnailUrl\" srcset=\"https:\/\/radiorevelacionfm.cl\/wp-content\/uploads\/2022\/06\/Sandoval_archivo1-1-1-1.jpg 901w, https:\/\/radiorevelacionfm.cl\/wp-content\/uploads\/2022\/06\/Sandoval_archivo1-1-1-1-300x200.jpg 300w, https:\/\/radiorevelacionfm.cl\/wp-content\/uploads\/2022\/06\/Sandoval_archivo1-1-1-1-768x511.jpg 768w, https:\/\/radiorevelacionfm.cl\/wp-content\/uploads\/2022\/06\/Sandoval_archivo1-1-1-1-705x469.jpg 705w, https:\/\/radiorevelacionfm.cl\/wp-content\/uploads\/2022\/06\/Sandoval_archivo1-1-1-1-600x400.jpg 600w\" sizes=\"(max-width: 901px) 100vw, 901px\" \/><\/div><\/div><\/div><\/div><div class=\"flex_column av_one_full  flex_column_div av-zero-column-padding first  avia-builder-el-2  el_after_av_one_full  el_before_av_one_full  column-top-margin\" style='border-radius:0px; '><section class=\"av_textblock_section \"  itemscope=\"itemscope\" itemtype=\"https:\/\/schema.org\/BlogPosting\" itemprop=\"blogPost\" ><div class='avia_textblock  '   itemprop=\"text\" ><p style=\"text-align: center;\"><strong><span style=\"font-size: 18pt;\">Sandoval pide al Gobierno medidas y acciones concretas para prevenir y eliminar cualquier forma de maltrato contra una persona mayor <\/span><\/strong><\/p>\n<div id=\"gtx-trans\" style=\"position: absolute; left: -50px; top: 4.31534px;\">\n<div class=\"gtx-trans-icon\"><\/div>\n<\/div>\n<\/div><\/section><\/div><\/p>\n<div class=\"flex_column av_one_full  flex_column_div av-zero-column-padding first  avia-builder-el-4  el_after_av_one_full  el_before_av_hr  column-top-margin\" style='border-radius:0px; '><section class=\"av_textblock_section \"  itemscope=\"itemscope\" itemtype=\"https:\/\/schema.org\/BlogPosting\" itemprop=\"blogPost\" ><div class='avia_textblock  '   itemprop=\"text\" ><p style=\"text-align: justify;\">Solicitar al Gobierno para que, a trav\u00e9s de los Ministerios y organismos competentes, se adopten medidas y acciones concretas destinadas a prevenir y eliminar cualquier forma de maltrato y abuso contra la Persona Mayor en nuestro pa\u00eds, es el objetivo central de un Proyecto de Acuerdo, presentado por el senador David Sandoval.<\/p>\n<p style=\"text-align: justify;\">La iniciativa, que se da en el marco del D\u00eda Internacional contra el Maltrato en la Vejez, conmemorado este mi\u00e9rcoles 15 de junio, apunta a impulsar y dar urgencia en la tramitaci\u00f3n legislativa de todas las iniciativas radicadas, tanto en la C\u00e1mara de Diputados como en el Senado, que se hagan cargo de esta problem\u00e1tica social.<\/p>\n<p style=\"text-align: justify;\">La idea, se plantea en el documento, es generar instancias ciudadanas a nivel nacional, destinadas a proponer medidas relacionadas con el envejecimiento activo de la persona mayor, as\u00ed como el fortalecimiento de los mecanismos institucionales que intervengan en la prevenci\u00f3n del maltrato y abuso de la persona mayor.<\/p>\n<p style=\"text-align: justify;\">Tambi\u00e9n, se propone impulsar programas sectoriales destinado a personas mayores m\u00e1s vulnerables, interactuar mediante rutinas de actividades cotidianas acordes a sus capacidades f\u00edsicas y ps\u00edquicas, mantener contacto con familiares o redes significativas de manera constante, alimentaci\u00f3n saludable, tratamientos m\u00e9dicos, entre otras acciones que les permita un desarrollo pleno e \u00edntegro en la sociedad.<\/p>\n<p style=\"text-align: justify;\">Sobre el tema, el senador Sandoval se\u00f1al\u00f3 que sin perjuicio de las iniciativas y programas que se han llevado adelante, considera que las acciones encaminadas a un verdadero cambio en el enfoque hacia la persona mayor, \u201cdeben ser mucho m\u00e1s ambiciosas, incorporando medidas al corto, mediano y largo plazo, afrontando as\u00ed la problem\u00e1tica del maltrato y abuso sin matices\u201d, esperando la mayor voluntad desde el mundo pol\u00edtico \u201cy con un claro sentido de urgencia, que responda con vehemencia el llamado que realizan d\u00eda a d\u00eda nuestras personas mayores de nuestro pa\u00eds\u201d.<\/p>\n<p style=\"text-align: justify;\">En ese sentido, el parlamentario particip\u00f3 este mi\u00e9rcoles de un seminario virtual, organizado por FLACSO Chile, donde se abord\u00f3 esta tem\u00e1tica, en la cual hizo hincapi\u00e9 en la relevancia que tiene al respecto el proyecto de ley sobre Envejecimiento Positivo, el cual sigue su tr\u00e1mite en el Senado, recalcando la importancia de que la iniciativa ha contado con un amplio, recogiendo las inquietudes de numerosas organizaciones.<\/p>\n<p style=\"text-align: justify;\">Cabe recordar que la Asamblea General de Naciones Unidas design\u00f3 cada 15 de junio el D\u00eda Mundial de Toma de Conciencia de Abuso y Maltrato en la Vejez, conmemoraci\u00f3n que apunta a impulsar un cambio de perspectiva sobre las personas mayores sobre c\u00f3mo enfrentar el aumento de la vejez y la mejora de la calidad de vida.<\/p>\n<p style=\"text-align: justify;\">Finalmente, indicar que Seg\u00fan la Organizaci\u00f3n Mundial de la Salud existe un acelerado incremento de la demograf\u00eda de este grupo etario, pasando en n\u00fameros absolutos de 605 millones desde comienzo de siglo a 2 mil millones de habitantes al a\u00f1o 2050. As\u00ed, entre el 2019 y 2030, se prev\u00e9 que el n\u00famero de personas de 60 a\u00f1os o m\u00e1s aumentar\u00e1 en un 38%, de mil millones a 1,4 mil millones, superando en n\u00famero a la juventud a nivel mundial.<\/p>\n<\/div><\/section><\/div>\n<div  style='height:50px' class='hr hr-invisible   avia-builder-el-6  el_after_av_one_full  el_before_av_social_share '><span class='hr-inner ' ><span class='hr-inner-style'><\/span><\/span><\/div>\n<div  class='av-social-sharing-box  avia-builder-el-7  el_after_av_hr  el_before_av_hr  '><div class='av-share-box'><h5 class='av-share-link-description av-no-toc '>Compartir esta noticia<\/h5><ul class='av-share-box-list noLightbox'><li class='av-share-link av-social-link-facebook' ><a target=\"_blank\" aria-label=\"Compartir en Facebook\" href='https:\/\/www.facebook.com\/sharer.php?u=https:\/\/radiorevelacionfm.cl\/?p=18086&#038;t=Sandoval%20pide%20al%20Gobierno%20medidas%20y%20acciones%20concretas%20para%20prevenir%20y%20eliminar%20cualquier%20forma%20de%20maltrato%20contra%20una%20persona%20mayor' aria-hidden='false' data-av_icon='\ue8f3' data-av_iconfont='entypo-fontello' title='' data-avia-related-tooltip='Compartir en Facebook' rel=\"noopener\"><span class='avia_hidden_link_text'>Compartir en Facebook<\/span><\/a><\/li><li class='av-share-link av-social-link-twitter' ><a target=\"_blank\" aria-label=\"Compartir en Twitter\" href='https:\/\/twitter.com\/share?text=Sandoval%20pide%20al%20Gobierno%20medidas%20y%20acciones%20concretas%20para%20prevenir%20y%20eliminar%20cualquier%20forma%20de%20maltrato%20contra%20una%20persona%20mayor&#038;url=https:\/\/radiorevelacionfm.cl\/?p=18086' aria-hidden='false' data-av_icon='\ue8f1' data-av_iconfont='entypo-fontello' title='' data-avia-related-tooltip='Compartir en Twitter' rel=\"noopener\"><span class='avia_hidden_link_text'>Compartir en Twitter<\/span><\/a><\/li><li class='av-share-link av-social-link-whatsapp' ><a target=\"_blank\" aria-label=\"Compartir en Whatsapp\" href='https:\/\/api.whatsapp.com\/send?text=https:\/\/radiorevelacionfm.cl\/?p=18086' aria-hidden='false' data-av_icon='\uf232' data-av_iconfont='entypo-fontello' title='' data-avia-related-tooltip='Compartir en Whatsapp' rel=\"noopener\"><span class='avia_hidden_link_text'>Compartir en Whatsapp<\/span><\/a><\/li><li class='av-share-link av-social-link-linkedin' ><a target=\"_blank\" aria-label=\"Compartir en LinkedIn\" href='https:\/\/linkedin.com\/shareArticle?mini=true&#038;title=Sandoval%20pide%20al%20Gobierno%20medidas%20y%20acciones%20concretas%20para%20prevenir%20y%20eliminar%20cualquier%20forma%20de%20maltrato%20contra%20una%20persona%20mayor&#038;url=https:\/\/radiorevelacionfm.cl\/?p=18086' aria-hidden='false' data-av_icon='\ue8fc' data-av_iconfont='entypo-fontello' title='' data-avia-related-tooltip='Compartir en LinkedIn' rel=\"noopener\"><span class='avia_hidden_link_text'>Compartir en LinkedIn<\/span><\/a><\/li><li class='av-share-link av-social-link-mail' ><a  aria-label=\"Compartir por correo\" href='mailto:?subject=Sandoval%20pide%20al%20Gobierno%20medidas%20y%20acciones%20concretas%20para%20prevenir%20y%20eliminar%20cualquier%20forma%20de%20maltrato%20contra%20una%20persona%20mayor&#038;body=https:\/\/radiorevelacionfm.cl\/?p=18086' aria-hidden='false' data-av_icon='\ue805' data-av_iconfont='entypo-fontello' title='' data-avia-related-tooltip='Compartir por correo'><span class='avia_hidden_link_text'>Compartir por correo<\/span><\/a><\/li><\/ul><\/div><\/div>\n<div  style='height:50px' class='hr hr-invisible   avia-builder-el-8  el_after_av_social_share  el_before_av_comments_list '><span class='hr-inner ' ><span class='hr-inner-style'><\/span><\/span><\/div>\n<div  class='av-buildercomment  av-blog-meta-html-info-disabled av-blog-meta-tag-disabled  '><\/div>\n","protected":false},"excerpt":{"rendered":"","protected":false},"author":1,"featured_media":18109,"comment_status":"open","ping_status":"open","sticky":false,"template":"","format":"standard","meta":{"footnotes":""},"categories":[35],"tags":[],"class_list":["post-18086","post","type-post","status-publish","format-standard","has-post-thumbnail","hentry","category-politica"],"jetpack_featured_media_url":"https:\/\/radiorevelacionfm.cl\/wp-content\/uploads\/2022\/06\/Sandoval_archivo1-1-1-1.jpg","_links":{"self":[{"href":"https:\/\/radiorevelacionfm.cl\/index.php?rest_route=\/wp\/v2\/posts\/18086","targetHints":{"allow":["GET"]}}],"collection":[{"href":"https:\/\/radiorevelacionfm.cl\/index.php?rest_route=\/wp\/v2\/posts"}],"about":[{"href":"https:\/\/radiorevelacionfm.cl\/index.php?rest_route=\/wp\/v2\/types\/post"}],"author":[{"embeddable":true,"href":"https:\/\/radiorevelacionfm.cl\/index.php?rest_route=\/wp\/v2\/users\/1"}],"replies":[{"embeddable":true,"href":"https:\/\/radiorevelacionfm.cl\/index.php?rest_route=%2Fwp%2Fv2%2Fcomments&post=18086"}],"version-history":[{"count":3,"href":"https:\/\/radiorevelacionfm.cl\/index.php?rest_route=\/wp\/v2\/posts\/18086\/revisions"}],"predecessor-version":[{"id":18108,"href":"https:\/\/radiorevelacionfm.cl\/index.php?rest_route=\/wp\/v2\/posts\/18086\/revisions\/18108"}],"wp:featuredmedia":[{"embeddable":true,"href":"https:\/\/radiorevelacionfm.cl\/index.php?rest_route=\/wp\/v2\/media\/18109"}],"wp:attachment":[{"href":"https:\/\/radiorevelacionfm.cl\/index.php?rest_route=%2Fwp%2Fv2%2Fmedia&parent=18086"}],"wp:term":[{"taxonomy":"category","embeddable":true,"href":"https:\/\/radiorevelacionfm.cl\/index.php?rest_route=%2Fwp%2Fv2%2Fcategories&post=18086"},{"taxonomy":"post_tag","embeddable":true,"href":"https:\/\/radiorevelacionfm.cl\/index.php?rest_route=%2Fwp%2Fv2%2Ftags&post=18086"}],"curies":[{"name":"wp","href":"https:\/\/api.w.org\/{rel}","templated":true}]}}