{"id":18082,"date":"2022-06-15T20:44:40","date_gmt":"2022-06-15T23:44:40","guid":{"rendered":"https:\/\/radiorevelacionfm.cl\/?p=18082"},"modified":"2022-06-15T20:44:40","modified_gmt":"2022-06-15T23:44:40","slug":"detienen-a-dos-personas-tras-asalto-a-transeunte-en-coyhaique-y-recuperan-especies","status":"publish","type":"post","link":"https:\/\/radiorevelacionfm.cl\/?p=18082","title":{"rendered":"Detienen a dos personas tras asalto a transe\u00fante en Coyhaique y recuperan especies"},"content":{"rendered":"<div class=\"flex_column av_one_full  flex_column_div av-zero-column-padding first  avia-builder-el-0  el_before_av_one_full  avia-builder-el-first  \" style='border-radius:0px; '><div  class='avia-image-container  av-styling-    avia-builder-el-1  avia-builder-el-no-sibling  avia-align-center '  itemprop=\"image\" itemscope=\"itemscope\" itemtype=\"https:\/\/schema.org\/ImageObject\"  ><div class='avia-image-container-inner'><div class='avia-image-overlay-wrap'><img decoding=\"async\" class='wp-image-18083 avia-img-lazy-loading-not-18083 avia_image' src=\"https:\/\/radiorevelacionfm.cl\/wp-content\/uploads\/2022\/06\/image-46-1.jpg\" alt='' title='image (46) (1)' height=\"600\" width=\"859\"  itemprop=\"thumbnailUrl\" srcset=\"https:\/\/radiorevelacionfm.cl\/wp-content\/uploads\/2022\/06\/image-46-1.jpg 859w, https:\/\/radiorevelacionfm.cl\/wp-content\/uploads\/2022\/06\/image-46-1-300x210.jpg 300w, https:\/\/radiorevelacionfm.cl\/wp-content\/uploads\/2022\/06\/image-46-1-768x536.jpg 768w, https:\/\/radiorevelacionfm.cl\/wp-content\/uploads\/2022\/06\/image-46-1-705x492.jpg 705w, https:\/\/radiorevelacionfm.cl\/wp-content\/uploads\/2022\/06\/image-46-1-600x419.jpg 600w\" sizes=\"(max-width: 859px) 100vw, 859px\" \/><\/div><\/div><\/div><\/div><div class=\"flex_column av_one_full  flex_column_div av-zero-column-padding first  avia-builder-el-2  el_after_av_one_full  el_before_av_one_full  column-top-margin\" style='border-radius:0px; '><section class=\"av_textblock_section \"  itemscope=\"itemscope\" itemtype=\"https:\/\/schema.org\/BlogPosting\" itemprop=\"blogPost\" ><div class='avia_textblock  '   itemprop=\"text\" ><p style=\"text-align: center;\"><strong><span style=\"font-size: 18pt;\">Detienen a dos personas tras asalto a transe\u00fante en Coyhaique y recuperan especies<\/span><\/strong><\/p>\n<div id=\"gtx-trans\" style=\"position: absolute; left: -50px; top: 4.31534px;\">\n<div class=\"gtx-trans-icon\"><\/div>\n<\/div>\n<\/div><\/section><\/div><div class=\"flex_column av_one_full  flex_column_div av-zero-column-padding first  avia-builder-el-4  el_after_av_one_full  el_before_av_hr  column-top-margin\" style='border-radius:0px; '><section class=\"av_textblock_section \"  itemscope=\"itemscope\" itemtype=\"https:\/\/schema.org\/BlogPosting\" itemprop=\"blogPost\" ><div class='avia_textblock  '   itemprop=\"text\" ><p class=\"v1MsoNormal\" style=\"text-align: justify;\">Una denuncia oportuna por el robo con violencia a una transe\u00fante, motiv\u00f3 una r\u00e1pida respuesta por parte de Carabineros de la 1ra. Comisar\u00eda de Coyhaique, la cual permiti\u00f3 ubicar y detener a dos personas \u2013entre ellos una mujer- quienes se hab\u00edan ocultado al interior de un domicilio particular, siendo aprehendidos por los delitos de robo, amenazas y violaci\u00f3n de morada.<\/p>\n<p class=\"v1MsoNormal\" style=\"text-align: justify;\">En momentos en que el personal del servicio en la poblaci\u00f3n realizaba un patrullaje preventivo por el sector del cuadrante N\u00b0 3, fueron alertados por la Central de Comunicaciones (Cenco) sobre un delito de robo que hab\u00eda ocurrido hac\u00eda escasos instantes, en el sector alto de la ciudad.<\/p>\n<p class=\"v1MsoNormal\" style=\"text-align: justify;\">Al respecto el Comisario de Coyhaique, Mayor Franco Herrera Quezada indic\u00f3 que tras tomar contacto con la v\u00edctima, esta manifest\u00f3 que \u00abcuando iba caminando por la calle, fue abordada por dos personas \u2013un hombre adulto que lo hac\u00eda acompa\u00f1ado de una adolescente de 17 a\u00f1os- instante en los cuales el hombre -de manera violenta- la intimid\u00f3 con palabras y le arrebat\u00f3 desde su cartera un tel\u00e9fono celular y su billetera, d\u00e1ndose a la fuga del lugar\u00bb, expres\u00f3 el Oficial.<\/p>\n<p class=\"v1MsoNormal\" style=\"text-align: justify;\"><b>Denuncia oportuna<\/b><\/p>\n<p class=\"v1MsoNormal\" style=\"text-align: justify;\">Tras lo anterior la v\u00edctima regres\u00f3 a su domicilio y contact\u00f3 a Carabineros denunciando el hecho. Tras la llegada del dispositivo, la afectada subi\u00f3 al carro policial y en compa\u00f1\u00eda del personal uniformado realizaron un patrullaje en las inmediaciones, logrando divisar al sujeto junto a la adolescente, quien momentos antes la habr\u00eda asaltado.<\/p>\n<p class=\"v1MsoNormal\" style=\"text-align: justify;\">\u00abLos sujetos al ver la presencia de Carabineros saltan la reja de un domicilio e ingresan al interior. El personal policial en las afueras del domicilio comenz\u00f3 a hacer las diligencias para dar con el propietario del inmueble, quien se aperson\u00f3 en el lugar, siendo la madre del antisocial, quien autoriz\u00f3 el ingreso de Carabineros la interior de la residencia y adem\u00e1s dio a conocer que manten\u00eda una medida cautelar de prohibici\u00f3n de acercamiento por parte de este joven hacia ella\u00bb, detall\u00f3 el Comisario de Coyhaique.<\/p>\n<p class=\"v1MsoNormal\" style=\"text-align: justify;\">El Mayor Herrera, acot\u00f3 que Carabineros ingres\u00f3 al inmueble con autorizaci\u00f3n de su propietaria, logrando ubicar al sujeto al interior de un dormitorio, siendo detenido en el lugar, logrando igualmente encontrar la billetera y el tel\u00e9fono celular que momentos antes hab\u00eda sido sustra\u00eddo a la denunciante.<\/p>\n<p class=\"v1MsoNormal\" style=\"text-align: justify;\">\u00abEl sujeto fue puesto a disposici\u00f3n del Ministerio P\u00fablico por el delito de robo con violencia, violaci\u00f3n de morada, desacato de la medida cautelar que manten\u00eda en su contra, en tanto que la menor tambi\u00e9n fue detenida por violaci\u00f3n de morada, al no contar con la autorizaci\u00f3n de la due\u00f1a de casa para estar en su interior\u00bb, expreso el Comisario de Coyhaique.<\/p>\n<p style=\"text-align: justify;\">Carabineros reiter\u00f3 el llamado a las personas \u2013en caso de ser v\u00edctimas de delitos- a denunciar de manera a trav\u00e9s del fono de emergencias 133, posibilitando una r\u00e1pida respuesta para el esclarecimientos de este tipo de hechos.<\/p>\n<\/div><\/section><\/div><div  style='height:50px' class='hr hr-invisible   avia-builder-el-6  el_after_av_one_full  el_before_av_social_share '><span class='hr-inner ' ><span class='hr-inner-style'><\/span><\/span><\/div><\/p>\n<div  class='av-social-sharing-box  avia-builder-el-7  el_after_av_hr  el_before_av_hr  '><div class='av-share-box'><h5 class='av-share-link-description av-no-toc '>Compartir esta noticia<\/h5><ul class='av-share-box-list noLightbox'><li class='av-share-link av-social-link-facebook' ><a target=\"_blank\" aria-label=\"Compartir en Facebook\" href='https:\/\/www.facebook.com\/sharer.php?u=https:\/\/radiorevelacionfm.cl\/?p=18082&#038;t=Detienen%20a%20dos%20personas%20tras%20asalto%20a%20transe%C3%BAnte%20en%20Coyhaique%20y%20recuperan%20especies' aria-hidden='false' data-av_icon='\ue8f3' data-av_iconfont='entypo-fontello' title='' data-avia-related-tooltip='Compartir en Facebook' rel=\"noopener\"><span class='avia_hidden_link_text'>Compartir en Facebook<\/span><\/a><\/li><li class='av-share-link av-social-link-twitter' ><a target=\"_blank\" aria-label=\"Compartir en Twitter\" href='https:\/\/twitter.com\/share?text=Detienen%20a%20dos%20personas%20tras%20asalto%20a%20transe%C3%BAnte%20en%20Coyhaique%20y%20recuperan%20especies&#038;url=https:\/\/radiorevelacionfm.cl\/?p=18082' aria-hidden='false' data-av_icon='\ue8f1' data-av_iconfont='entypo-fontello' title='' data-avia-related-tooltip='Compartir en Twitter' rel=\"noopener\"><span class='avia_hidden_link_text'>Compartir en Twitter<\/span><\/a><\/li><li class='av-share-link av-social-link-whatsapp' ><a target=\"_blank\" aria-label=\"Compartir en Whatsapp\" href='https:\/\/api.whatsapp.com\/send?text=https:\/\/radiorevelacionfm.cl\/?p=18082' aria-hidden='false' data-av_icon='\uf232' data-av_iconfont='entypo-fontello' title='' data-avia-related-tooltip='Compartir en Whatsapp' rel=\"noopener\"><span class='avia_hidden_link_text'>Compartir en Whatsapp<\/span><\/a><\/li><li class='av-share-link av-social-link-linkedin' ><a target=\"_blank\" aria-label=\"Compartir en LinkedIn\" href='https:\/\/linkedin.com\/shareArticle?mini=true&#038;title=Detienen%20a%20dos%20personas%20tras%20asalto%20a%20transe%C3%BAnte%20en%20Coyhaique%20y%20recuperan%20especies&#038;url=https:\/\/radiorevelacionfm.cl\/?p=18082' aria-hidden='false' data-av_icon='\ue8fc' data-av_iconfont='entypo-fontello' title='' data-avia-related-tooltip='Compartir en LinkedIn' rel=\"noopener\"><span class='avia_hidden_link_text'>Compartir en LinkedIn<\/span><\/a><\/li><li class='av-share-link av-social-link-mail' ><a  aria-label=\"Compartir por correo\" href='mailto:?subject=Detienen%20a%20dos%20personas%20tras%20asalto%20a%20transe%C3%BAnte%20en%20Coyhaique%20y%20recuperan%20especies&#038;body=https:\/\/radiorevelacionfm.cl\/?p=18082' aria-hidden='false' data-av_icon='\ue805' data-av_iconfont='entypo-fontello' title='' data-avia-related-tooltip='Compartir por correo'><span class='avia_hidden_link_text'>Compartir por correo<\/span><\/a><\/li><\/ul><\/div><\/div>\n<div  style='height:50px' class='hr hr-invisible   avia-builder-el-8  el_after_av_social_share  el_before_av_comments_list '><span class='hr-inner ' ><span class='hr-inner-style'><\/span><\/span><\/div>\n<div  class='av-buildercomment  av-blog-meta-html-info-disabled av-blog-meta-tag-disabled  '><\/div>\n","protected":false},"excerpt":{"rendered":"","protected":false},"author":1,"featured_media":18083,"comment_status":"open","ping_status":"open","sticky":false,"template":"","format":"standard","meta":{"footnotes":""},"categories":[36],"tags":[],"class_list":["post-18082","post","type-post","status-publish","format-standard","has-post-thumbnail","hentry","category-policial"],"jetpack_featured_media_url":"https:\/\/radiorevelacionfm.cl\/wp-content\/uploads\/2022\/06\/image-46-1.jpg","_links":{"self":[{"href":"https:\/\/radiorevelacionfm.cl\/index.php?rest_route=\/wp\/v2\/posts\/18082","targetHints":{"allow":["GET"]}}],"collection":[{"href":"https:\/\/radiorevelacionfm.cl\/index.php?rest_route=\/wp\/v2\/posts"}],"about":[{"href":"https:\/\/radiorevelacionfm.cl\/index.php?rest_route=\/wp\/v2\/types\/post"}],"author":[{"embeddable":true,"href":"https:\/\/radiorevelacionfm.cl\/index.php?rest_route=\/wp\/v2\/users\/1"}],"replies":[{"embeddable":true,"href":"https:\/\/radiorevelacionfm.cl\/index.php?rest_route=%2Fwp%2Fv2%2Fcomments&post=18082"}],"version-history":[{"count":2,"href":"https:\/\/radiorevelacionfm.cl\/index.php?rest_route=\/wp\/v2\/posts\/18082\/revisions"}],"predecessor-version":[{"id":18085,"href":"https:\/\/radiorevelacionfm.cl\/index.php?rest_route=\/wp\/v2\/posts\/18082\/revisions\/18085"}],"wp:featuredmedia":[{"embeddable":true,"href":"https:\/\/radiorevelacionfm.cl\/index.php?rest_route=\/wp\/v2\/media\/18083"}],"wp:attachment":[{"href":"https:\/\/radiorevelacionfm.cl\/index.php?rest_route=%2Fwp%2Fv2%2Fmedia&parent=18082"}],"wp:term":[{"taxonomy":"category","embeddable":true,"href":"https:\/\/radiorevelacionfm.cl\/index.php?rest_route=%2Fwp%2Fv2%2Fcategories&post=18082"},{"taxonomy":"post_tag","embeddable":true,"href":"https:\/\/radiorevelacionfm.cl\/index.php?rest_route=%2Fwp%2Fv2%2Ftags&post=18082"}],"curies":[{"name":"wp","href":"https:\/\/api.w.org\/{rel}","templated":true}]}}