{"id":18074,"date":"2022-06-18T11:36:16","date_gmt":"2022-06-18T14:36:16","guid":{"rendered":"https:\/\/radiorevelacionfm.cl\/?p=18074"},"modified":"2022-06-18T11:36:16","modified_gmt":"2022-06-18T14:36:16","slug":"fundacion-integra-y-municipalidad-de-coyhaique-se-reunen-para-evaluar-proyectos-en-la-comuna","status":"publish","type":"post","link":"https:\/\/radiorevelacionfm.cl\/?p=18074","title":{"rendered":"Fundaci\u00f3n Integra y municipalidad de Coyhaique se re\u00fanen para evaluar proyectos en la comuna"},"content":{"rendered":"<div class=\"flex_column av_one_full  flex_column_div av-zero-column-padding first  avia-builder-el-0  el_before_av_one_full  avia-builder-el-first  \" style='border-radius:0px; '><div  class='avia-image-container  av-styling-    avia-builder-el-1  avia-builder-el-no-sibling  avia-align-center '  itemprop=\"image\" itemscope=\"itemscope\" itemtype=\"https:\/\/schema.org\/ImageObject\"  ><div class='avia-image-container-inner'><div class='avia-image-overlay-wrap'><img decoding=\"async\" class='wp-image-18075 avia-img-lazy-loading-not-18075 avia_image' src=\"https:\/\/radiorevelacionfm.cl\/wp-content\/uploads\/2022\/06\/IMG_6448-min-1-1.jpg\" alt='' title='IMG_6448-min (1) (1)' height=\"600\" width=\"902\"  itemprop=\"thumbnailUrl\" srcset=\"https:\/\/radiorevelacionfm.cl\/wp-content\/uploads\/2022\/06\/IMG_6448-min-1-1.jpg 902w, https:\/\/radiorevelacionfm.cl\/wp-content\/uploads\/2022\/06\/IMG_6448-min-1-1-300x200.jpg 300w, https:\/\/radiorevelacionfm.cl\/wp-content\/uploads\/2022\/06\/IMG_6448-min-1-1-768x511.jpg 768w, https:\/\/radiorevelacionfm.cl\/wp-content\/uploads\/2022\/06\/IMG_6448-min-1-1-705x469.jpg 705w, https:\/\/radiorevelacionfm.cl\/wp-content\/uploads\/2022\/06\/IMG_6448-min-1-1-600x399.jpg 600w\" sizes=\"(max-width: 902px) 100vw, 902px\" \/><\/div><\/div><\/div><\/div><div class=\"flex_column av_one_full  flex_column_div av-zero-column-padding first  avia-builder-el-2  el_after_av_one_full  el_before_av_one_full  column-top-margin\" style='border-radius:0px; '><section class=\"av_textblock_section \"  itemscope=\"itemscope\" itemtype=\"https:\/\/schema.org\/BlogPosting\" itemprop=\"blogPost\" ><div class='avia_textblock  '   itemprop=\"text\" ><p style=\"text-align: center;\"><strong><span style=\"font-size: 18pt;\">Fundaci\u00f3n Integra y municipalidad de Coyhaique se re\u00fanen para evaluar proyectos en la comuna<\/span><\/strong><\/p>\n<div id=\"gtx-trans\" style=\"position: absolute; left: -50px; top: 4.31534px;\">\n<div class=\"gtx-trans-icon\"><\/div>\n<\/div>\n<\/div><\/section><\/div><div class=\"flex_column av_one_full  flex_column_div av-zero-column-padding first  avia-builder-el-4  el_after_av_one_full  el_before_av_hr  column-top-margin\" style='border-radius:0px; '><section class=\"av_textblock_section \"  itemscope=\"itemscope\" itemtype=\"https:\/\/schema.org\/BlogPosting\" itemprop=\"blogPost\" ><div class='avia_textblock  '   itemprop=\"text\" ><p style=\"font-weight: 400; text-align: justify;\">Una importante reuni\u00f3n de gesti\u00f3n se llev\u00f3\u00a0 a cabo en la municipalidad de Coyhaique entre la administradora municipal, Gabriela Retamal y el Director (i) Regional de Fundaci\u00f3n Integra, Felipe \u00c1guila Villarroel la que tuvo por objetivo presentar los proyectos educativos que se est\u00e1n trabajando y los que se desarrollar\u00e1n en materia de infraestructura en la comuna. A la vez, se abordaron los desaf\u00edos que hay en materia de educaci\u00f3n en primera infancia en las localidades rurales que pertenecen al municipio.<\/p>\n<p style=\"font-weight: 400; text-align: justify;\">El Director (i) Regional de Fundaci\u00f3n Integra, tras el t\u00e9rmino de esta reuni\u00f3n coment\u00f3 que \u201cfue una reuni\u00f3n bien fruct\u00edfera y la idea es poder concretar alianzas estrat\u00e9gicas con la municipalidad de Coyhaique\u201d. A la vez, recalc\u00f3 que \u201cnosotros como instituci\u00f3n estamos en un momento en la que buscamos expandirnos y poder ofrecer educaci\u00f3n a\u00a0 las ni\u00f1as y ni\u00f1os de los distintos sectores y estas reuniones nos permiten avanzar en la construcci\u00f3n de nuevos establecimientos, en el trabajo de las reposiciones de los jardines infantiles y en la b\u00fasqueda de nuevos terrenos\u201d.<\/p>\n<p style=\"font-weight: 400; text-align: justify;\">Proyecci\u00f3n de nuevos jardines infantiles, b\u00fasqueda de terrenos, la importancia de los establecimientos en Primera Infancia, entre otros, fueron los temas abordados en dicha reuni\u00f3n y en la que participaron profesionales del municipio como de Fundaci\u00f3n Integra las que permitieron entrever el trabajo que se puede desarrollar en conjunto en pos de las familias que habitan la comuna.<\/p>\n<p style=\"font-weight: 400; text-align: justify;\">La administradora municipal destac\u00f3 que \u201cvamos a trabajar mancomunadamente para la calidad de vida de los vecinos, vecinas, pero particularmente de las madres trabajadoras que necesitan un lugar para que sus hijos puedan ser cuidados e incentivados desde lo educativo. Es tremendamente relevante este acercamiento con Integra y ya estamos en la b\u00fasqueda de espacios f\u00edsicos que permitan encontrar un lugar donde nuestras madres, vecinas y vecinos puedan dejar a sus ni\u00f1os y ni\u00f1as\u201d.<\/p>\n<p style=\"font-weight: 400; text-align: justify;\">En dicha reuni\u00f3n tambi\u00e9n se abord\u00f3 \u00a0las obras que se est\u00e1n desarrollando como lo son la construcci\u00f3n de la reposici\u00f3n del Jard\u00edn Infantil y Sala Cuna \u201cMackay\u201d, obra que se emplaza en calle Sargento Aldea y que atender\u00e1 a 76 p\u00e1rvulos en sus distintos niveles. Del mismo modo tambi\u00e9n se convers\u00f3 respecto de la licitaci\u00f3n para la construcci\u00f3n del Jard\u00edn Infantil y Sala Cuna \u201cNueva Esperanza\u201d que est\u00e1 ad portas de su adjudicaci\u00f3n, la que se ubicar\u00e1 en Campos de Hielo con Err\u00e1zuriz y atender\u00e1 a 96 ni\u00f1as y ni\u00f1os del sector. Estas obras en conjunto superan los 2.289 millones de pesos.<\/p>\n<p style=\"font-weight: 400; text-align: justify;\">El Director (i) Regional de Fundaci\u00f3n Integra recalc\u00f3 que \u201csomos una regi\u00f3n netamente rural por lo tanto la ruralidad no puede quedar ajena a esta mirada, y es as\u00ed que \u00d1irehuao es un muy buen nicho donde podr\u00edamos gestionar un nuevo establecimiento, al igual que Balmaceda que es la entrada a nuestra regi\u00f3n por lo tanto se hace necesario poder expandirse, entendiendo que hay futuras hogares que se van a construir, y en la que se hace necesario atender a los ni\u00f1os y ni\u00f1as que ah\u00ed llegaran\u201d.<\/p>\n<p style=\"font-weight: 400; text-align: justify;\">Integra pertenece a la Red de Fundaciones de la Presidencia de la Rep\u00fablica. Con 31 a\u00f1os de experiencia, es la red m\u00e1s grande de salas cuna y jardines infantiles del pa\u00eds con 1.200 establecimientos gratuitos, a los que asisten m\u00e1s de 85 mil ni\u00f1os y ni\u00f1as en todo Chile.<\/p>\n<\/div><\/section><\/div><div  style='height:50px' class='hr hr-invisible   avia-builder-el-6  el_after_av_one_full  el_before_av_social_share '><span class='hr-inner ' ><span class='hr-inner-style'><\/span><\/span><\/div><\/p>\n<div  class='av-social-sharing-box  avia-builder-el-7  el_after_av_hr  el_before_av_hr  '><div class='av-share-box'><h5 class='av-share-link-description av-no-toc '>Compartir esta noticia<\/h5><ul class='av-share-box-list noLightbox'><li class='av-share-link av-social-link-facebook' ><a target=\"_blank\" aria-label=\"Compartir en Facebook\" href='https:\/\/www.facebook.com\/sharer.php?u=https:\/\/radiorevelacionfm.cl\/?p=18074&#038;t=Fundaci%C3%B3n%20Integra%20y%20municipalidad%20de%20Coyhaique%20se%20re%C3%BAnen%20para%20evaluar%20proyectos%20en%20la%20comuna' aria-hidden='false' data-av_icon='\ue8f3' data-av_iconfont='entypo-fontello' title='' data-avia-related-tooltip='Compartir en Facebook' rel=\"noopener\"><span class='avia_hidden_link_text'>Compartir en Facebook<\/span><\/a><\/li><li class='av-share-link av-social-link-twitter' ><a target=\"_blank\" aria-label=\"Compartir en Twitter\" href='https:\/\/twitter.com\/share?text=Fundaci%C3%B3n%20Integra%20y%20municipalidad%20de%20Coyhaique%20se%20re%C3%BAnen%20para%20evaluar%20proyectos%20en%20la%20comuna&#038;url=https:\/\/radiorevelacionfm.cl\/?p=18074' aria-hidden='false' data-av_icon='\ue8f1' data-av_iconfont='entypo-fontello' title='' data-avia-related-tooltip='Compartir en Twitter' rel=\"noopener\"><span class='avia_hidden_link_text'>Compartir en Twitter<\/span><\/a><\/li><li class='av-share-link av-social-link-whatsapp' ><a target=\"_blank\" aria-label=\"Compartir en Whatsapp\" href='https:\/\/api.whatsapp.com\/send?text=https:\/\/radiorevelacionfm.cl\/?p=18074' aria-hidden='false' data-av_icon='\uf232' data-av_iconfont='entypo-fontello' title='' data-avia-related-tooltip='Compartir en Whatsapp' rel=\"noopener\"><span class='avia_hidden_link_text'>Compartir en Whatsapp<\/span><\/a><\/li><li class='av-share-link av-social-link-linkedin' ><a target=\"_blank\" aria-label=\"Compartir en LinkedIn\" href='https:\/\/linkedin.com\/shareArticle?mini=true&#038;title=Fundaci%C3%B3n%20Integra%20y%20municipalidad%20de%20Coyhaique%20se%20re%C3%BAnen%20para%20evaluar%20proyectos%20en%20la%20comuna&#038;url=https:\/\/radiorevelacionfm.cl\/?p=18074' aria-hidden='false' data-av_icon='\ue8fc' data-av_iconfont='entypo-fontello' title='' data-avia-related-tooltip='Compartir en LinkedIn' rel=\"noopener\"><span class='avia_hidden_link_text'>Compartir en LinkedIn<\/span><\/a><\/li><li class='av-share-link av-social-link-mail' ><a  aria-label=\"Compartir por correo\" href='mailto:?subject=Fundaci%C3%B3n%20Integra%20y%20municipalidad%20de%20Coyhaique%20se%20re%C3%BAnen%20para%20evaluar%20proyectos%20en%20la%20comuna&#038;body=https:\/\/radiorevelacionfm.cl\/?p=18074' aria-hidden='false' data-av_icon='\ue805' data-av_iconfont='entypo-fontello' title='' data-avia-related-tooltip='Compartir por correo'><span class='avia_hidden_link_text'>Compartir por correo<\/span><\/a><\/li><\/ul><\/div><\/div>\n<div  style='height:50px' class='hr hr-invisible   avia-builder-el-8  el_after_av_social_share  el_before_av_comments_list '><span class='hr-inner ' ><span class='hr-inner-style'><\/span><\/span><\/div>\n<div  class='av-buildercomment  av-blog-meta-html-info-disabled av-blog-meta-tag-disabled  '><\/div>\n","protected":false},"excerpt":{"rendered":"","protected":false},"author":1,"featured_media":18075,"comment_status":"open","ping_status":"open","sticky":false,"template":"","format":"standard","meta":{"footnotes":""},"categories":[49],"tags":[],"class_list":["post-18074","post","type-post","status-publish","format-standard","has-post-thumbnail","hentry","category-educacion"],"jetpack_featured_media_url":"https:\/\/radiorevelacionfm.cl\/wp-content\/uploads\/2022\/06\/IMG_6448-min-1-1.jpg","_links":{"self":[{"href":"https:\/\/radiorevelacionfm.cl\/index.php?rest_route=\/wp\/v2\/posts\/18074","targetHints":{"allow":["GET"]}}],"collection":[{"href":"https:\/\/radiorevelacionfm.cl\/index.php?rest_route=\/wp\/v2\/posts"}],"about":[{"href":"https:\/\/radiorevelacionfm.cl\/index.php?rest_route=\/wp\/v2\/types\/post"}],"author":[{"embeddable":true,"href":"https:\/\/radiorevelacionfm.cl\/index.php?rest_route=\/wp\/v2\/users\/1"}],"replies":[{"embeddable":true,"href":"https:\/\/radiorevelacionfm.cl\/index.php?rest_route=%2Fwp%2Fv2%2Fcomments&post=18074"}],"version-history":[{"count":2,"href":"https:\/\/radiorevelacionfm.cl\/index.php?rest_route=\/wp\/v2\/posts\/18074\/revisions"}],"predecessor-version":[{"id":18174,"href":"https:\/\/radiorevelacionfm.cl\/index.php?rest_route=\/wp\/v2\/posts\/18074\/revisions\/18174"}],"wp:featuredmedia":[{"embeddable":true,"href":"https:\/\/radiorevelacionfm.cl\/index.php?rest_route=\/wp\/v2\/media\/18075"}],"wp:attachment":[{"href":"https:\/\/radiorevelacionfm.cl\/index.php?rest_route=%2Fwp%2Fv2%2Fmedia&parent=18074"}],"wp:term":[{"taxonomy":"category","embeddable":true,"href":"https:\/\/radiorevelacionfm.cl\/index.php?rest_route=%2Fwp%2Fv2%2Fcategories&post=18074"},{"taxonomy":"post_tag","embeddable":true,"href":"https:\/\/radiorevelacionfm.cl\/index.php?rest_route=%2Fwp%2Fv2%2Ftags&post=18074"}],"curies":[{"name":"wp","href":"https:\/\/api.w.org\/{rel}","templated":true}]}}