{"id":18071,"date":"2022-06-15T19:55:17","date_gmt":"2022-06-15T22:55:17","guid":{"rendered":"https:\/\/radiorevelacionfm.cl\/?p=18071"},"modified":"2022-06-15T19:55:17","modified_gmt":"2022-06-15T22:55:17","slug":"rector-del-cft-estatal-de-aysen-sostiene-importante-reunion-de-trabajo-con-alcalde-de-melinka","status":"publish","type":"post","link":"https:\/\/radiorevelacionfm.cl\/?p=18071","title":{"rendered":"Rector del CFT Estatal de Ays\u00e9n sostiene importante reuni\u00f3n de trabajo con alcalde de Melinka"},"content":{"rendered":"<div class=\"flex_column av_one_full  flex_column_div av-zero-column-padding first  avia-builder-el-0  el_before_av_one_full  avia-builder-el-first  \" style='border-radius:0px; '><div  class='avia-image-container  av-styling-    avia-builder-el-1  avia-builder-el-no-sibling  avia-align-center '  itemprop=\"image\" itemscope=\"itemscope\" itemtype=\"https:\/\/schema.org\/ImageObject\"  ><div class='avia-image-container-inner'><div class='avia-image-overlay-wrap'><img decoding=\"async\" class='wp-image-18072 avia-img-lazy-loading-not-18072 avia_image' src=\"https:\/\/radiorevelacionfm.cl\/wp-content\/uploads\/2022\/06\/20220610_121347-1-1.jpg\" alt='' title='20220610_121347 (1) (1)' height=\"600\" width=\"940\"  itemprop=\"thumbnailUrl\" srcset=\"https:\/\/radiorevelacionfm.cl\/wp-content\/uploads\/2022\/06\/20220610_121347-1-1.jpg 940w, https:\/\/radiorevelacionfm.cl\/wp-content\/uploads\/2022\/06\/20220610_121347-1-1-300x191.jpg 300w, https:\/\/radiorevelacionfm.cl\/wp-content\/uploads\/2022\/06\/20220610_121347-1-1-768x490.jpg 768w, https:\/\/radiorevelacionfm.cl\/wp-content\/uploads\/2022\/06\/20220610_121347-1-1-705x450.jpg 705w, https:\/\/radiorevelacionfm.cl\/wp-content\/uploads\/2022\/06\/20220610_121347-1-1-600x383.jpg 600w\" sizes=\"(max-width: 940px) 100vw, 940px\" \/><\/div><\/div><\/div><\/div><div class=\"flex_column av_one_full  flex_column_div av-zero-column-padding first  avia-builder-el-2  el_after_av_one_full  el_before_av_one_full  column-top-margin\" style='border-radius:0px; '><section class=\"av_textblock_section \"  itemscope=\"itemscope\" itemtype=\"https:\/\/schema.org\/BlogPosting\" itemprop=\"blogPost\" ><div class='avia_textblock  '   itemprop=\"text\" ><p style=\"text-align: center;\"><strong><span style=\"font-size: 18pt;\">Rector del CFT Estatal de Ays\u00e9n sostiene importante reuni\u00f3n de trabajo con alcalde de Melinka<\/span><\/strong><\/p>\n<div id=\"gtx-trans\" style=\"position: absolute; left: -50px; top: 4.31534px;\">\n<div class=\"gtx-trans-icon\"><\/div>\n<\/div>\n<\/div><\/section><\/div><div class=\"flex_column av_one_full  flex_column_div av-zero-column-padding first  avia-builder-el-4  el_after_av_one_full  el_before_av_hr  column-top-margin\" style='border-radius:0px; '><section class=\"av_textblock_section \"  itemscope=\"itemscope\" itemtype=\"https:\/\/schema.org\/BlogPosting\" itemprop=\"blogPost\" ><div class='avia_textblock  '   itemprop=\"text\" ><p style=\"text-align: justify;\">Durante estos \u00faltimos d\u00edas el Centro de Formaci\u00f3n T\u00e9cnica Estatal de Ays\u00e9n ha tenido diversas reuniones con instituciones p\u00fablicas y privadas. Es en este contexto y como una manera de poder conversar y acercar el proyecto acad\u00e9mico de educaci\u00f3n superior a las personas, el Rector del CFT Estatal Sr. V\u00edctor Hugo \u00c1lvarez tuvo una importante conversaci\u00f3n con el Alcalde de la comuna de Las Guaitecas Sr. Marcos Silva.<\/p>\n<p style=\"text-align: justify;\">Una vez que concluy\u00f3 este encuentro el edil de la comunidad del litoral aisenino agradeci\u00f3 este primer acercamiento con esta casa de estudios \u201ces una tremenda noticia, no lo esper\u00e1bamos, creo que hoy viene a abarcar una brecha no menor y por supuesto en nuestra comuna va a ser muy valioso, asique muy contentos y felices de encontrarnos con este Centro de Formaci\u00f3n T\u00e9cnica que lo hemos acogido de buena manera y por supuesto esperamos prontamente tener al Rector y a su equipo por nuestra comuna para poder firmar algunos acuerdos que permitan a nuestros alumnos y alumnas poder acceder a este CFT\u201d indicaba Marcos Silva.<\/p>\n<p style=\"text-align: justify;\">De la importancia que tiene para el CFT el acercarse a los Alcaldes para desarrollar proyectos educativos en conjunto el Sr. Rector se\u00f1alaba \u201cpara nosotros fue muy importante reunirnos con el Alcalde y con su Administrador Municipal, porqu\u00e9 nuestra mirada en una primera etapa , \u00a0tiene que ser hac\u00eda el litoral, hay un concepto muy potente en la zona que es el \u201cmar interior\u201d, por tanto estar con el Alcalde de Las Guaitecas es ir cumpliendo este objetivo y tambi\u00e9n poder ofertar nuestras carreras a estas comunidades\u201d dec\u00eda V\u00edctor Hugo \u00c1lvarez.<\/p>\n<p style=\"text-align: justify;\">Mencionar que en las pr\u00f3ximas semanas el CFT Estatal de Ays\u00e9n concurrir\u00e1 hasta Melinka para poder acercar la oferta acad\u00e9mica a la comunidad isle\u00f1a.<\/p>\n<p>En dicho encuentro adem\u00e1s participaron el Fiscal de la casa de estudios Sr. Selim Carrasco y el Administrador Municipal Sr. Nader Zeidan.<\/p>\n<\/div><\/section><\/div><div  style='height:50px' class='hr hr-invisible   avia-builder-el-6  el_after_av_one_full  el_before_av_social_share '><span class='hr-inner ' ><span class='hr-inner-style'><\/span><\/span><\/div><\/p>\n<div  class='av-social-sharing-box  avia-builder-el-7  el_after_av_hr  el_before_av_hr  '><div class='av-share-box'><h5 class='av-share-link-description av-no-toc '>Compartir esta noticia<\/h5><ul class='av-share-box-list noLightbox'><li class='av-share-link av-social-link-facebook' ><a target=\"_blank\" aria-label=\"Compartir en Facebook\" href='https:\/\/www.facebook.com\/sharer.php?u=https:\/\/radiorevelacionfm.cl\/?p=18071&#038;t=Rector%20del%20CFT%20Estatal%20de%20Ays%C3%A9n%20sostiene%20importante%20reuni%C3%B3n%20de%20trabajo%20con%20alcalde%20de%20Melinka' aria-hidden='false' data-av_icon='\ue8f3' data-av_iconfont='entypo-fontello' title='' data-avia-related-tooltip='Compartir en Facebook' rel=\"noopener\"><span class='avia_hidden_link_text'>Compartir en Facebook<\/span><\/a><\/li><li class='av-share-link av-social-link-twitter' ><a target=\"_blank\" aria-label=\"Compartir en Twitter\" href='https:\/\/twitter.com\/share?text=Rector%20del%20CFT%20Estatal%20de%20Ays%C3%A9n%20sostiene%20importante%20reuni%C3%B3n%20de%20trabajo%20con%20alcalde%20de%20Melinka&#038;url=https:\/\/radiorevelacionfm.cl\/?p=18071' aria-hidden='false' data-av_icon='\ue8f1' data-av_iconfont='entypo-fontello' title='' data-avia-related-tooltip='Compartir en Twitter' rel=\"noopener\"><span class='avia_hidden_link_text'>Compartir en Twitter<\/span><\/a><\/li><li class='av-share-link av-social-link-whatsapp' ><a target=\"_blank\" aria-label=\"Compartir en Whatsapp\" href='https:\/\/api.whatsapp.com\/send?text=https:\/\/radiorevelacionfm.cl\/?p=18071' aria-hidden='false' data-av_icon='\uf232' data-av_iconfont='entypo-fontello' title='' data-avia-related-tooltip='Compartir en Whatsapp' rel=\"noopener\"><span class='avia_hidden_link_text'>Compartir en Whatsapp<\/span><\/a><\/li><li class='av-share-link av-social-link-linkedin' ><a target=\"_blank\" aria-label=\"Compartir en LinkedIn\" href='https:\/\/linkedin.com\/shareArticle?mini=true&#038;title=Rector%20del%20CFT%20Estatal%20de%20Ays%C3%A9n%20sostiene%20importante%20reuni%C3%B3n%20de%20trabajo%20con%20alcalde%20de%20Melinka&#038;url=https:\/\/radiorevelacionfm.cl\/?p=18071' aria-hidden='false' data-av_icon='\ue8fc' data-av_iconfont='entypo-fontello' title='' data-avia-related-tooltip='Compartir en LinkedIn' rel=\"noopener\"><span class='avia_hidden_link_text'>Compartir en LinkedIn<\/span><\/a><\/li><li class='av-share-link av-social-link-mail' ><a  aria-label=\"Compartir por correo\" href='mailto:?subject=Rector%20del%20CFT%20Estatal%20de%20Ays%C3%A9n%20sostiene%20importante%20reuni%C3%B3n%20de%20trabajo%20con%20alcalde%20de%20Melinka&#038;body=https:\/\/radiorevelacionfm.cl\/?p=18071' aria-hidden='false' data-av_icon='\ue805' data-av_iconfont='entypo-fontello' title='' data-avia-related-tooltip='Compartir por correo'><span class='avia_hidden_link_text'>Compartir por correo<\/span><\/a><\/li><\/ul><\/div><\/div>\n<div  style='height:50px' class='hr hr-invisible   avia-builder-el-8  el_after_av_social_share  el_before_av_comments_list '><span class='hr-inner ' ><span class='hr-inner-style'><\/span><\/span><\/div>\n<div  class='av-buildercomment  av-blog-meta-html-info-disabled av-blog-meta-tag-disabled  '><\/div>\n","protected":false},"excerpt":{"rendered":"","protected":false},"author":1,"featured_media":18072,"comment_status":"open","ping_status":"open","sticky":false,"template":"","format":"standard","meta":{"footnotes":""},"categories":[38],"tags":[],"class_list":["post-18071","post","type-post","status-publish","format-standard","has-post-thumbnail","hentry","category-regional"],"jetpack_featured_media_url":"https:\/\/radiorevelacionfm.cl\/wp-content\/uploads\/2022\/06\/20220610_121347-1-1.jpg","_links":{"self":[{"href":"https:\/\/radiorevelacionfm.cl\/index.php?rest_route=\/wp\/v2\/posts\/18071","targetHints":{"allow":["GET"]}}],"collection":[{"href":"https:\/\/radiorevelacionfm.cl\/index.php?rest_route=\/wp\/v2\/posts"}],"about":[{"href":"https:\/\/radiorevelacionfm.cl\/index.php?rest_route=\/wp\/v2\/types\/post"}],"author":[{"embeddable":true,"href":"https:\/\/radiorevelacionfm.cl\/index.php?rest_route=\/wp\/v2\/users\/1"}],"replies":[{"embeddable":true,"href":"https:\/\/radiorevelacionfm.cl\/index.php?rest_route=%2Fwp%2Fv2%2Fcomments&post=18071"}],"version-history":[{"count":2,"href":"https:\/\/radiorevelacionfm.cl\/index.php?rest_route=\/wp\/v2\/posts\/18071\/revisions"}],"predecessor-version":[{"id":18081,"href":"https:\/\/radiorevelacionfm.cl\/index.php?rest_route=\/wp\/v2\/posts\/18071\/revisions\/18081"}],"wp:featuredmedia":[{"embeddable":true,"href":"https:\/\/radiorevelacionfm.cl\/index.php?rest_route=\/wp\/v2\/media\/18072"}],"wp:attachment":[{"href":"https:\/\/radiorevelacionfm.cl\/index.php?rest_route=%2Fwp%2Fv2%2Fmedia&parent=18071"}],"wp:term":[{"taxonomy":"category","embeddable":true,"href":"https:\/\/radiorevelacionfm.cl\/index.php?rest_route=%2Fwp%2Fv2%2Fcategories&post=18071"},{"taxonomy":"post_tag","embeddable":true,"href":"https:\/\/radiorevelacionfm.cl\/index.php?rest_route=%2Fwp%2Fv2%2Ftags&post=18071"}],"curies":[{"name":"wp","href":"https:\/\/api.w.org\/{rel}","templated":true}]}}